{"id":341135,"date":"2026-09-02T09:00:25","date_gmt":"2026-09-02T09:00:25","guid":{"rendered":"https:\/\/www.europesays.com\/no\/341135\/"},"modified":"2026-09-02T09:00:25","modified_gmt":"2026-09-02T09:00:25","slug":"bokanmeldelse-anmeldelse-bok-to-i-ny-trilogi-vaim-hotell","status":"publish","type":"post","link":"https:\/\/www.europesays.com\/no\/341135\/","title":{"rendered":"Bokanmeldelse: Anmeldelse bok to i ny trilogi: \u00abVaim Hotell\u00bb"},"content":{"rendered":"\n<p class=\"_prefix_nfjwc_1\">Bokanmeldelse\u00abVaim Hotell\u00bb<\/p>\n<p>Terningkast 5<\/p>\n<p class=\"_lead_145nj_2 _lead_6fko5_53 layout-component text-serif-m layout-normal text-serif-l _lead_1k67c_21 layout-component layout-normal layout-padded layout-padded\">Er du klar for et kresent stykke absurd uhygge? Nobelprisvinneren Jon Fosse skrur til paranoiaen mange hakk i sin nye, ganske skumle roman.<\/p>\n<p>Jeg har jobbet med litteratur og journalistikk hele mitt voksne liv. Har bakgrunn som forlagsredakt\u00f8r, og som journalist i blant annet Aftenposten, Dagbladet og Morgenbladet. Jeg har ogs\u00e5 v\u00e6rt redakt\u00f8r av tidsskriftet Prosa, og skrevet fem sakprosab\u00f8ker. Bokanmelder i VG siden 2004. <\/p>\n<p><a href=\"https:\/\/www.vg.no\/rampelys\/i\/q67jb0\/mailto:sindre.hovdenakk64@gmail.com\" class=\"_button_6bkpv_2 button-label-large _filled_6bkpv_106 _button_1xhag_75\" rel=\"nofollow noopener\" target=\"_blank\">E-post<\/a><img alt=\" Foto: Agnete Brun\/Samlaget\" class=\"_image_jw3bv_65 layout-component layout-wide\" data-fullscreen- data-track-element-type=\"Article image fullscreen\" data-track-name=\"ImageFullscreen\" fetchpriority=\"high\" decoding=\"sync\" loading=\"eager\" height=\"4230\" itemprop=\"image\"  src=\"https:\/\/www.europesays.com\/no\/wp-content\/uploads\/2026\/09\/e174e25c-6c00-36a2-9eed-a34e8c863aae.jpeg\"  style=\"object-position:0% 0%\" width=\"5915\"\/> Foto: Agnete Brun\/SamlagetOnsdag 2. september kl. 09:05     <\/p>\n<p class=\"_paragraph_145nj_4 _paragraph_6fko5_10 layout-component text-serif-m layout-normal text-serif-m layout-padded\">Velkommen tilbake til <a href=\"https:\/\/www.vg.no\/tag\/jon-fosse?utm_source=vg-article&amp;utm_medium=auto-tagger&amp;utm_campaign=q67jb0\" class=\"_link_145nj_39\" rel=\"nofollow noopener\" target=\"_blank\">Jon Fosses<\/a> univers. En verden av hektisk monotoni, kvernende tankekj\u00f8r, manipulerende kvinner og ettergivende menn.<\/p>\n<p class=\"_paragraph_145nj_4 _paragraph_6fko5_10 layout-component text-serif-m layout-normal text-serif-m layout-padded\"><strong class=\"_strong_145nj_25\">\u00abVaim Hotell\u00bb er den andre boken i en varslet trilogi.<\/strong> <\/p>\n<p class=\"_paragraph_145nj_4 _paragraph_6fko5_10 layout-component text-serif-m layout-normal text-serif-m layout-padded\">I fjor\u00e5rets bok, som bare het \u00abVaim\u00bb, ble vi introdusert for vestlandsbygda med samme navn. Dette er velkjent Fosse-territorium. N\u00e6rmeste storby heter Bj\u00f8rgvin (Bergen), og vi befinner oss hele veien i et typisk fjordlandskap.<\/p>\n<p class=\"font-weight-semi-bold color-accent label-medium _label_1kitn_21\">Anmeldelse<\/p>\n<p> \u00abVaim Hotell\u00bb<\/p>\n<p class=\"_paragraph_145nj_4 _paragraph_6fko5_10 _paragraph_1kitn_11 layout-component text-serif-m layout-normal text-sans-m layout-padded\">Forfatter: Jon Fosse<\/p>\n<p class=\"_paragraph_145nj_4 _paragraph_6fko5_10 _paragraph_1kitn_11 layout-component text-serif-m layout-normal text-sans-m layout-padded\">Sjanger: Roman<\/p>\n<p class=\"_paragraph_145nj_4 _paragraph_6fko5_10 _paragraph_1kitn_11 layout-component text-serif-m layout-normal text-sans-m layout-padded\">Forlag: Samlaget<\/p>\n<p class=\"_paragraph_145nj_4 _paragraph_6fko5_10 _paragraph_1kitn_11 layout-component text-serif-m layout-normal text-sans-m layout-padded\">Sider: 175<\/p>\n<p class=\"_paragraph_145nj_4 _paragraph_6fko5_10 _paragraph_1kitn_11 layout-component text-serif-m layout-normal text-sans-m layout-padded\">Pris: 429<\/p>\n<p>Vis mer<\/p>\n<p class=\"label-small label-secondary\">annonse<\/p>\n<p><img decoding=\"async\" alt=\"\" class=\"_image_1uqve_43\" loading=\"lazy\" src=\"https:\/\/www.europesays.com\/no\/wp-content\/uploads\/2026\/09\/default-Rvwfq-Z9.jpg\"\/><\/p>\n<p class=\"title-large _title_1uqve_54\">Kj\u00f8p boken<\/p>\n<p><strong>\u00abVaim hotell\u00bb<\/strong><br \/>\nAnnonselenker <\/p>\n<p>\nDe eksterne lenkene i denne annonsen f\u00f8rer til nettbutikker der VG<br \/>\n            f\u00e5r en provisjon av eventuelle salg. Inntektene bidrar til \u00e5<br \/>\n            finansiere det journalistiske arbeidet i VG. Redaksjonen prioriterer<br \/>\n            uavhengig av dette. VGs samfunnsoppdrag og rolle som uavhengig<br \/>\n            redaksjonell gransker p\u00e5virkes derfor ikke av dette innholdet.\n<\/p>\n<p class=\"_paragraph_145nj_4 _paragraph_6fko5_10 layout-component text-serif-m layout-normal text-serif-m layout-padded\">\u00c5rets bok starter med at den navnl\u00f8se hovedpersonen setter seg i den nyinnkj\u00f8pte bilen sin for \u00e5 ta en tur til sm\u00e5stedet Vaim. Hvorfor vet vi ikke, men han har med seg to fulle kofferter og en skulderveske, noe som kan tyde p\u00e5 at oppholdet er ment \u00e5 bli langvarig.<\/p>\n<p class=\"_paragraph_145nj_4 _paragraph_6fko5_10 layout-component text-serif-m layout-normal text-serif-m layout-padded\"><strong class=\"_strong_145nj_25\">Ved ankomsten til Vaim Hotell starter det som best kan beskrives som et gotisk kammerspill. <\/strong><\/p>\n<p class=\"_paragraph_145nj_4 _paragraph_6fko5_10 layout-component text-serif-m layout-normal text-serif-m layout-padded\">Hotelleieren, resepsjonisten og kaf\u00e9vertinnen Brita starter en innviklet, psykologisk lek med det som tilsynelatende er hennes eneste gjest.<\/p>\n<p class=\"_paragraph_145nj_4 _paragraph_6fko5_10 layout-component text-serif-m layout-normal text-serif-m layout-padded\">Som en edderkopp fanger hun ham inn i spinnet sitt, det er som om hun sakte, men sikkert trekker all egenvilje ut av ham og f\u00e5r ham til \u00e5 gj\u00f8re akkurat det hun vil. Allerede her er parallellene til fjor\u00e5rets roman sv\u00e6rt tydelige.<\/p>\n<p class=\"_paragraph_145nj_4 _paragraph_6fko5_10 layout-component text-serif-m layout-normal text-serif-m layout-padded\">Jeg-personen (rettere sagt eg-personen) er en mann som lett lar seg avlede og bringe ut av likevekt.<\/p>\n<p class=\"_paragraph_145nj_4 _paragraph_6fko5_10 layout-component text-serif-m layout-normal text-serif-m layout-padded\">Han klarer ikke \u00e5 st\u00e5 imot n\u00e5r Brita strammer grepet om ham, gjennoms\u00f8ker bagasjen hans, holder tilbake eiendelene hans og ganske enkelt bestemmer hva han skal gj\u00f8re.<\/p>\n<p class=\"_paragraph_145nj_4 _paragraph_6fko5_10 layout-component text-serif-m layout-normal text-serif-m layout-padded\"><strong class=\"_strong_145nj_25\">I bakgrunnen lusker den like manipulerende Handelsmannen.<\/strong><\/p>\n<p><img alt=\"Jon Fosse fra en seremoni i svenske Lund domkirke i fjor - da han ble en av 14 \u00e6resdoktorer.  Foto: Johan Nilsson \/ TT \/ TT Nyhetsbyr\u00e5n \/ NTB\" class=\"_image_jw3bv_65 layout-component layout-normal\" data-fullscreen- data-track-element-type=\"Article image fullscreen\" data-track-name=\"ImageFullscreen\" decoding=\"async\" loading=\"lazy\" height=\"4947\" itemprop=\"image\"  src=\"https:\/\/www.europesays.com\/no\/wp-content\/uploads\/2026\/09\/a206fa35-d28c-31bf-898f-136d0e91ffff.jpeg\"  style=\"object-position:0% 0%\" width=\"5483\"\/>Jon Fosse fra en seremoni i svenske Lund domkirke i fjor &#8211; da han ble en av 14 \u00e6resdoktorer.  Foto: Johan Nilsson \/ TT \/ TT Nyhetsbyr\u00e5n \/ NTB<\/p>\n<p class=\"_paragraph_145nj_4 _paragraph_6fko5_10 layout-component text-serif-m layout-normal text-serif-m layout-padded\">Jeg-personen blir i tillegg forstyrret av at flere p\u00e5 den vesle plassen mener \u00e5 ha sett ham f\u00f8r. Paranoiaen skrur seg til, og jo mer grepet strammes, desto mer visner hans egen handlekraft. Det er som om han blir satt helt ut av spill.<\/p>\n<p class=\"_paragraph_145nj_4 _paragraph_6fko5_10 layout-component text-serif-m layout-normal text-serif-m layout-padded\">B\u00e5de han og leseren f\u00f8ler seg til sist stengt inne i en klaustrofobisk glasskule.<\/p>\n<p class=\"_paragraph_145nj_4 _paragraph_6fko5_10 layout-component text-serif-m layout-normal text-serif-m layout-padded\">Ingen Fosse-roman uten et tydelig dobbeltgjengermotiv. Slik ogs\u00e5 i \u00abVaim Hotell\u00bb, der skikkelser fra fjor\u00e5rets bok sp\u00f8ker i bakgrunnen.<\/p>\n<p class=\"_paragraph_145nj_4 _paragraph_6fko5_10 layout-component text-serif-m layout-normal text-serif-m layout-padded\">En viktig hovedkarakter er snekka \u00abEline\u00bb, som ogs\u00e5 hadde en sentral rolle i \u00abVaim\u00bb. N\u00e5 ligger hun til kai, men hvem er egentlig Sj\u00f8mannen, han som sover i b\u00e5ten og ellers drikker \u00f8l p\u00e5 kafeen til Brita? Kjenner vi ham fra f\u00f8r?<\/p>\n<p class=\"_paragraph_145nj_4 _paragraph_6fko5_10 layout-component text-serif-m layout-normal text-serif-m layout-padded\">Og hva med den m\u00f8rke og flyktige kvinneskikkelsen som hovedpersonen ser i vinduet p\u00e5 det tilsynelatende fraflyttede huset ved siden av hotellet? Er det ikke noe velkjent ogs\u00e5 med henne?<\/p>\n<p><img alt=\"Dav\u00e6rende kronprinsesse Mette-Marit gir Jon Fosse en klem under \u00e5rets Fosseforedrag p\u00e5 Slottet tidligere i \u00e5r.  Foto: Javad Parsa \/ NTB\" class=\"_image_jw3bv_65 layout-component layout-normal\" data-fullscreen- data-track-element-type=\"Article image fullscreen\" data-track-name=\"ImageFullscreen\" decoding=\"async\" loading=\"lazy\" height=\"5240\" itemprop=\"image\"  src=\"https:\/\/www.europesays.com\/no\/wp-content\/uploads\/2026\/09\/49c7c767-b2f4-3406-8647-0e9b7284ef3b.jpeg\"  style=\"object-position:0% 0%\" width=\"7856\"\/>Dav\u00e6rende kronprinsesse Mette-Marit gir Jon Fosse en klem under \u00e5rets Fosseforedrag p\u00e5 Slottet tidligere i \u00e5r.  Foto: Javad Parsa \/ NTB<\/p>\n<p class=\"_paragraph_145nj_4 _paragraph_6fko5_10 layout-component text-serif-m layout-normal text-serif-m layout-padded\">Mot slutten av denne lille romanen er det Brita som forteller sin versjon av historien. Uten \u00e5 r\u00f8pe for mye, kan jeg vel si at den f\u00f8rste jeg-fortelleren, som Brita bare kaller Gjesten, viser seg \u00e5 f\u00f8re med seg en ny og annerledes frihet for henne.<\/p>\n<p class=\"_paragraph_145nj_4 _paragraph_6fko5_10 layout-component text-serif-m layout-normal text-serif-m layout-padded\">Prisen Gjesten m\u00e5 betale for oppholdet hos Brita skal riktignok bli sv\u00e6rt h\u00f8y.\u00a0<\/p>\n<p class=\"_paragraph_145nj_4 _paragraph_6fko5_10 layout-component text-serif-m layout-normal text-serif-m layout-padded\">Klarer du f\u00f8rst \u00e5 venne deg til gjentakelsene og det n\u00e6rmest kvernende spr\u00e5ket hos Jon Fosse, venter det en fin leseropplevelse. \u00abVaim Hotell\u00bb inneholder dialoger og scener som minner om Samuel Beckett, det absurde teaterets mester.<\/p>\n<p class=\"_paragraph_145nj_4 _paragraph_6fko5_10 layout-component text-serif-m layout-normal text-serif-m layout-padded\">Som vanlig hos Fosse er romanen skrevet uten et eneste punktum. Men naturlige pauser i fortellingen hjelper godt p\u00e5 leserytmen.<\/p>\n<p class=\"_paragraph_145nj_4 _paragraph_6fko5_10 layout-component text-serif-m layout-normal text-serif-m layout-padded\">Det som virkelig l\u00f8fter boken opp p\u00e5 et h\u00f8yt niv\u00e5, er den helt s\u00e6regne, rene klangen i spr\u00e5ket.<\/p>\n<p class=\"_paragraph_145nj_4 _paragraph_6fko5_10 layout-component text-serif-m layout-normal text-serif-m layout-padded\">Ingen skriver nynorsk som Jon Fosse.<\/p>\n<p>Les ogs\u00e5<\/p>\n","protected":false},"excerpt":{"rendered":"Bokanmeldelse\u00abVaim Hotell\u00bb Terningkast 5 Er du klar for et kresent stykke absurd uhygge? Nobelprisvinneren Jon Fosse skrur til&hellip;\n","protected":false},"author":2,"featured_media":341136,"comment_status":"","ping_status":"","sticky":false,"template":"","format":"standard","meta":{"footnotes":"","_share_on_mastodon":"0"},"categories":[58],"tags":[150,124,71,1445,152,30,28,29,72],"class_list":["post-341135","post","type-post","status-publish","format-standard","has-post-thumbnail","category-underholdning","tag-bok","tag-bokanmeldelse","tag-entertainment","tag-jon-fosse","tag-litteratur","tag-no","tag-norge","tag-norway","tag-underholdning"],"share_on_mastodon":{"url":"https:\/\/pubeurope.com\/@no\/117200632976084375","error":""},"_links":{"self":[{"href":"https:\/\/www.europesays.com\/no\/wp-json\/wp\/v2\/posts\/341135","targetHints":{"allow":["GET"]}}],"collection":[{"href":"https:\/\/www.europesays.com\/no\/wp-json\/wp\/v2\/posts"}],"about":[{"href":"https:\/\/www.europesays.com\/no\/wp-json\/wp\/v2\/types\/post"}],"author":[{"embeddable":true,"href":"https:\/\/www.europesays.com\/no\/wp-json\/wp\/v2\/users\/2"}],"replies":[{"embeddable":true,"href":"https:\/\/www.europesays.com\/no\/wp-json\/wp\/v2\/comments?post=341135"}],"version-history":[{"count":0,"href":"https:\/\/www.europesays.com\/no\/wp-json\/wp\/v2\/posts\/341135\/revisions"}],"wp:featuredmedia":[{"embeddable":true,"href":"https:\/\/www.europesays.com\/no\/wp-json\/wp\/v2\/media\/341136"}],"wp:attachment":[{"href":"https:\/\/www.europesays.com\/no\/wp-json\/wp\/v2\/media?parent=341135"}],"wp:term":[{"taxonomy":"category","embeddable":true,"href":"https:\/\/www.europesays.com\/no\/wp-json\/wp\/v2\/categories?post=341135"},{"taxonomy":"post_tag","embeddable":true,"href":"https:\/\/www.europesays.com\/no\/wp-json\/wp\/v2\/tags?post=341135"}],"curies":[{"name":"wp","href":"https:\/\/api.w.org\/{rel}","templated":true}]}}