{"id":341145,"date":"2026-09-02T09:05:20","date_gmt":"2026-09-02T09:05:20","guid":{"rendered":"https:\/\/www.europesays.com\/no\/341145\/"},"modified":"2026-09-02T09:05:20","modified_gmt":"2026-09-02T09:05:20","slug":"ap-politikeren-brot-fotoforbudet-beklager-sa-mye","status":"publish","type":"post","link":"https:\/\/www.europesays.com\/no\/341145\/","title":{"rendered":"Ap-politikeren br\u00f8t fotoforbudet: \u2013 Beklager s\u00e5 mye"},"content":{"rendered":"\n<p class=\"_lead_145nj_2 _lead_6fko5_53 layout-component text-serif-m layout-normal text-serif-l layout-component layout-wide layout-padded _wide_17hqh_1 layout-padded\">Stortingsrepresentant June Gruer (25) tok flere bilder inne i Slottskapellet. <\/p>\n<p> <img class=\"_image_jw3bv_65 layout-component layout-wide\" data-fullscreen- data-track-element-type=\"Article image fullscreen\" data-track-name=\"ImageFullscreen\" fetchpriority=\"high\" decoding=\"sync\" loading=\"eager\" height=\"181\" itemprop=\"image\"  src=\"https:\/\/www.europesays.com\/no\/wp-content\/uploads\/2026\/09\/c1cfb0e81e996181b5bacf8e4a3bc60a.jpg\"  style=\"object-position:50% 50%;aspect-ratio:1.75;height:auto;object-fit:cover;width:100%\" width=\"102\"\/>  <\/p>\n<ul aria-hidden=\"true\" class=\"_images_ntbth_112\">\n<li><a class=\"_link_ntbth_117\" href=\"https:\/\/www.vg.no\/forfatter\/marius-medby\" style=\"z-index:2\" title=\"Marius Medby\" rel=\"nofollow noopener\" target=\"_blank\"><img alt=\"Bilde av Marius Medby\" class=\"_image_ntbth_93\" fetchpriority=\"low\" loading=\"lazy\" decoding=\"async\" itemprop=\"image\"  src=\"https:\/\/www.europesays.com\/no\/wp-content\/uploads\/2026\/09\/1788339916_881_7fce7743-7f51-4a52-810a-ae43b183c86f.jpeg\"  width=\"480\"\/><\/a><\/li>\n<li><a class=\"_link_ntbth_117\" href=\"https:\/\/www.vg.no\/forfatter\/emilie-juell-moemb\" style=\"z-index:1\" title=\"Emilie Juell M\u00f8mb\" rel=\"nofollow noopener\" target=\"_blank\"><img alt=\"Bilde av Emilie Juell M\u00f8mb\" class=\"_image_ntbth_93\" fetchpriority=\"low\" loading=\"lazy\" decoding=\"async\" itemprop=\"image\"  src=\"https:\/\/www.europesays.com\/no\/wp-content\/uploads\/2026\/09\/75a13ffa-6bad-4c88-a692-479c3111d196.jpeg\"  width=\"480\"\/><\/a><\/li>\n<\/ul>\n<p> Oppdatert onsdag 2. september kl. 11:02    <\/p>\n<ul class=\"_list_145nj_3 _list_64s2r_85 _unordered_145nj_106 text-sans-m\">\n<li class=\"_item_145nj_30\">Stortingsrepresentant June Gruer tok bilder inne i Slottskapellet til tross for fotoforbud.<\/li>\n<li class=\"_item_145nj_30\">Gruer hevder hun ikke var klar over forbudet og har slettet bildene.<\/li>\n<li class=\"_item_145nj_30\">Et stort skilt utenfor kapellet og informasjon p\u00e5 Kongehusets nettsider formidler fotoreglene.<\/li>\n<li class=\"_item_145nj_30\">Gruer beklager og \u00f8nsker hun hadde fulgt fotoforbudet.<\/li>\n<\/ul>\n<p>Vis mer <\/p>\n<p class=\"_paragraph_145nj_4 _paragraph_6fko5_10 layout-component text-serif-m layout-normal text-serif-m layout-padded\">Onsdag morgen slapp stortingsrepresentantene inn i Slottskapellet for \u00e5 defileredefilereBrukes om en rekke personer som passerer forbi noe, for eksempel s\u00f8rgende som g\u00e5r forbi en kiste, eller en oppvisning og presentasjon av deltakere. forbi kong Haralds b\u00e5re i Slottskapellet. <\/p>\n<p class=\"_paragraph_145nj_4 _paragraph_6fko5_10 layout-component text-serif-m layout-normal text-serif-m layout-padded\">Hele seansen ble sendt p\u00e5 TV, og det var et strengt fotoforbud inne i Slottskapellet. <\/p>\n<p class=\"_paragraph_145nj_4 _paragraph_6fko5_10 layout-component text-serif-m layout-normal text-serif-m layout-padded\">Men det var det ikke alle som fikk med seg. <\/p>\n<p><img alt=\"Her tar stortingsrepresentanten flere bilder.  Foto: Skjermdump\" class=\"_image_jw3bv_65 layout-component layout-normal\" data-fullscreen- data-track-element-type=\"Article image fullscreen\" data-track-name=\"ImageFullscreen\" decoding=\"async\" loading=\"lazy\" height=\"1080\" itemprop=\"image\"  src=\"https:\/\/www.europesays.com\/no\/wp-content\/uploads\/2026\/09\/f038c7ad-eb02-3771-88a6-2c3b792dca62.jpeg\"  style=\"object-position:0% 0%\" width=\"1920\"\/>Her tar stortingsrepresentanten flere bilder.  Foto: Skjermdump<\/p>\n<p class=\"_paragraph_145nj_4 _paragraph_6fko5_10 layout-component text-serif-m layout-normal text-serif-m layout-padded\">For June Gruer (Ap) tok bilder i tre ulike omganger mens hun sto i k\u00f8 inne i kapellet. Mobilen ble lagt i lommen rett f\u00f8r hun skulle vise kong Harald en siste \u00e6re. <\/p>\n<p class=\"_paragraph_145nj_4 _paragraph_6fko5_10 layout-component text-serif-m layout-normal text-serif-m layout-padded\"><a href=\"https:\/\/www.nettavisen.no\/nyheter\/her-bryter-ap-politikeren-fotoforbudet-foran-kong-haralds-bare\/s\/80-95-48185\" class=\"_link_145nj_39\" rel=\"nofollow noopener\" target=\"_blank\">Nettavisen<\/a> omtalte saken f\u00f8rst. <\/p>\n<p class=\"_paragraph_145nj_4 _paragraph_6fko5_10 layout-component text-serif-m layout-normal text-serif-m layout-padded\">Til VG sier Gruer at hun har slettet bildene. <\/p>\n<p class=\"_paragraph_145nj_4 _paragraph_6fko5_10 layout-component text-serif-m layout-normal text-serif-m layout-padded\">\u2013 Jeg ble gjort oppmerksom p\u00e5 at det er bildeforbud i etterkant av defileringen, det var jeg ikke klar over i forkant. Bildene er slettet. <\/p>\n<p class=\"_paragraph_145nj_4 _paragraph_6fko5_10 layout-component text-serif-m layout-normal text-serif-m layout-padded\">If\u00f8lge Nettavisen er det to store skilt som viser fotoforbud rett utenfor Kapellet. Ogs\u00e5 p\u00e5 Kongehusets nettsider st\u00e5r det om fotoforbudet. <\/p>\n<p class=\"_paragraph_145nj_4 _paragraph_6fko5_10 layout-component text-serif-m layout-normal text-serif-m layout-padded\">Gruer sier videre at hun ikke hadde f\u00e5tt med seg fotoreglene. <\/p>\n<p class=\"_paragraph_145nj_4 _paragraph_6fko5_10 layout-component text-serif-m layout-normal text-serif-m layout-padded\">\u2013 Det burde jeg helt \u00e5penbart gjort, og jeg beklager s\u00e5 mye for at dette glapp. Det er viktig for meg \u00e5 vise respekt i den perioden vi er i, og skulle gjerne hatt dette ugjort, skriver hun i en tekstmelding. <\/p>\n<p class=\"_paragraph_145nj_4 _paragraph_6fko5_10 layout-component text-serif-m layout-normal text-serif-m layout-padded\">I forrige uke <a href=\"https:\/\/www.vg.no\/nyheter\/i\/16d28q\/landesorgen-dette-lurer-alle-paa\" data-track-element-type=\"Link\" data-track-id=\"link:16d28q\" class=\"_link_145nj_39\" rel=\"nofollow noopener\" target=\"_blank\">pratet VG med obsert og heraldiker Jan Eide (83).<\/a> <\/p>\n<p class=\"_paragraph_145nj_4 _paragraph_6fko5_10 layout-component text-serif-m layout-normal text-serif-m layout-padded\">Han fortalte at mobiltelefonen b\u00f8r bli v\u00e6rende i lommen allerede fra da man stiller seg i k\u00f8en til Slottskapellet. <\/p>\n<p class=\"_paragraph_145nj_4 _paragraph_6fko5_10 layout-component text-serif-m layout-normal text-serif-m layout-padded\"><strong class=\"_strong_145nj_25\">\u2013 N\u00e5r man st\u00e5r i k\u00f8, har man startet p\u00e5 prosedyren, sa han.<\/strong><\/p>\n<p><img decoding=\"async\" alt=\"Bilde av Jan Eide (83)\" class=\"_image_148z4_25\" height=\"46\" itemprop=\"image\" loading=\"lazy\"  src=\"https:\/\/www.europesays.com\/no\/wp-content\/uploads\/2026\/09\/1cb3508b-eac1-30af-8729-23d43a647d42.png\"  width=\"40\"\/><strong class=\"_name_148z4_34 title-serif-xs\">Jan Eide (83)<\/strong><\/p>\n<p class=\"_paragraph_145nj_4 text-sans-m _description_148z4_39\">Oberst og heraldiker<\/p>\n<p class=\"_paragraph_145nj_4 _paragraph_6fko5_10 layout-component text-serif-m layout-normal text-serif-m layout-padded\">Han anbefalte ogs\u00e5 \u00e5 sette mobilen p\u00e5 lydl\u00f8s eller flymodus, og la v\u00e6re \u00e5 fotografere ved b\u00e5ren. <\/p>\n<p class=\"_paragraph_145nj_4 _paragraph_6fko5_10 layout-component text-serif-m layout-normal text-serif-m layout-padded\">\u2013 Jeg synes ikke man skal ta bilder. Det kommer til \u00e5 bli tatt s\u00e5 mange offisielle bilder. Man skal ikke ta opp telefonen, sa 83-\u00e5ringen.<\/p>\n<p>    <img decoding=\"async\" alt=\"Tips oss illustrasjon\" src=\"https:\/\/www.europesays.com\/no\/wp-content\/uploads\/2026\/09\/1788339920_248_pssst-small.webp\"\/>    <\/p>\n<p class=\"title-serif-s\">Har du tips?<\/p>\n<p class=\"text-sans-m\">Send oss informasjon, bilder eller video.<\/p>\n<p>  <a href=\"https:\/\/www.vg.no\/tips-oss\" rel=\"nofollow noopener\" target=\"_blank\"> Tips oss <\/a>      <\/p>\n","protected":false},"excerpt":{"rendered":"Stortingsrepresentant June Gruer (25) tok flere bilder inne i Slottskapellet. Oppdatert onsdag 2. september kl. 11:02 Stortingsrepresentant June&hellip;\n","protected":false},"author":2,"featured_media":341146,"comment_status":"","ping_status":"","sticky":false,"template":"","format":"standard","meta":{"footnotes":"","_share_on_mastodon":"0"},"categories":[5],"tags":[31,20,21,24,25,25648,15,19,26243,26105,22,23,17,18,13,30,28,29,14,16,26,27],"class_list":["post-341145","post","type-post","status-publish","format-standard","has-post-thumbnail","category-overskrifter","tag-breaking","tag-breaking-news","tag-breakingnews","tag-featured-news","tag-featurednews","tag-fotografering","tag-headlines","tag-hovedoppslag","tag-june-gruer","tag-kong-harald-5","tag-latest-news","tag-latestnews","tag-main-news","tag-mainnews","tag-news","tag-no","tag-norge","tag-norway","tag-nyheter","tag-overskrifter","tag-top-stories","tag-topstories"],"share_on_mastodon":{"url":"https:\/\/pubeurope.com\/@no\/117200652626071837","error":""},"_links":{"self":[{"href":"https:\/\/www.europesays.com\/no\/wp-json\/wp\/v2\/posts\/341145","targetHints":{"allow":["GET"]}}],"collection":[{"href":"https:\/\/www.europesays.com\/no\/wp-json\/wp\/v2\/posts"}],"about":[{"href":"https:\/\/www.europesays.com\/no\/wp-json\/wp\/v2\/types\/post"}],"author":[{"embeddable":true,"href":"https:\/\/www.europesays.com\/no\/wp-json\/wp\/v2\/users\/2"}],"replies":[{"embeddable":true,"href":"https:\/\/www.europesays.com\/no\/wp-json\/wp\/v2\/comments?post=341145"}],"version-history":[{"count":0,"href":"https:\/\/www.europesays.com\/no\/wp-json\/wp\/v2\/posts\/341145\/revisions"}],"wp:featuredmedia":[{"embeddable":true,"href":"https:\/\/www.europesays.com\/no\/wp-json\/wp\/v2\/media\/341146"}],"wp:attachment":[{"href":"https:\/\/www.europesays.com\/no\/wp-json\/wp\/v2\/media?parent=341145"}],"wp:term":[{"taxonomy":"category","embeddable":true,"href":"https:\/\/www.europesays.com\/no\/wp-json\/wp\/v2\/categories?post=341145"},{"taxonomy":"post_tag","embeddable":true,"href":"https:\/\/www.europesays.com\/no\/wp-json\/wp\/v2\/tags?post=341145"}],"curies":[{"name":"wp","href":"https:\/\/api.w.org\/{rel}","templated":true}]}}