{"id":34120,"date":"2025-09-13T08:48:08","date_gmt":"2025-09-13T08:48:08","guid":{"rendered":"https:\/\/www.europesays.com\/no\/34120\/"},"modified":"2025-09-13T08:48:08","modified_gmt":"2025-09-13T08:48:08","slug":"jakob-asserson-ingebrigtsen-for-comebacket-jeg-er-spent","status":"publish","type":"post","link":"https:\/\/www.europesays.com\/no\/34120\/","title":{"rendered":"Jakob Asserson Ingebrigtsen f\u00f8r comebacket: \u2013 Jeg er spent"},"content":{"rendered":"\n<p class=\"_lead_ew2ao_2 _lead_xtcu6_50 layout-component text-serif-m layout-normal text-serif-l layout-component layout-wide layout-padded _wide_17hqh_1 layout-padded\">24-\u00e5ringen er usikker p\u00e5 hvor han st\u00e5r foran comebacket &#8211; og s\u00f8ndagens fors\u00f8k p\u00e5 1500 meter i VM. <\/p>\n<p><img alt=\" Foto: Bj\u00f8rn S. Delebekk \/ VG\" class=\"_image_qp4xg_65 layout-component layout-wide\" data-fullscreen- data-track-element-type=\"Article image fullscreen\" data-track-name=\"ImageFullscreen\" fetchpriority=\"high\" decoding=\"sync\" loading=\"eager\" height=\"1536\" itemprop=\"image\"  src=\"https:\/\/www.europesays.com\/no\/wp-content\/uploads\/2025\/09\/9bbde897-4859-4f54-86a2-449746cc0de4\"  style=\"object-position:0% 0%\" width=\"2304\"\/> Foto: Bj\u00f8rn S. Delebekk \/ VGTokyo, Japan Oppdatert l\u00f8rdag 13. september kl. 10:47     <\/p>\n<p class=\"_paragraph_ew2ao_4 _paragraph_xtcu6_10 layout-component text-serif-m layout-normal text-serif-m layout-padded\">\u2013 Jeg er spent, sier Jakob Asserson Ingebrigtsen til pressen i Tokyo.<\/p>\n<p class=\"_paragraph_ew2ao_4 _paragraph_xtcu6_10 layout-component text-serif-m layout-normal text-serif-m layout-padded\"><strong class=\"_strong_ew2ao_25\">Ingebrigtsen har mistet alle konkurranser denne utend\u00f8rssesongen p\u00e5 grunn av en skade i akillesen. Oppladningen har han selv kalt \u00abufattelig d\u00e5rlig\u00bb, \u00abforferdelig\u00bb og \u00abbekm\u00f8rk\u00bb. Han har knapt f\u00e5tt trent med piggskopiggskospesialskoen for l\u00f8ping i friidrett som brukes p\u00e5 baner..<\/strong><\/p>\n<p class=\"_paragraph_ew2ao_4 _paragraph_xtcu6_10 layout-component text-serif-m layout-normal text-serif-m layout-padded\">\u2013 Det er et veldig annerledes utgangspunkt. Jeg tenker at jeg skal komme meg videre fra fors\u00f8k. S\u00e5pass tro p\u00e5 meg selv har jeg. Jeg er spent p\u00e5 \u00e5 springe l\u00f8p. Jeg er en ivrig konkurranseperson som har veldig lett for \u00e5 motivere meg.<\/p>\n<p><img alt=\"Foto: Bj\u00f8rn S. Delebekk \/ VG\" class=\"_image_qp4xg_65 layout-component layout-normal\" data-fullscreen- data-track-element-type=\"Article image fullscreen\" data-track-name=\"ImageFullscreen\" decoding=\"async\" loading=\"lazy\" height=\"1688\" itemprop=\"image\"  src=\"https:\/\/www.europesays.com\/no\/wp-content\/uploads\/2025\/09\/e09abf05-5c9d-4dfc-a8dd-323c88442119\"  style=\"object-position:0% 0%\" width=\"2721\"\/>Foto: Bj\u00f8rn S. Delebekk \/ VG<\/p>\n<p class=\"_paragraph_ew2ao_4 _paragraph_xtcu6_10 layout-component text-serif-m layout-normal text-serif-m layout-padded\">Fors\u00f8ket p\u00e5 1500 meter g\u00e5r fra kl. 02 natt til s\u00f8ndag norsk tid. Ingebrigtsen er i heat med den <a href=\"https:\/\/www.vg.no\/i\/vgM7pw\" data-track-element-type=\"Link\" data-track-id=\"link:vgM7pw\" class=\"_link_ew2ao_39\" rel=\"nofollow noopener\" target=\"_blank\">kenyanske sensasjonen Phanuel K. Koech<\/a>, Jake Wightman som vant i VM 2022, samt Kieran Lumb fra Canada og Jos\u00e9 Carlos Pinto fra Portugal som trenes<a href=\"https:\/\/www.vg.no\/sport\/i\/RzkX6O\/gjert-ingebrigtsen-forlater-vm-i-japan-skuffet-men-stolt\" data-track-element-type=\"Link\" data-track-id=\"link:RzkX6O\" class=\"_link_ew2ao_39\" rel=\"nofollow noopener\" target=\"_blank\"> av faren Gjert Ingebrigtsen.<\/a><\/p>\n<p class=\"_paragraph_ew2ao_4 _paragraph_xtcu6_10 layout-component text-serif-m layout-normal text-serif-m layout-padded\">\u2013 Jeg burde klare \u00e5 komme meg videre fra fors\u00f8k, sier Ingebrigtsen. <\/p>\n<p class=\"_paragraph_ew2ao_4 _paragraph_xtcu6_10 layout-component text-serif-m layout-normal text-serif-m layout-padded\">\u2013 Normalt forventer folk gull av deg, hvilke forventninger kan folk hjemme i sofaen vente ha n\u00e5?<\/p>\n<p class=\"_paragraph_ew2ao_4 _paragraph_xtcu6_10 layout-component text-serif-m layout-normal text-serif-m layout-padded\">\u2013 Jeg vet ikke, men jeg er jo her for \u00e5 vinne. Jeg er ikke her bare for g\u00f8y, sier han og satser p\u00e5 \u00e5 l\u00f8pe seg i \u00f8kende form under VM.<\/p>\n<p class=\"_paragraph_ew2ao_4 _paragraph_xtcu6_10 layout-component text-serif-m layout-normal text-serif-m layout-padded\">\u2013 Kontrasten har aldri v\u00e6rt st\u00f8rre enn til tidligere l\u00f8p i min sportslige karriere. Jeg er nysgjerrig p\u00e5 det, sier <a href=\"https:\/\/www.vg.no\/tag\/jakob-ingebrigtsen?utm_source=vg-article&amp;utm_medium=auto-tagger&amp;utm_campaign=W0w27Q\" class=\"_link_ew2ao_39\" rel=\"nofollow noopener\" target=\"_blank\">Jakob Ingebrigtsen<\/a>.<\/p>\n<p>De beste tidene p\u00e5 1500 meter i 2025<\/p>\n<ol class=\"_list_ew2ao_3 _list_xtcu6_9 _list_16v91_9 _ordered_ew2ao_79 layout-component text-serif-m layout-normal text-sans-m layout-padded\">\n<li class=\"_item_ew2ao_30\"><strong class=\"_strong_ew2ao_25\">Azeddine Habz (FRA)<\/strong>\u00a0\u2013 3:27,49, Paris, 20. juni 2025<\/li>\n<li class=\"_item_ew2ao_30\"><strong class=\"_strong_ew2ao_25\">Phanuel Kipkosgei Koech (KEN)<\/strong>\u00a0\u2013 3:27,72, Paris, 20. juni 2025<\/li>\n<li class=\"_item_ew2ao_30\"><strong class=\"_strong_ew2ao_25\">George Mills (GBR)<\/strong>\u00a0\u2013 3:28,36, Paris, 20. juni 2025<\/li>\n<li class=\"_item_ew2ao_30\"><strong class=\"_strong_ew2ao_25\">Festus Lagat (KEN)<\/strong>\u00a0\u2013 3:29,03, Paris, 20. juni 2025<\/li>\n<li class=\"_item_ew2ao_30\"><strong class=\"_strong_ew2ao_25\">Niels Laros (NED)<\/strong>\u00a0\u2013 3:29,20, Z\u00fcrich, 28. august 2025<\/li>\n<li class=\"_item_ew2ao_30\"><strong class=\"_strong_ew2ao_25\">Stefan Nillessen (NED)<\/strong>\u00a0\u2013 3:29,23, Paris, 20. juni 2025<\/li>\n<li class=\"_item_ew2ao_30\"><strong class=\"_strong_ew2ao_25\">Isaac Nader (POR)<\/strong>\u00a0\u2013 3:29,37, Ostrava, 24. juni 2025<\/li>\n<li class=\"_item_ew2ao_30\"><strong class=\"_strong_ew2ao_25\">Josh Kerr (GBR)<\/strong>\u00a0\u2013 3:29,37, London, 19. juli 2025<\/li>\n<\/ol>\n<p>Vis mer<\/p>\n<p class=\"_paragraph_ew2ao_4 _paragraph_xtcu6_10 layout-component text-serif-m layout-normal text-serif-m layout-padded\">Ingebrigtsen, Narve Gilje Nord\u00e5s og H\u00e5kon Moe Berg er i tre ulike heat \u2013\u00a0<a href=\"https:\/\/worldathletics.org\/competitions\/world-athletics-championships\/tokyo25\/timetable?day=2\" class=\"_link_ew2ao_39\" rel=\"nofollow noopener\" target=\"_blank\">se fullstendige startlister her<\/a>. De seks beste tar seg videre til mandagens semifinale. Finalen g\u00e5r onsdag.<\/p>\n<p class=\"_paragraph_ew2ao_4 _paragraph_xtcu6_10 layout-component text-serif-m layout-normal text-serif-m layout-padded\">F\u00f8r han reiste til precamp i japanske Kyoto sist uke, hadde han v\u00e6rt p\u00e5 h\u00f8ydetrening i St. Moritz i over en m\u00e5ned. <\/p>\n<p class=\"_paragraph_ew2ao_4 _paragraph_xtcu6_10 layout-component text-serif-m layout-normal text-serif-m layout-padded\">Ingebrigtsen s\u00e5 kanskje bedre ut enn noen gang f\u00f8r skaden. Han vant blant annet b\u00e5de 1500 og 3000 meter i innend\u00f8rs-VM.<\/p>\n<p class=\"_paragraph_ew2ao_4 _paragraph_xtcu6_10 layout-component text-serif-m layout-normal text-serif-m layout-padded\">Han satte ogs\u00e5 to verdensrekorder innend\u00f8rs i samme l\u00f8p i februar:<\/p>\n<ul class=\"_list_ew2ao_3 _list_xtcu6_9 _unordered_ew2ao_99 layout-component text-serif-m layout-normal text-serif-m layout-padded\">\n<li class=\"_item_ew2ao_30\"><strong class=\"_strong_ew2ao_25\">Mile-rekord (1609 meter) p\u00e5 3.45,14 \u2013 ett sekund og 49 hundredeler foran den gamle rekorden.<\/strong><\/li>\n<li class=\"_item_ew2ao_30\"><strong class=\"_strong_ew2ao_25\">Ingebrigtsen passerte da 1500 meter p\u00e5 tiden 3.29,63 \u2013 og slo med det sin gamle verdensrekord p\u00e5 favorittdistansen innend\u00f8rs.<\/strong><\/li>\n<\/ul>\n<p class=\"_paragraph_ew2ao_4 _paragraph_xtcu6_10 layout-component text-serif-m layout-normal text-serif-m layout-padded\">Bredden p\u00e5 1500 meter blir omtalt som historisk god. Den nederlandske kometen Niels Laros har blitt trukket frem som<a href=\"https:\/\/www.vg.no\/sport\/i\/mPkwzE\/advarer-jakob-ingebrigtsen-foer-vm-i-tokyo-niels-laros-er-skremmende-bra\" data-track-element-type=\"Link\" data-track-id=\"link:mPkwzE\" class=\"_link_ew2ao_39\" rel=\"nofollow noopener\" target=\"_blank\"> kanskje den st\u00f8rste favoritten. <\/a><\/p>\n<p><img alt=\"Foto: Bj\u00f8rn S. Delebekk \/ VG\" class=\"_image_qp4xg_65 layout-component layout-normal\" data-fullscreen- data-track-element-type=\"Article image fullscreen\" data-track-name=\"ImageFullscreen\" decoding=\"async\" loading=\"lazy\" height=\"5504\" itemprop=\"image\"  src=\"https:\/\/www.europesays.com\/no\/wp-content\/uploads\/2025\/09\/92682c0a-48ed-4e10-be41-da7f3a9d113d\"  style=\"object-position:0% 0%\" width=\"8256\"\/>Foto: Bj\u00f8rn S. Delebekk \/ VG<\/p>\n<p class=\"_paragraph_ew2ao_4 _paragraph_xtcu6_10 layout-component text-serif-m layout-normal text-serif-m layout-padded\">Ingebrigtsen har ikke vunnet favoritt\u00f8velsen (1500 meter) i mesterskap siden OL i Tokyo 2021. Det har v\u00e6rt fem ulike vinnere de siste mesterskapene:<\/p>\n<ul class=\"_list_ew2ao_3 _list_xtcu6_9 _unordered_ew2ao_99 layout-component text-serif-m layout-normal text-serif-m layout-padded\">\n<li class=\"_item_ew2ao_30\">2019: Timothy Cheruiyot (VM)<\/li>\n<li class=\"_item_ew2ao_30\">2021: Jakob Ingebrigtsen (OL)<\/li>\n<li class=\"_item_ew2ao_30\">2022: Jake Wightman (VM)<\/li>\n<li class=\"_item_ew2ao_30\">2023: Josh Kerr (VM) <\/li>\n<li class=\"_item_ew2ao_30\">2024: Cole Hocker (USA)<\/li>\n<\/ul>\n<p>Ingebrigtsens VM-tider <a href=\"https:\/\/www.vg.no\/sport\/i\/OoVk13\/friidretts-vm-2025-i-japan-sendeskjema-og-alt-du-trenger-aa-vite\" data-track-element-type=\"Link\" data-track-id=\"link:OoVk13\" class=\"_link_ew2ao_39\" rel=\"nofollow noopener\" target=\"_blank\">(se hele programmet her) <\/a><\/p>\n<ul class=\"_list_ew2ao_3 _list_xtcu6_9 _unordered_ew2ao_99 layout-component text-serif-m layout-normal text-serif-m layout-padded\">\n<li class=\"_item_ew2ao_30\">Fors\u00f8ket p\u00e5\u00a0<strong class=\"_strong_ew2ao_25\">1500 meter<\/strong>\u00a0er natt til s\u00f8ndag 14. september, med semifinale 15. september og finale 17. september.<\/li>\n<li class=\"_item_ew2ao_30\">Fors\u00f8ket p\u00e5\u00a0<strong class=\"_strong_ew2ao_25\">5000 meter\u00a0<\/strong>er 19. september og finalen g\u00e5r 21. september.<\/li>\n<\/ul>\n","protected":false},"excerpt":{"rendered":"24-\u00e5ringen er usikker p\u00e5 hvor han st\u00e5r foran comebacket &#8211; og s\u00f8ndagens fors\u00f8k p\u00e5 1500 meter i VM.&hellip;\n","protected":false},"author":2,"featured_media":34121,"comment_status":"","ping_status":"","sticky":false,"template":"","format":"standard","meta":{"footnotes":""},"categories":[5],"tags":[20,21,24,25,423,1245,15,19,422,22,23,17,18,13,30,28,29,14,16,26,27],"class_list":{"0":"post-34120","1":"post","2":"type-post","3":"status-publish","4":"format-standard","5":"has-post-thumbnail","7":"category-overskrifter","8":"tag-breaking-news","9":"tag-breakingnews","10":"tag-featured-news","11":"tag-featurednews","12":"tag-friidrett","13":"tag-friidretts-vm","14":"tag-headlines","15":"tag-hovedoppslag","16":"tag-jakob-ingebrigtsen","17":"tag-latest-news","18":"tag-latestnews","19":"tag-main-news","20":"tag-mainnews","21":"tag-news","22":"tag-no","23":"tag-norge","24":"tag-norway","25":"tag-nyheter","26":"tag-overskrifter","27":"tag-top-stories","28":"tag-topstories"},"share_on_mastodon":{"url":"","error":""},"_links":{"self":[{"href":"https:\/\/www.europesays.com\/no\/wp-json\/wp\/v2\/posts\/34120","targetHints":{"allow":["GET"]}}],"collection":[{"href":"https:\/\/www.europesays.com\/no\/wp-json\/wp\/v2\/posts"}],"about":[{"href":"https:\/\/www.europesays.com\/no\/wp-json\/wp\/v2\/types\/post"}],"author":[{"embeddable":true,"href":"https:\/\/www.europesays.com\/no\/wp-json\/wp\/v2\/users\/2"}],"replies":[{"embeddable":true,"href":"https:\/\/www.europesays.com\/no\/wp-json\/wp\/v2\/comments?post=34120"}],"version-history":[{"count":0,"href":"https:\/\/www.europesays.com\/no\/wp-json\/wp\/v2\/posts\/34120\/revisions"}],"wp:featuredmedia":[{"embeddable":true,"href":"https:\/\/www.europesays.com\/no\/wp-json\/wp\/v2\/media\/34121"}],"wp:attachment":[{"href":"https:\/\/www.europesays.com\/no\/wp-json\/wp\/v2\/media?parent=34120"}],"wp:term":[{"taxonomy":"category","embeddable":true,"href":"https:\/\/www.europesays.com\/no\/wp-json\/wp\/v2\/categories?post=34120"},{"taxonomy":"post_tag","embeddable":true,"href":"https:\/\/www.europesays.com\/no\/wp-json\/wp\/v2\/tags?post=34120"}],"curies":[{"name":"wp","href":"https:\/\/api.w.org\/{rel}","templated":true}]}}