{"id":341237,"date":"2026-09-02T10:22:19","date_gmt":"2026-09-02T10:22:19","guid":{"rendered":"https:\/\/www.europesays.com\/no\/341237\/"},"modified":"2026-09-02T10:22:19","modified_gmt":"2026-09-02T10:22:19","slug":"kultur-underholdning-fest-i-parken-3","status":"publish","type":"post","link":"https:\/\/www.europesays.com\/no\/341237\/","title":{"rendered":"Kultur &#038; underholdning, Fest i parken"},"content":{"rendered":"\n<p>Det er R\u00f8ds\u00f8ya Events AS, med Fredrik Svendsen og Alexander Holm-Borge i spissen, som st\u00e5r bak arrangementet i Tjernsparken p\u00e5 Hafslunds\u00f8y.<\/p>\n<p>Dette avvikles i august neste \u00e5r.\u00a0<\/p>\n<p>Arrang\u00f8rene opplyser at planleggingen er godt i gang, og de uttaler i den forbindelse:\u00a0<\/p>\n<p>&#8211; Vi jobber fortl\u00f8pende med andre bookinger, sier de til Sarpsborg Arbeiderblad.\u00a0<\/p>\n<p>Samtidig bekrefter de at billetter er lagt ut for salg.<\/p>\n<p>Over 100 millioner str\u00f8mminger<\/p>\n<p>Artisten Vidar Villa, med det fulle navnet Vidar Andr\u00e9 Gr\u00f8dset Mohaugen (f\u00f8dt 1989), er opprinnelig fra Skedsmokorset.\u00a0<\/p>\n<p>Han har markert seg sterkt som en norsk musiker og sanger med sine norskspr\u00e5klige festl\u00e5ter.\u00a0<\/p>\n<p>Innen 2021 hadde l\u00e5tene hans passert over 100 millioner str\u00f8mminger p\u00e5 nett<\/p>\n<p>Det store nasjonale gjennombruddet kom sommeren 2017 med l\u00e5ten \u00abOne Night Stand\u00bb.\u00a0<\/p>\n<p>Singelen l\u00e5 hele 18 uker p\u00e5 VG-lista med en sjetteplass som beste plassering. Innen januar 2018 var l\u00e5ten str\u00f8mmet mer enn 16 millioner ganger p\u00e5 Spotify, noe som gjorde ham til en av de mest str\u00f8mmede norske artistene i 2017.<\/p>\n<p>   <img decoding=\"async\" width=\"6000\" height=\"4000\" fetchpriority=\"low\"  loading=\"lazy\"  src=\"https:\/\/www.europesays.com\/no\/wp-content\/uploads\/2026\/09\/VM_L8373.jpg\" alt=\"\" class=\"brick-c-cFOWSL\" style=\"--brick-image-ratio: 6000 \/ 4000;\"\/><\/p>\n<p>      Alexander Holm-Borge (t.v.) og Fredrik Svendsen st\u00e5r bak Fest i Parken p\u00e5 Hafslunds\u00f8y.<br \/>\n      Foto: Vetle Granath Magelssen\n    <\/p>\n<p>  Musikalsk samarbeid<\/p>\n<p>L\u00e5tene til Vidar Villa blir i hovedsak til gjennom et musikalsk samarbeid med l\u00e5tskriver-br\u00f8drene Jonas Thomassen og Martin Thomassen.\u00a0<\/p>\n<p>Musikken best\u00e5r i hovedsak av festl\u00e5ter med norsk tekst, der temaer som sex og fyll g\u00e5r igjen i flere av tekstene.<\/p>\n<p>De frimodige tekstene har imidlertid ikke v\u00e6rt uten kontroverser.\u00a0<\/p>\n<p>I 2017 ble artisten nektet \u00e5 opptre p\u00e5 VG-listas \u00e5rlige konsert p\u00e5 R\u00e5dhusplassen i Oslo.\u00a0<\/p>\n<p>Arrang\u00f8rene vurderte da teksten til gjennombruddshiten \u00abOne Night Stand\u00bb til \u00e5 v\u00e6re for \u00abdr\u00f8y\u00bb og \u00abp\u00e5 kanten\u00bb.<\/p>\n<p>MGP og Spellemann-nominasjon<\/p>\n<p>I mars 2018 tok artisten steget over til TV-skjermen da han deltok i Melodi Grand Prix med l\u00e5ten \u00abMoren din\u00bb, hvor han ble sl\u00e5tt ut i den f\u00f8rste runden.\u00a0<\/p>\n<p>Han har ogs\u00e5 h\u00f8stet faglig anerkjennelse for musikken sin, og ble nominert til Spellemannprisen 2022 i klassen festmusikk for sin samlede utgivelse det \u00e5ret.<\/p>\n<p><a class=\"brick-c-hOTghF\" href=\"#skip-\">Hopp over karusellen.<\/a><\/p>\n<p data-static=\"\" class=\"brick-c-fgNmNC\" id=\"carousel-title-\">Innholdskarusell med 20 artikler.<\/p>\n<ul data-static=\"\" aria-label=\"Navigasjon for innholdskarusell\" class=\"carousel-nav\">\n<li>\n<\/li>\n<li>\n<\/li>\n<\/ul>\n<p>  <a href=\"https:\/\/www.sa.no\/80-46-3996\" class=\"related-teaser has-image article--c-MkAkR\" rel=\"nofollow noopener\" target=\"_blank\"><\/p>\n<p>    <img decoding=\"async\" width=\"155\"  loading=\"lazy\"  src=\"https:\/\/www.europesays.com\/no\/wp-content\/uploads\/2026\/09\/VM_L9114.jpg\" alt=\"\" class=\"brick-c-cFOWSL\" style=\"\"\/><\/p>\n<p>\n            Les ogs\u00e5<\/p>\n<p>            Festivalsjefen: \u2013 Alle som har festivalpass f\u00e5r ta med en venn helt gratis\n        <\/p>\n<p>  <\/a><\/p>\n<p>  <a href=\"https:\/\/www.sa.no\/5-46-2039388\" class=\"related-teaser has-image article--c-MkAkR\" rel=\"nofollow noopener\" target=\"_blank\"><\/p>\n<p>    <img decoding=\"async\" width=\"155\"  loading=\"lazy\"  src=\"https:\/\/www.europesays.com\/no\/wp-content\/uploads\/2026\/09\/VM_L8435.jpg\" alt=\"\" class=\"brick-c-cFOWSL\" style=\"\"\/><\/p>\n<p>\n            Les ogs\u00e5<\/p>\n<p>            Sikrer folkefest i helgen \u2013 og lover ny festival allerede neste \u00e5r\n        <\/p>\n<p>  <\/a><\/p>\n","protected":false},"excerpt":{"rendered":"Det er R\u00f8ds\u00f8ya Events AS, med Fredrik Svendsen og Alexander Holm-Borge i spissen, som st\u00e5r bak arrangementet i&hellip;\n","protected":false},"author":2,"featured_media":341238,"comment_status":"","ping_status":"","sticky":false,"template":"","format":"standard","meta":{"footnotes":"","_share_on_mastodon":"0"},"categories":[58],"tags":[36,71,6022,282,30,28,29,447,1510,72],"class_list":["post-341237","post","type-post","status-publish","format-standard","has-post-thumbnail","category-underholdning","tag-art","tag-entertainment","tag-fest-i-parken","tag-kultur-underholdning","tag-no","tag-norge","tag-norway","tag-nyhet","tag-story","tag-underholdning"],"share_on_mastodon":{"url":"https:\/\/pubeurope.com\/@no\/117200955477406284","error":""},"_links":{"self":[{"href":"https:\/\/www.europesays.com\/no\/wp-json\/wp\/v2\/posts\/341237","targetHints":{"allow":["GET"]}}],"collection":[{"href":"https:\/\/www.europesays.com\/no\/wp-json\/wp\/v2\/posts"}],"about":[{"href":"https:\/\/www.europesays.com\/no\/wp-json\/wp\/v2\/types\/post"}],"author":[{"embeddable":true,"href":"https:\/\/www.europesays.com\/no\/wp-json\/wp\/v2\/users\/2"}],"replies":[{"embeddable":true,"href":"https:\/\/www.europesays.com\/no\/wp-json\/wp\/v2\/comments?post=341237"}],"version-history":[{"count":0,"href":"https:\/\/www.europesays.com\/no\/wp-json\/wp\/v2\/posts\/341237\/revisions"}],"wp:featuredmedia":[{"embeddable":true,"href":"https:\/\/www.europesays.com\/no\/wp-json\/wp\/v2\/media\/341238"}],"wp:attachment":[{"href":"https:\/\/www.europesays.com\/no\/wp-json\/wp\/v2\/media?parent=341237"}],"wp:term":[{"taxonomy":"category","embeddable":true,"href":"https:\/\/www.europesays.com\/no\/wp-json\/wp\/v2\/categories?post=341237"},{"taxonomy":"post_tag","embeddable":true,"href":"https:\/\/www.europesays.com\/no\/wp-json\/wp\/v2\/tags?post=341237"}],"curies":[{"name":"wp","href":"https:\/\/api.w.org\/{rel}","templated":true}]}}