{"id":341251,"date":"2026-09-02T10:32:32","date_gmt":"2026-09-02T10:32:32","guid":{"rendered":"https:\/\/www.europesays.com\/no\/341251\/"},"modified":"2026-09-02T10:32:32","modified_gmt":"2026-09-02T10:32:32","slug":"nyhet-okonomi-ikea-med-stort-prisgrep-800-varer-blir-billigere","status":"publish","type":"post","link":"https:\/\/www.europesays.com\/no\/341251\/","title":{"rendered":"Nyhet, \u00d8konomi | Ikea med stort prisgrep \u2013 800 varer blir billigere"},"content":{"rendered":"\n<p>(<a href=\"https:\/\/www.nettavisen.no\/okonomi\/ikea-med-stort-prisgrep-800-varer-blir-billigere\/s\/80-95-45575\" rel=\"Follow nofollow noopener\" target=\"_blank\">Nettavisen<\/a>) Danske Ikea varslet tirsdag at prisene skal ned p\u00e5 n\u00e6r 1000 varer fram mot v\u00e5ren 2027.<\/p>\n<p>N\u00e5 bekrefter Ikea Norge at norske kunder ogs\u00e5 f\u00e5r betydelige priskutt.<\/p>\n<p>\u2013 I Ikea Norge setter vi ned prisen p\u00e5 rundt 800 produkter. Produktene som settes ned i pris er hverdagsfavoritter som vi vet at kundene v\u00e5re setter pris p\u00e5, sier administrerende direkt\u00f8r Reza Shomali i Ikea Norge til Nettavisen.<\/p>\n<p>I Norge investerer m\u00f8belgiganten rundt 150 millioner kroner i lavere priser.<\/p>\n<p>\u2013 Prisreduksjonen varierer noe, men gjennomsnittlig 20\u201325 prosent, sier Shomali.<\/p>\n<p>   <img decoding=\"async\" width=\"4032\" height=\"3024\" fetchpriority=\"low\"  loading=\"lazy\"  src=\"https:\/\/www.europesays.com\/no\/wp-content\/uploads\/2026\/09\/1788345152_97_Ikeas Norges-sjef, Reza Shomali.bin.jpeg\" alt=\"\" class=\"brick-c-cFOWSL\" style=\"--brick-image-ratio: 4032 \/ 3024;\"\/><\/p>\n<p>      150 MILLIONER: Ikeas Norges-sjef, Reza Shomali, sier Ikea Norge investerer rundt 150 millioner kroner i lavere priser.<br \/>\n      Foto: Erik Molland (Nettavisen)\n    <\/p>\n<p>  Starter allerede tirsdag<\/p>\n<p>Prisene skal settes ned i l\u00f8pet av 2026, og Ikea starter allerede tirsdag 1. september.<\/p>\n<p>Satsingen er del av et st\u00f8rre europeisk grep. Ikea opplyser at Ingka-gruppen, andre Ikea-franchisetakere og Inter Ikea Group samlet investerer rundt 1,2 milliarder euro i \u00e5 senke prisene i Europa.<\/p>\n<p>I Danmark investerer Ikea 88 millioner danske kroner i lavere priser. Der skal n\u00e6r 1000 varer settes ned, og p\u00e5 mange produkter er reduksjonen p\u00e5 mellom 15 og 25 prosent, if\u00f8lge danske <a href=\"https:\/\/www.bt.dk\/erhverv\/ikea-vil-tiltraekke-flere-kunder-og-saenker-prisen-paa-en-raekke-varer\" rel=\"Follow nofollow noopener\" target=\"_blank\">B.T.<\/a>.<\/p>\n<p>Ikke knyttet til kuttene<\/p>\n<p>Prisgrepet kommer etter et \u00e5r med store endringer i Ikea-systemet.<\/p>\n<p>Tidligere i \u00e5r varslet Ikea Norge at mellom <a href=\"https:\/\/www.nettavisen.no\/nyheter\/ikea-norge-omorganiserer-50-60-arsverk-ved-hovedkontoret-blir-borte\/s\/5-95-2873742\" rel=\"Follow nofollow noopener\" target=\"_blank\">50 og 60 \u00e5rsverk<\/a> ved hovedkontoret skulle bort. Det skjedde som del av en omorganisering der selskapet \u00f8nsket en enklere og mer effektiv organisasjon.<\/p>\n<p>Globalt har Ikea ogs\u00e5 gjennomf\u00f8rt <a href=\"https:\/\/www.nettavisen.no\/okonomi\/massive-kutt-hos-ikea-hundrevis-mister-jobben\/s\/5-95-3043205\" rel=\"Follow nofollow noopener\" target=\"_blank\">flere kuttrunder<\/a>.<\/p>\n<p>Shomali avviser imidlertid at de nye prisreduksjonene henger sammen med nedbemanningen ved det norske hovedkontoret.<\/p>\n<p>\u2013 Denne investeringen henger ikke sammen med omorganiseringen som ble gjort ved Ikea Norges hovedkontor i v\u00e5r. Det handler om \u00e5 forbli rimelige n\u00e5r folk trenger det mest, sier han.<\/p>\n<p>\u2013 Vi godtar gjerne en lavere margin som en konsekvens av dette. \u00c5 holde prisene lave er et langsiktig l\u00f8fte og den beste m\u00e5ten \u00e5 sikre langsiktig vekst p\u00e5, sier Shomali.<\/p>\n<p>Har tidligere varslet lavere priser<\/p>\n<p>Da omorganiseringen i Norge ble kjent tidligere i \u00e5r, sa Ikea Norge at m\u00e5let blant annet var \u00e5 sikre vekst og fortsette \u00e5 tilby rimeligere priser.<\/p>\n<p>Den gang opplyste selskapet at f\u00e6rre lederniv\u00e5er og en mer effektiv organisasjon skulle gj\u00f8re Ikea bedre rustet i et marked i stor endring.<\/p>\n","protected":false},"excerpt":{"rendered":"(Nettavisen) Danske Ikea varslet tirsdag at prisene skal ned p\u00e5 n\u00e6r 1000 varer fram mot v\u00e5ren 2027. N\u00e5&hellip;\n","protected":false},"author":2,"featured_media":341252,"comment_status":"","ping_status":"","sticky":false,"template":"","format":"standard","meta":{"footnotes":"","_share_on_mastodon":"0"},"categories":[56],"tags":[36,60,61,823,7368,62,30,28,29,447,572,1435,1510,10195],"class_list":["post-341251","post","type-post","status-publish","format-standard","has-post-thumbnail","category-naeringsliv","tag-art","tag-business","tag-economy","tag-forbruker","tag-ikea","tag-naeringsliv","tag-no","tag-norge","tag-norway","tag-nyhet","tag-okonomi","tag-ringsaker","tag-story","tag-varehandel"],"share_on_mastodon":{"url":"https:\/\/pubeurope.com\/@no\/117200994730243827","error":""},"_links":{"self":[{"href":"https:\/\/www.europesays.com\/no\/wp-json\/wp\/v2\/posts\/341251","targetHints":{"allow":["GET"]}}],"collection":[{"href":"https:\/\/www.europesays.com\/no\/wp-json\/wp\/v2\/posts"}],"about":[{"href":"https:\/\/www.europesays.com\/no\/wp-json\/wp\/v2\/types\/post"}],"author":[{"embeddable":true,"href":"https:\/\/www.europesays.com\/no\/wp-json\/wp\/v2\/users\/2"}],"replies":[{"embeddable":true,"href":"https:\/\/www.europesays.com\/no\/wp-json\/wp\/v2\/comments?post=341251"}],"version-history":[{"count":0,"href":"https:\/\/www.europesays.com\/no\/wp-json\/wp\/v2\/posts\/341251\/revisions"}],"wp:featuredmedia":[{"embeddable":true,"href":"https:\/\/www.europesays.com\/no\/wp-json\/wp\/v2\/media\/341252"}],"wp:attachment":[{"href":"https:\/\/www.europesays.com\/no\/wp-json\/wp\/v2\/media?parent=341251"}],"wp:term":[{"taxonomy":"category","embeddable":true,"href":"https:\/\/www.europesays.com\/no\/wp-json\/wp\/v2\/categories?post=341251"},{"taxonomy":"post_tag","embeddable":true,"href":"https:\/\/www.europesays.com\/no\/wp-json\/wp\/v2\/tags?post=341251"}],"curies":[{"name":"wp","href":"https:\/\/api.w.org\/{rel}","templated":true}]}}