{"id":341271,"date":"2026-09-02T10:46:14","date_gmt":"2026-09-02T10:46:14","guid":{"rendered":"https:\/\/www.europesays.com\/no\/341271\/"},"modified":"2026-09-02T10:46:14","modified_gmt":"2026-09-02T10:46:14","slug":"prins-harry-og-meghan-forlot-usa-i-stillhet-hevder-naboer-i-montecito","status":"publish","type":"post","link":"https:\/\/www.europesays.com\/no\/341271\/","title":{"rendered":"Prins Harry og Meghan forlot USA i stillhet, hevder naboer i Montecito"},"content":{"rendered":"<p class=\"kicker \" style=\"\">Prins Harry og hertuginne Meghan:<\/p>\n<p class=\"subtitle font-weight-normal m-font-weight-normal\" style=\"\">Prins Harry og hertuginne Meghan forlot sitt luksushjem i California uten at naboene la merke til det: &#8211; S\u00e5 dem aldri.<\/p>\n<p>\n    RETURNERTE: Hertuginne Meghan og prins Harry har flyttet tilbake til England. Foto: Kirsty O&#8217;Connor \/ AFP \/ NTB\n  <\/p>\n<p>Prins Harry (41) og hertuginne Meghan (45) flyttet fra sitt 14 millioner dollar dyre herskapshus i Montecito uten noe oppstyr, if\u00f8lge naboer.<\/p>\n<p>Etter at paret tok den overraskende beslutningen om \u00e5 flytte tilbake til Storbritannia, fortalte en nabo til <a href=\"https:\/\/www.dailymail.com\/news\/royals\/article-16090033\/Meghan-Harry-Montecito-neighbours.html\" rel=\"nofollow noopener\" target=\"_blank\">Daily Mail<\/a> at de forlot stedet \u00abmed et pip, ikke et smell\u00bb.<\/p>\n<p>    <a itemprop=\"url\" href=\"https:\/\/www.seher.no\/kongelig\/deler-private-bilder\/85085928\" rel=\"nofollow noopener\" target=\"_blank\"><\/p>\n<p>        <img loading=\"lazy\" decoding=\"async\" src=\"https:\/\/www.europesays.com\/no\/wp-content\/uploads\/2026\/09\/85085954.webp\" width=\"180\" height=\"81\" alt=\"\" class=\"lazyload\" style=\"--aspect-ratio-image: 2.22; \"\/><\/p>\n<p>        Deler private bilder<\/p>\n<p>    <\/a><\/p>\n<p>&#8211; Det var ingen flyttebiler, ingen fester, ingenting i det hele tatt. En dag var de her, og den neste var de tilbake i England, sier naboen til avisen.<\/p>\n<p>En annen innbygger i Montecito, forfatteren Robert Eringer, delte oppfatningen om at Harry og Meghan aldri ble integrert i det velst\u00e5ende nabolaget.<\/p>\n<p>&#8211; Jeg er mye ute i Montecito og s\u00e5 dem aldri. Jeg tviler p\u00e5 at noen ville ha lagt merke til at de hadde dratt hvis det ikke hadde blitt rapportert i nyhetene,\u00a0sa han til Daily Mail.<\/p>\n<p>        <img loading=\"lazy\" decoding=\"async\" src=\"https:\/\/www.europesays.com\/no\/wp-content\/uploads\/2026\/09\/85088223.webp\" width=\"688\" height=\"393\" alt=\"\" class=\"\" style=\"--aspect-ratio-image: 1.75; \"\/><\/p>\n<p>\n        FROGMORE COTTAGE: Prins Harry og hertuginne Meghans hjem sist de bodde i England. Foto: Shutterstock \/ NTB\n    <\/p>\n<p class=\"font-weight-normal m-font-weight-normal\" data-lab-font_weight=\"font-weight-normal\">En nabo ved navn Susan fortalte at hun bare hadde sett dem i forbifarten, som n\u00e5r prinsen syklet eller hertuginnen kj\u00f8rte sin Range Rover. Hun husket den kj\u00f8lige responsen hun fikk da hun pr\u00f8vde \u00e5 sende dem en velkomstgave da de flyttet inn i 2020.<\/p>\n<p class=\"font-weight-bold m-font-weight-bold\" data-lab-font_weight=\"font-weight-bold\">&#8211; Jeg la igjen en flaske vin ved porten deres for \u00e5 \u00f8nske dem velkommen, og den ble returnert til meg u\u00e5pnet dagen etter. Jeg er ikke sikker p\u00e5 om de noen gang \u00f8nsket \u00e5 omg\u00e5s noen som ikke var milliard\u00e6r eller ber\u00f8mt, eller begge deler.<\/p>\n<p>        R\u00d8RT: L\u00f8rdag kveld holdt kong Haakon sin aller f\u00f8rste tale til det norske folk som monark. Han ble tydelig ber\u00f8rt da han gratulerte moren, dronning Sonja, med bryllupsdagen.<\/p>\n<p>Daily Mail p\u00e5peker at tegn p\u00e5 at Harry og Meghan bodde i nabolaget i stor grad er fjernet fra lokale steder, inkludert bokhandelen Godmothers, som ikke lenger f\u00f8rer hertuginnens As Ever-produkter eller Harrys bok \u00abSpare\u00bb fra 2023.<\/p>\n<p>Butikkeieren Wendy Foster bemerket at hertuginnen alltid var \u00abveldig h\u00f8flig\u00bb, men kunne forst\u00e5 hvorfor de ville flytte tilbake til Harrys hjemland med barna prins Archie (7) og prinsesse Lilibet (5).<\/p>\n<p>&#8211; Her betyr ikke de og barna deres mye n\u00e5r det gjelder status. I Storbritannia betyr titlene deres noe.<\/p>\n<p>    <a itemprop=\"url\" href=\"https:\/\/www.seher.no\/kongelig\/maerthas-gripende-farvel\/85084251\" rel=\"nofollow noopener\" target=\"_blank\"><\/p>\n<p>        <img loading=\"lazy\" decoding=\"async\" src=\"https:\/\/www.europesays.com\/no\/wp-content\/uploads\/2026\/09\/85085979.webp\" width=\"180\" height=\"81\" alt=\"\" class=\"lazyload\" style=\"--aspect-ratio-image: 2.22; \"\/><\/p>\n<p>        M\u00e4rthas gripende farvel<\/p>\n<p>    <\/a><\/p>\n<p>Page Six snakket med parets naboer tidligere denne m\u00e5neden. En kilde sa at mange var \u00abutslitte\u00bb av paret og \u00abdet endel\u00f8se dramaet\u00bb. En annen nabo sa rett ut: \u00abGodt \u00e5 bli kvitt dem!\u00bb<\/p>\n","protected":false},"excerpt":{"rendered":"Prins Harry og hertuginne Meghan: Prins Harry og hertuginne Meghan forlot sitt luksushjem i California uten at naboene&hellip;\n","protected":false},"author":2,"featured_media":341272,"comment_status":"","ping_status":"","sticky":false,"template":"","format":"standard","meta":{"footnotes":"","_share_on_mastodon":"0"},"categories":[58],"tags":[1893,71,1299,2543,76,30,28,29,75,72],"class_list":["post-341271","post","type-post","status-publish","format-standard","has-post-thumbnail","category-underholdning","tag-det-britiske-kongehuset","tag-entertainment","tag-hertuginne-meghan","tag-kjendisdesken","tag-kongelig","tag-no","tag-norge","tag-norway","tag-prins-harry","tag-underholdning"],"share_on_mastodon":{"url":"https:\/\/pubeurope.com\/@no\/117201049044085920","error":""},"_links":{"self":[{"href":"https:\/\/www.europesays.com\/no\/wp-json\/wp\/v2\/posts\/341271","targetHints":{"allow":["GET"]}}],"collection":[{"href":"https:\/\/www.europesays.com\/no\/wp-json\/wp\/v2\/posts"}],"about":[{"href":"https:\/\/www.europesays.com\/no\/wp-json\/wp\/v2\/types\/post"}],"author":[{"embeddable":true,"href":"https:\/\/www.europesays.com\/no\/wp-json\/wp\/v2\/users\/2"}],"replies":[{"embeddable":true,"href":"https:\/\/www.europesays.com\/no\/wp-json\/wp\/v2\/comments?post=341271"}],"version-history":[{"count":0,"href":"https:\/\/www.europesays.com\/no\/wp-json\/wp\/v2\/posts\/341271\/revisions"}],"wp:featuredmedia":[{"embeddable":true,"href":"https:\/\/www.europesays.com\/no\/wp-json\/wp\/v2\/media\/341272"}],"wp:attachment":[{"href":"https:\/\/www.europesays.com\/no\/wp-json\/wp\/v2\/media?parent=341271"}],"wp:term":[{"taxonomy":"category","embeddable":true,"href":"https:\/\/www.europesays.com\/no\/wp-json\/wp\/v2\/categories?post=341271"},{"taxonomy":"post_tag","embeddable":true,"href":"https:\/\/www.europesays.com\/no\/wp-json\/wp\/v2\/tags?post=341271"}],"curies":[{"name":"wp","href":"https:\/\/api.w.org\/{rel}","templated":true}]}}