{"id":34128,"date":"2025-09-13T08:55:09","date_gmt":"2025-09-13T08:55:09","guid":{"rendered":"https:\/\/www.europesays.com\/no\/34128\/"},"modified":"2025-09-13T08:55:09","modified_gmt":"2025-09-13T08:55:09","slug":"domt-til-fire-ars-fengsel-for-drapsforsok-med-oks-til-havs","status":"publish","type":"post","link":"https:\/\/www.europesays.com\/no\/34128\/","title":{"rendered":"D\u00f8mt til fire \u00e5rs fengsel for drapsfors\u00f8k med \u00f8ks til havs"},"content":{"rendered":"\n<p class=\"_lead_ew2ao_2 _lead_xtcu6_50 layout-component text-serif-m layout-normal text-serif-l layout-component layout-wide layout-padded _wide_17hqh_1 layout-padded\">Oslo-mannen har ikke erkjent straffskyld.<\/p>\n<p><img alt=\"HARDT SKADET: Offeret p\u00e5 seilb\u00e5ten ble fl\u00f8yet til sykehus i Fransk Guyana. Foto: Base Aerienne 367 Guyane \" class=\"_image_qp4xg_65 layout-component layout-wide\" data-fullscreen- data-track-element-type=\"Article image fullscreen\" data-track-name=\"ImageFullscreen\" fetchpriority=\"high\" decoding=\"sync\" loading=\"eager\" height=\"1153\" itemprop=\"image\"  src=\"https:\/\/www.europesays.com\/no\/wp-content\/uploads\/2025\/09\/1757753708_988_ae53c87b-f06d-4eb3-bf3d-40efcdd9bd75\"  style=\"object-position:0% 0%\" width=\"2048\"\/>HARDT SKADET: Offeret p\u00e5 seilb\u00e5ten ble fl\u00f8yet til sykehus i Fransk Guyana. Foto: Base Aerienne 367 Guyane <\/p>\n<ul aria-hidden=\"true\" class=\"_images_1y6fe_106\">\n<li><a class=\"_link_1y6fe_111\" href=\"https:\/\/www.vg.no\/forfatter\/sven-arne-buggeland-2\" style=\"z-index:1\" title=\"Sven Arne Buggeland\" rel=\"nofollow noopener\" target=\"_blank\"><img alt=\"Bilde av Sven Arne Buggeland\" class=\"_image_1y6fe_88\" fetchpriority=\"low\" loading=\"lazy\" decoding=\"async\" itemprop=\"image\"  src=\"https:\/\/www.europesays.com\/no\/wp-content\/uploads\/2025\/09\/1757753708_692_245f0348-339b-463c-8ebb-7c3456b9ab3c\"  width=\"480\"\/><\/a><\/li>\n<\/ul>\n<p> Oppdatert l\u00f8rdag 13. september kl. 10:41     <\/p>\n<p class=\"_paragraph_ew2ao_4 _paragraph_xtcu6_10 layout-component text-serif-m layout-normal text-serif-m layout-padded\">61-\u00e5ringen er i <a href=\"https:\/\/www.vg.no\/tag\/oslo-tingrett?utm_source=vg-article&amp;utm_medium=auto-tagger&amp;utm_campaign=4BMrxe\" class=\"_link_ew2ao_39\" rel=\"nofollow noopener\" target=\"_blank\">Oslo tingrett<\/a> d\u00f8mt til fire \u00e5rs fengsel for drapsfors\u00f8k, etter dramaet p\u00e5 den norskregistrerte havseileren \u00abOlliver\u00bb natt til 26. juli 2023. Det melder NTB.<\/p>\n<p class=\"_paragraph_ew2ao_4 _paragraph_xtcu6_10 layout-component text-serif-m layout-normal text-serif-m layout-padded\">Retten sl\u00e5r fast at det ikke er tvil om at \u00f8ksehoggene utsatte mannen i 50-\u00e5rene for livsfare, og at det var tilfeldigheter som gjorde at han kom fra det med livet i behold.<\/p>\n<p class=\"_paragraph_ew2ao_4 _paragraph_xtcu6_10 layout-component text-serif-m layout-normal text-serif-m layout-padded\">Det er ikke klart om dommen blir anket.<\/p>\n<p class=\"_paragraph_ew2ao_4 _paragraph_xtcu6_10 layout-component text-serif-m layout-normal text-serif-m layout-padded\">B\u00e5ten befant seg i internasjonalt farvann i Det karibiske hav, over 700 kilometer fra fastlandet, da konflikt skal ha oppst\u00e5tt mellom de to nordmennene om bord.<\/p>\n<p class=\"_paragraph_ew2ao_4 _paragraph_xtcu6_10 layout-component text-serif-m layout-normal text-serif-m layout-padded\"><a href=\"https:\/\/www.vg.no\/nyheter\/i\/dRX1dw\/61-aaring-i-retten-for-drapsforsoek-paa-norskregistrert-seilbaat-i-det-karibiske-hav\" data-track-element-type=\"Link\" data-track-id=\"link:dRX1dw\" class=\"_link_ew2ao_39\" rel=\"nofollow noopener\" target=\"_blank\">Oslo-mannen var tiltalt<\/a> for \u00e5 ha p\u00e5f\u00f8rt sitt mannskap ni \u00f8kseslag bakfra med stor kraft \u2013 fire i hodet, ett i venstre skulder, ett i ryggen, to i h\u00f8yre h\u00e5nd og ett p\u00e5 innsiden av h\u00f8yre overarm.<\/p>\n<p><img alt=\"Aktor Geir Evanger med \u00f8ksen som ble brukt.  Foto: Sven Arne Buggeland \/ VG\" class=\"_image_qp4xg_65 layout-component layout-normal\" data-fullscreen- data-track-element-type=\"Article image fullscreen\" data-track-name=\"ImageFullscreen\" decoding=\"async\" loading=\"lazy\" height=\"3024\" itemprop=\"image\"  src=\"https:\/\/www.europesays.com\/no\/wp-content\/uploads\/2025\/09\/1757753708_392_4c610120-8000-4900-b235-7bbb7781ea0f\"  style=\"object-position:0% 0%\" width=\"4032\"\/>Aktor Geir Evanger med \u00f8ksen som ble brukt.  Foto: Sven Arne Buggeland \/ VG<\/p>\n<p class=\"_paragraph_ew2ao_4 _paragraph_xtcu6_10 layout-component text-serif-m layout-normal text-serif-m layout-padded\">61-\u00e5ringen skal s\u00e5 ha fors\u00f8kt \u00e5 kaste mannen i 50-\u00e5rene p\u00e5 sj\u00f8en, men mannen unnslapp og klarte \u00e5 forskanse seg i sin lugar i forpiggen.<\/p>\n<p class=\"_paragraph_ew2ao_4 _paragraph_xtcu6_10 layout-component text-serif-m layout-normal text-serif-m layout-padded\">Den tilskadekomne klarte via satellittelefon \u00e5 ringe en kamerat hjemme i Oslo, som varslet n\u00f8detatene. En st\u00f8rre redningsaksjon ble iverksatt.<\/p>\n<p class=\"_paragraph_ew2ao_4 _paragraph_xtcu6_10 layout-component text-serif-m layout-normal text-serif-m layout-padded\">Med brudd i skallen og dype kuttskader ble mannen plukket opp av et lasteskip neste morgen og dagen etter fl\u00f8yet med helikopter til sykehus i Fransk Guyana.<\/p>\n<p class=\"_paragraph_ew2ao_4 _paragraph_xtcu6_10 layout-component text-serif-m layout-normal text-serif-m layout-padded\">Mannen overlevde som f\u00f8lge av at ingen av skadene var d\u00f8delige og at tiltalte ikke klarte \u00e5 dytte ham over bord, heter det i tiltalen.<\/p>\n<p class=\"_paragraph_ew2ao_4 _paragraph_xtcu6_10 layout-component text-serif-m layout-normal text-serif-m layout-padded\">Tiltalte \u2013 som eier \u00abOlliver\u00bb \u2013 seilte videre og satte kurs for Trinidad. Han ble frivillig med Kripos tilbake til Norge 1. september 2023.<\/p>\n<p><img alt=\"UNDER DEKK: Her var offeret innel\u00e5st i en lugar i flere timer.  Foto: Denison Yachting\" class=\"_image_qp4xg_65 layout-component layout-normal\" data-fullscreen- data-track-element-type=\"Article image fullscreen\" data-track-name=\"ImageFullscreen\" decoding=\"async\" loading=\"lazy\" height=\"400\" itemprop=\"image\"  src=\"https:\/\/www.europesays.com\/no\/wp-content\/uploads\/2025\/09\/1757753709_153_8de3d13e-0566-4cbb-9cbb-1d66d24bcda9\"  style=\"object-position:0% 0%\" width=\"573\"\/>UNDER DEKK: Her var offeret innel\u00e5st i en lugar i flere timer.  Foto: Denison Yachting<\/p>\n<p class=\"_paragraph_ew2ao_4 _paragraph_xtcu6_10 layout-component text-serif-m layout-normal text-serif-m layout-padded\">Forn\u00e6rmede d\u00f8de i juni i \u00e5r, 54 \u00e5r gammel. Deler av hans politiforklaring ble avspilt i tingretten. De to involverte forklarer seg stikk motsatt om slagsm\u00e5let p\u00e5 den 50 fot store seilb\u00e5ten.<\/p>\n<p class=\"_paragraph_ew2ao_4 _paragraph_xtcu6_10 layout-component text-serif-m layout-normal text-serif-m layout-padded\">Tiltalte p\u00e5sto i retten at han handlet i n\u00f8dverge.<\/p>\n<p class=\"_paragraph_ew2ao_4 _paragraph_xtcu6_10 layout-component text-serif-m layout-normal text-serif-m layout-padded\">\u2013 V\u00e5r anf\u00f8rsel er at forn\u00e6rmede angrep tiltalte og at det ble en kamp p\u00e5 liv og d\u00f8d, sier forsvareren, advokat Ole Magnus Str\u00f8mmen.<\/p>\n<p class=\"_paragraph_ew2ao_4 _paragraph_xtcu6_10 layout-component text-serif-m layout-normal text-serif-m layout-padded\">Mens tiltalte hevder at det var ham som f\u00f8rst ble angrepet med kniv, fremholdt forn\u00e6rmede i avh\u00f8r <a href=\"https:\/\/www.vg.no\/nyheter\/i\/Xjr1n7\/oekseofferet-fortalte-politiet-om-slagsmaalet-paa-seilbaaten-i-karibia\" data-track-element-type=\"Link\" data-track-id=\"link:Xjr1n7\" class=\"_link_ew2ao_39\" rel=\"nofollow noopener\" target=\"_blank\">at det var ham som ble overfalt<\/a> mens han skulle rulle ut forseilet.<\/p>\n<p class=\"_paragraph_ew2ao_4 _paragraph_xtcu6_10 layout-component text-serif-m layout-normal text-serif-m layout-padded\">\u2013 Det bare smeller i bakhue p\u00e5 meg, forklarte den n\u00e5 avd\u00f8de mannen i 2023.<\/p>\n<p class=\"_paragraph_ew2ao_4 _paragraph_xtcu6_10 layout-component text-serif-m layout-normal text-serif-m layout-padded\">Med store skader etter \u00f8ksehuggene barrikaderte han seg i lugaren.<\/p>\n<p class=\"_paragraph_ew2ao_4 _paragraph_xtcu6_10 layout-component text-serif-m layout-normal text-serif-m layout-padded\">\u2013 Jeg kjente at det surklet inni hodet. Blodet rant, tommelen hang i en sene. Jeg var groggy og svak, trodde at jeg var p\u00e5 vei til \u00e5 bl\u00f8 i hjel.<\/p>\n","protected":false},"excerpt":{"rendered":"Oslo-mannen har ikke erkjent straffskyld. HARDT SKADET: Offeret p\u00e5 seilb\u00e5ten ble fl\u00f8yet til sykehus i Fransk Guyana. Foto:&hellip;\n","protected":false},"author":2,"featured_media":23654,"comment_status":"","ping_status":"","sticky":false,"template":"","format":"standard","meta":{"footnotes":""},"categories":[5],"tags":[20,21,2314,24,25,15,19,22,23,17,18,13,30,28,29,14,944,16,26,27],"class_list":{"0":"post-34128","1":"post","2":"type-post","3":"status-publish","4":"format-standard","5":"has-post-thumbnail","7":"category-overskrifter","8":"tag-breaking-news","9":"tag-breakingnews","10":"tag-drapsforsok","11":"tag-featured-news","12":"tag-featurednews","13":"tag-headlines","14":"tag-hovedoppslag","15":"tag-latest-news","16":"tag-latestnews","17":"tag-main-news","18":"tag-mainnews","19":"tag-news","20":"tag-no","21":"tag-norge","22":"tag-norway","23":"tag-nyheter","24":"tag-oslo-tingrett","25":"tag-overskrifter","26":"tag-top-stories","27":"tag-topstories"},"share_on_mastodon":{"url":"","error":""},"_links":{"self":[{"href":"https:\/\/www.europesays.com\/no\/wp-json\/wp\/v2\/posts\/34128","targetHints":{"allow":["GET"]}}],"collection":[{"href":"https:\/\/www.europesays.com\/no\/wp-json\/wp\/v2\/posts"}],"about":[{"href":"https:\/\/www.europesays.com\/no\/wp-json\/wp\/v2\/types\/post"}],"author":[{"embeddable":true,"href":"https:\/\/www.europesays.com\/no\/wp-json\/wp\/v2\/users\/2"}],"replies":[{"embeddable":true,"href":"https:\/\/www.europesays.com\/no\/wp-json\/wp\/v2\/comments?post=34128"}],"version-history":[{"count":0,"href":"https:\/\/www.europesays.com\/no\/wp-json\/wp\/v2\/posts\/34128\/revisions"}],"wp:featuredmedia":[{"embeddable":true,"href":"https:\/\/www.europesays.com\/no\/wp-json\/wp\/v2\/media\/23654"}],"wp:attachment":[{"href":"https:\/\/www.europesays.com\/no\/wp-json\/wp\/v2\/media?parent=34128"}],"wp:term":[{"taxonomy":"category","embeddable":true,"href":"https:\/\/www.europesays.com\/no\/wp-json\/wp\/v2\/categories?post=34128"},{"taxonomy":"post_tag","embeddable":true,"href":"https:\/\/www.europesays.com\/no\/wp-json\/wp\/v2\/tags?post=34128"}],"curies":[{"name":"wp","href":"https:\/\/api.w.org\/{rel}","templated":true}]}}