{"id":341421,"date":"2026-09-02T12:52:17","date_gmt":"2026-09-02T12:52:17","guid":{"rendered":"https:\/\/www.europesays.com\/no\/341421\/"},"modified":"2026-09-02T12:52:17","modified_gmt":"2026-09-02T12:52:17","slug":"okonomi-og-naeringsliv-arbeidsliv-sjef-gikk-pa-dagen","status":"publish","type":"post","link":"https:\/\/www.europesays.com\/no\/341421\/","title":{"rendered":"\u00d8konomi og n\u00e6ringsliv, Arbeidsliv | Sjef gikk p\u00e5 dagen"},"content":{"rendered":"\n<p>Det skriver DN etter at energiselskapet Aker Solutions sendte ut en b\u00f8rsmelding tirsdag. <\/p>\n<p> I b\u00f8rsmeldingen opplyser selskapet at Digre selv \u00f8nsket \u00e5 tre til side, og at styret i selskapet var enig i at n\u00e5 er riktig tidspunkt for endringer i ledelsen. <\/p>\n<p>\u00abDa Kjetil Digre fortalte at han \u00f8nsket \u00e5 g\u00e5 av som konsernsjef, var styret og Digre enige om at tidspunktet var riktig for et lederskifte\u00bb, skriver styreleder Leif-Arne Lang\u00f8y i b\u00f8rsmeldingen.<\/p>\n<p>F\u00f8ltes riktig<\/p>\n<p>\u2013 Vi har diskutert dette lenge, styrelederen og jeg, og det f\u00f8ltes riktig n\u00e5, sier Digre i meldingen. <\/p>\n<p>Han sier det er naturlig at det kommer en ny ledelse n\u00e5 som selskapet er p\u00e5 tampen av utbygging av nye oljefelter, og at selskapet n\u00e5 skal spisses mot blant annet fornybar, forsvar og sm\u00e5 modul\u00e6re reaktorer (SMR)<\/p>\n<p>Paal Eikeseth rykker opp fra stillingen som sjef for Aker Solutions&#8217; Life Cycle business, som han har ledet siden 2022. Han er utdannet \u00f8konom fra Norges Handelsh\u00f8yskole (NHH) i Bergen og han har blant annet konsulenterfaring fra PwC.<\/p>\n","protected":false},"excerpt":{"rendered":"Det skriver DN etter at energiselskapet Aker Solutions sendte ut en b\u00f8rsmelding tirsdag. I b\u00f8rsmeldingen opplyser selskapet at&hellip;\n","protected":false},"author":2,"featured_media":341422,"comment_status":"","ping_status":"","sticky":false,"template":"","format":"standard","meta":{"footnotes":"","_share_on_mastodon":"0"},"categories":[56],"tags":[465,36,60,61,925,62,30,28,29,216,1510],"class_list":["post-341421","post","type-post","status-publish","format-standard","has-post-thumbnail","category-naeringsliv","tag-arbeidsliv","tag-art","tag-business","tag-economy","tag-fornebu","tag-naeringsliv","tag-no","tag-norge","tag-norway","tag-okonomi-og-naeringsliv","tag-story"],"share_on_mastodon":{"url":"https:\/\/pubeurope.com\/@no\/117201544363914353","error":""},"_links":{"self":[{"href":"https:\/\/www.europesays.com\/no\/wp-json\/wp\/v2\/posts\/341421","targetHints":{"allow":["GET"]}}],"collection":[{"href":"https:\/\/www.europesays.com\/no\/wp-json\/wp\/v2\/posts"}],"about":[{"href":"https:\/\/www.europesays.com\/no\/wp-json\/wp\/v2\/types\/post"}],"author":[{"embeddable":true,"href":"https:\/\/www.europesays.com\/no\/wp-json\/wp\/v2\/users\/2"}],"replies":[{"embeddable":true,"href":"https:\/\/www.europesays.com\/no\/wp-json\/wp\/v2\/comments?post=341421"}],"version-history":[{"count":0,"href":"https:\/\/www.europesays.com\/no\/wp-json\/wp\/v2\/posts\/341421\/revisions"}],"wp:featuredmedia":[{"embeddable":true,"href":"https:\/\/www.europesays.com\/no\/wp-json\/wp\/v2\/media\/341422"}],"wp:attachment":[{"href":"https:\/\/www.europesays.com\/no\/wp-json\/wp\/v2\/media?parent=341421"}],"wp:term":[{"taxonomy":"category","embeddable":true,"href":"https:\/\/www.europesays.com\/no\/wp-json\/wp\/v2\/categories?post=341421"},{"taxonomy":"post_tag","embeddable":true,"href":"https:\/\/www.europesays.com\/no\/wp-json\/wp\/v2\/tags?post=341421"}],"curies":[{"name":"wp","href":"https:\/\/api.w.org\/{rel}","templated":true}]}}