{"id":341535,"date":"2026-09-02T14:35:14","date_gmt":"2026-09-02T14:35:14","guid":{"rendered":"https:\/\/www.europesays.com\/no\/341535\/"},"modified":"2026-09-02T14:35:14","modified_gmt":"2026-09-02T14:35:14","slug":"flere-norske-universiteter-og-hoyskoler-rammet-av-dataangrep","status":"publish","type":"post","link":"https:\/\/www.europesays.com\/no\/341535\/","title":{"rendered":"Flere norske universiteter og h\u00f8yskoler rammet av dataangrep"},"content":{"rendered":"<p>\u2013 Flere i universitets- og h\u00f8yskolesektoren er under et DDoS-angrep. Vi jobber med \u00e5 stabilisere tjenestene, opplyser seniorr\u00e5dgiver Camilla Chausse ved UiO.<\/p>\n<p>OsloMet bekrefter til TV 2 at ogs\u00e5 de er rammet av angrepet.<\/p>\n<p>Den pro-russiske hackergrupper Server Killers hevder \u00e5 v\u00e6re i gang med tjenestenektangrep mot flere universitet.\u00a0<\/p>\n<p> Hackergruppen <a href=\"https:\/\/www.tv2.no\/nyheter\/russisk-hacker-gruppe-erklaerer-cyberkrig-mot-norge\/19162007\/\" target=\"_blank\" rel=\"nofollow noopener\">erkl\u00e6rte cyberkrig mot Norge<\/a> 26. august, da en rekke digitale tjenester ble rammet av tjenestenektangrep.\u00a0<\/p>\n<p>Khrono meldte om saken f\u00f8rst.<\/p>\n<p>\u00abCyberkrig\u00bb<\/p>\n<p>Gruppen begrunnet cyber-krigserkl\u00e6ringen med Norges st\u00f8tte til Ukraina og det nye forsvars- og sikkerhetssamarbeidet mellom landene.<\/p>\n<p>\u00ab\u00c5rsak til angrepet: Den 23. august undertegnet Norge og Ukraina en ny avtale om forsvars- og sikkerhetssamarbeid med fokus p\u00e5 droneavtalen, der Norge fortsetter \u00e5 styrke Ukrainas forsvarsevne gjennom Nansen-programmet.\u00bb<\/p>\n<p>        <img class=\"image__img lazyload\" itemprop=\"image\" title=\"Foto: Skjermdump Telegram\" alt=\"\u00abCYBERKRIG\u00bb: Hackergruppen \u00abServer Killers\u00bb hevder p\u00e5 Telegram at de st\u00e5r bak angrepet, og at det skal vare i fem timer. Foto: Skjermdump Telegram\" width=\"675\" height=\"635\" bad-src=\"https:\/\/www.europesays.com\/no\/wp-content\/uploads\/2026\/09\/19188481.webp\" fetchpriority=\"auto\" \/><\/p>\n<p>      \u00abCYBERKRIG\u00bb: Hackergruppen \u00abServer Killers\u00bb hevder p\u00e5 Telegram at de st\u00e5r bak angrepet, og at det skal vare i fem timer.<br \/>\n         Foto: Skjermdump Telegram<\/p>\n<p>De viser trolig til en en budsjettlekkasje\u00a0statsminister Jonas Gahr St\u00f8re (Ap) ga til NTB s\u00f8ndag. Der sa han at regjeringen vil gi 85 milliarder kroner til Ukraina over neste \u00e5rs statsbudsjett.<\/p>\n<p>Server Killers har tidligere gjennomf\u00f8rt tjenestenektangrep mot myndigheter og offentlige tjenester.<\/p>\n<p>Et DDoS-angrep inneb\u00e6rer at nettsider eller digitale tjenester overbelastes med store mengder trafikk, slik at de blir ustabile eller utilgjengelige for vanlige brukere.<\/p>\n<p><strong>If\u00f8lge hackergruppen hevder de \u00e5 angripe disse: NTNU, Universitetet i Troms\u00f8, Universitetet i Agder, Universitetet i Innlandet, Universitetet i S\u00f8r\u00f8st-Norge, Universitetet i Oslo, NMBU og OsloMet.<\/strong><\/p>\n<p>        <img class=\"image__img lazyload\" itemprop=\"image\" title=\"Foto: Skjermdump Telegram\" alt=\"\u00abCYBERKRIG\u00bb: Hackergruppen \u00abServer Killers\u00bb hevder p\u00e5 Telegram at de st\u00e5r bak angrepet, og at det skal vare i fem timer. Foto: Skjermdump Telegram\" width=\"675\" height=\"574\" bad-src=\"https:\/\/www.europesays.com\/no\/wp-content\/uploads\/2026\/09\/19188446.webp\" fetchpriority=\"auto\" \/><\/p>\n<p>      \u00abCYBERKRIG\u00bb: Hackergruppen \u00abServer Killers\u00bb hevder p\u00e5 Telegram at de st\u00e5r bak angrepet, og at det skal vare i fem timer.<br \/>\n         Foto: Skjermdump Telegram<\/p>\n<p>Kripos ettterforsker<\/p>\n<p>Politiets sikkerhetstjeneste (PST) <a href=\"https:\/\/www.tv2.no\/nyheter\/russisk-hacker-gruppe-erklaerer-cyberkrig-mot-norge\/19162007\/\" target=\"_blank\" rel=\"nofollow noopener\">opplyste onsdag forrige uke<\/a> at de er involvert i h\u00e5ndteringen av dataangrepet.<\/p>\n<p>\u2013 PST f\u00f8lger situasjonen og er i dialog med andre myndighetsorganer, sa seniorr\u00e5dgiver Eirik Veum i PST til TV 2.<\/p>\n<p>\u00c5rlig mottar Datatilsynet rundt 3000 avviksmeldinger, og mengden som handler om tilsiktede angrep \u00f8ker for hvert \u00e5r.\u00a0<\/p>\n<p>\u2013 Tjenestenektangrep er ikke noe nytt, det som er nytt n\u00e5 er at de er mer intense og sterkere enn vi har opplevd tidligere. At dette kan v\u00e6re del av en ny hverdag kan v\u00e6re godt mulig, sa spesialr\u00e5dgiver i Datatilsynet Eirik Gulbrandsen til TV 2 forrige uke.<\/p>\n","protected":false},"excerpt":{"rendered":"\u2013 Flere i universitets- og h\u00f8yskolesektoren er under et DDoS-angrep. Vi jobber med \u00e5 stabilisere tjenestene, opplyser seniorr\u00e5dgiver&hellip;\n","protected":false},"author":2,"featured_media":341536,"comment_status":"","ping_status":"","sticky":false,"template":"","format":"standard","meta":{"footnotes":"","_share_on_mastodon":"0"},"categories":[5],"tags":[20,21,24,25,15,19,22,23,17,18,13,30,28,29,14,16,26,27],"class_list":["post-341535","post","type-post","status-publish","format-standard","has-post-thumbnail","category-overskrifter","tag-breaking-news","tag-breakingnews","tag-featured-news","tag-featurednews","tag-headlines","tag-hovedoppslag","tag-latest-news","tag-latestnews","tag-main-news","tag-mainnews","tag-news","tag-no","tag-norge","tag-norway","tag-nyheter","tag-overskrifter","tag-top-stories","tag-topstories"],"share_on_mastodon":{"url":"https:\/\/pubeurope.com\/@no\/117201949596153827","error":""},"_links":{"self":[{"href":"https:\/\/www.europesays.com\/no\/wp-json\/wp\/v2\/posts\/341535","targetHints":{"allow":["GET"]}}],"collection":[{"href":"https:\/\/www.europesays.com\/no\/wp-json\/wp\/v2\/posts"}],"about":[{"href":"https:\/\/www.europesays.com\/no\/wp-json\/wp\/v2\/types\/post"}],"author":[{"embeddable":true,"href":"https:\/\/www.europesays.com\/no\/wp-json\/wp\/v2\/users\/2"}],"replies":[{"embeddable":true,"href":"https:\/\/www.europesays.com\/no\/wp-json\/wp\/v2\/comments?post=341535"}],"version-history":[{"count":0,"href":"https:\/\/www.europesays.com\/no\/wp-json\/wp\/v2\/posts\/341535\/revisions"}],"wp:featuredmedia":[{"embeddable":true,"href":"https:\/\/www.europesays.com\/no\/wp-json\/wp\/v2\/media\/341536"}],"wp:attachment":[{"href":"https:\/\/www.europesays.com\/no\/wp-json\/wp\/v2\/media?parent=341535"}],"wp:term":[{"taxonomy":"category","embeddable":true,"href":"https:\/\/www.europesays.com\/no\/wp-json\/wp\/v2\/categories?post=341535"},{"taxonomy":"post_tag","embeddable":true,"href":"https:\/\/www.europesays.com\/no\/wp-json\/wp\/v2\/tags?post=341535"}],"curies":[{"name":"wp","href":"https:\/\/api.w.org\/{rel}","templated":true}]}}