{"id":341551,"date":"2026-09-02T14:52:08","date_gmt":"2026-09-02T14:52:08","guid":{"rendered":"https:\/\/www.europesays.com\/no\/341551\/"},"modified":"2026-09-02T14:52:08","modified_gmt":"2026-09-02T14:52:08","slug":"gode-grunner-til-a-vaere-bekymret-e24","status":"publish","type":"post","link":"https:\/\/www.europesays.com\/no\/341551\/","title":{"rendered":"Gode grunner til \u00e5 v\u00e6re bekymret &#8211; E24"},"content":{"rendered":"<ol>\n<li><a href=\"https:\/\/news.google.com\/rss\/articles\/CBMif0FVX3lxTFB1dVFVRzRPTzFRSk5HU1ZNYUZES3pLQ3ppSlFOM3RzYXRCVEM3c3ZBQVUwc3BsY2FNa2ROaldjUlFEaDIyOU43b2Jjd2FLd1VOQ0pqSmhHcjZfdUtoZWhmNGpEQzJ4SjBXdzhyZUNhM1lPYXBhZ0FaVGl4aUxjcGM?oc=5\" target=\"_blank\" rel=\"nofollow noopener\">Gode grunner til \u00e5 v\u00e6re bekymret<\/a>&nbsp;&nbsp;E24<\/li>\n<li><a href=\"https:\/\/news.google.com\/rss\/articles\/CBMieEFVX3lxTE5TRHUxaGZoZjMzcmlVYkZucm1JcDkwYWNRUEpBSUtGekRSWC1UaHYxdDM3X0NxaHZidktISDBhTUwyZ19ZSm1CXzZoakg4OHN3WmJFUjlPRUJNanhIaktYdmMwUVNHRWJucFFlRm15bUg0MEo1bGp0Sw?oc=5\" target=\"_blank\" rel=\"nofollow noopener\">Globale statsrenter p\u00e5 h\u00f8yeste niv\u00e5 siden 2008<\/a>&nbsp;&nbsp;finanswatch.no<\/li>\n<li><a href=\"https:\/\/news.google.com\/rss\/articles\/CBMiowFBVV95cUxPQ082LVVRbGlhT0dFbFhmMC1IMW1obTNzQU5DTmllNWJZQXZ1S1NkcVdwVmtjaXlOam1mbDVDcEhHOTNSR1loYWU3aVBHU0s3LTF3bDJkbzFlcjF4RG9WOTlQajdOX2RoN2lERDhuRWRJSmY2M0w1aXVETjJQMHZqdDRRa3c1ZXRhVDZqM3RraGJndUpLei1CWDQya0RkeGl2cjZv?oc=5\" target=\"_blank\" rel=\"nofollow noopener\">10-\u00e5rige statsobligasjonsrenter passerer 4,75 %: G\u00e5r amerikanske renter inn i en ny fase?<\/a>&nbsp;&nbsp;Vietnam.vn<\/li>\n<li><a href=\"https:\/\/news.google.com\/rss\/articles\/CBMidEFVX3lxTE1jQjBWM0NGYTloMFJfN0VlMTNJclQ3X1ozbndPUHRaRkFMMGhvWHRUa0ZNeG03czF1WEVLSmF6U3pGYXBXVVhBdVRSenlwMkg3ekt3OHJoeXNpQm13OWdwX2dJRGZrVUt1YnNvV0ZRUU5lazF5?oc=5\" target=\"_blank\" rel=\"nofollow noopener\">Flere forhold presser lange USA-renter opp<\/a>&nbsp;&nbsp;geopolitika.no<\/li>\n<li><a href=\"https:\/\/news.google.com\/rss\/articles\/CBMilAFBVV95cUxPOFVKUTYxWUdZN3ZaWkw1bWJoakdGRzVuU0prX054cFJEQTRxaUMyUnRNM0J0T2R4Si1FQXljRzJMS3laSHFGT3dUdk0xM21jd3p2UUE3U2hlcERQRGk5Vm5CdXY3WTc5NlZiOW9WYi15VGdOaW1BWmFEOHVPZ0hpMXl2S1pVblB4MzE0dW1EVXpKRmU2?oc=5\" target=\"_blank\" rel=\"nofollow noopener\">Japanske renter p\u00e5 h\u00f8yeste niv\u00e5 siden 1996<\/a>&nbsp;&nbsp;DNB<\/li>\n<\/ol>\n","protected":false},"excerpt":{"rendered":"Gode grunner til \u00e5 v\u00e6re bekymret&nbsp;&nbsp;E24 Globale statsrenter p\u00e5 h\u00f8yeste niv\u00e5 siden 2008&nbsp;&nbsp;finanswatch.no 10-\u00e5rige statsobligasjonsrenter passerer 4,75 %:&hellip;\n","protected":false},"author":2,"featured_media":341552,"comment_status":"","ping_status":"","sticky":false,"template":"","format":"standard","meta":{"footnotes":"","_share_on_mastodon":"0"},"categories":[5],"tags":[20,21,24,25,3651,15,19,22,23,17,18,13,30,28,29,21609,14,16,8750,17690,26,27],"class_list":["post-341551","post","type-post","status-publish","format-standard","has-post-thumbnail","category-overskrifter","tag-breaking-news","tag-breakingnews","tag-featured-news","tag-featurednews","tag-gjeld","tag-headlines","tag-hovedoppslag","tag-latest-news","tag-latestnews","tag-main-news","tag-mainnews","tag-news","tag-no","tag-norge","tag-norway","tag-nouriel-roubini","tag-nyheter","tag-overskrifter","tag-spaltist","tag-statsobligasjoner","tag-top-stories","tag-topstories"],"share_on_mastodon":{"url":"https:\/\/pubeurope.com\/@no\/117202016483873936","error":""},"_links":{"self":[{"href":"https:\/\/www.europesays.com\/no\/wp-json\/wp\/v2\/posts\/341551","targetHints":{"allow":["GET"]}}],"collection":[{"href":"https:\/\/www.europesays.com\/no\/wp-json\/wp\/v2\/posts"}],"about":[{"href":"https:\/\/www.europesays.com\/no\/wp-json\/wp\/v2\/types\/post"}],"author":[{"embeddable":true,"href":"https:\/\/www.europesays.com\/no\/wp-json\/wp\/v2\/users\/2"}],"replies":[{"embeddable":true,"href":"https:\/\/www.europesays.com\/no\/wp-json\/wp\/v2\/comments?post=341551"}],"version-history":[{"count":0,"href":"https:\/\/www.europesays.com\/no\/wp-json\/wp\/v2\/posts\/341551\/revisions"}],"wp:featuredmedia":[{"embeddable":true,"href":"https:\/\/www.europesays.com\/no\/wp-json\/wp\/v2\/media\/341552"}],"wp:attachment":[{"href":"https:\/\/www.europesays.com\/no\/wp-json\/wp\/v2\/media?parent=341551"}],"wp:term":[{"taxonomy":"category","embeddable":true,"href":"https:\/\/www.europesays.com\/no\/wp-json\/wp\/v2\/categories?post=341551"},{"taxonomy":"post_tag","embeddable":true,"href":"https:\/\/www.europesays.com\/no\/wp-json\/wp\/v2\/tags?post=341551"}],"curies":[{"name":"wp","href":"https:\/\/api.w.org\/{rel}","templated":true}]}}