{"id":341555,"date":"2026-09-02T14:54:24","date_gmt":"2026-09-02T14:54:24","guid":{"rendered":"https:\/\/www.europesays.com\/no\/341555\/"},"modified":"2026-09-02T14:54:24","modified_gmt":"2026-09-02T14:54:24","slug":"litt-haltende-dystopi","status":"publish","type":"post","link":"https:\/\/www.europesays.com\/no\/341555\/","title":{"rendered":"Litt haltende dystopi"},"content":{"rendered":"<p>Den morgenen Kong Harald d\u00f8de merket jeg noe i stemmen til NRKs oppleser Petter<br \/>\nOulie-Hauge gjennom radioen da han leste beskjeden fra Kongehuset.<\/p>\n<p>Senere p\u00e5 dagen fant jeg fram TV-sendingen av<br \/>\nNyhetsmorgen og spolte tilbake.<\/p>\n<p>08:35, fredag 28. august. Nyhetsoppleserens kullsvarte<br \/>\nslips. Det blanke i \u00f8ynene. En beskjed som m\u00e5tte leses rett inn i kamera og ut<br \/>\nover landet, med de tusen hjem. <\/p>\n<p>Det var umulig \u00e5 ikke bli r\u00f8rt. Selv vi som tenker det er<br \/>\nutdatert \u00e5 holde seg med kongehus, kjenner p\u00e5 tyngden i at nasjonens formelle<br \/>\noverhode har g\u00e5tt bort, idet tidsskiftet er et faktum. <\/p>\n<p>I en mer fragmentert norsk virkelighet enn den jeg ble<br \/>\nf\u00f8dt inn i, er Kongehuset kanskje ett av de symbolene p\u00e5 norskheten som faktisk<br \/>\nfungerer noenlunde samlende. Om enn ikke p\u00e5 niv\u00e5 med herrelandslaget i<br \/>\nfotball-VM. <\/p>\n<p>    <a itemprop=\"url\" href=\"https:\/\/www.dagbladet.no\/meninger\/grat-da-de-slapp-inn\/85095883\" rel=\"nofollow noopener\" target=\"_blank\"><\/p>\n<p>        <img loading=\"lazy\" decoding=\"async\" src=\"https:\/\/www.europesays.com\/no\/wp-content\/uploads\/2026\/09\/1788360857_152_85097112.webp\" width=\"180\" height=\"81\" alt=\"\" class=\"lazyload\" style=\"--aspect-ratio-image: 2.22; \"\/><\/p>\n<p>        Gr\u00e5t da de slapp inn<\/p>\n<p>    <\/a><\/p>\n<p>I februar var nordmenns oppslutning om monarki som<br \/>\nstyreform nede i 60 prosent. Det skulle man ikke tro. Etter atferden til<br \/>\nriksmedienes journalister \u00e5 d\u00f8mme, ligger oppslutningen snarere p\u00e5<br \/>\nnord-koreansk niv\u00e5, rundt 106 prosent.<\/p>\n<p>\u00abHele landet<br \/>\ngikk inn i sorg da kong Harald gikk bort,\u00bb lyder en nyhetsrapport i<br \/>\nAftenposten. Opplysningen mangler kilde. \u00abN\u00e5 s\u00f8rger hele Norge,\u00bb fastsl\u00e5r<br \/>\nlikevel VG.<\/p>\n<p>\u00abHele landet er<br \/>\ni sorg,\u00bb utdyper VG-kommentator Ayesha Wolasmal. F\u00f8r VG-kommentator Shazia<br \/>\nMajid forklarer at Norge er \u00aben nasjon med 5,6 millioner mennesker som s\u00f8rger<br \/>\nover kongens d\u00f8d.\u00bb<\/p>\n<p>        HARALD OG SONJA: Det tidligere kongeparets unike kj\u00e6rlighetshistorie g\u00e5r viralt. Video: Sanne Holt\/R\u00f8d L\u00f8per, \u00abTil minne om kong Harald\u00bb\/ NRK TV, Instagram\/ @detnorskekongehuset<\/p>\n<p>Ikke bare alle voksne og alle barn i kongeriket, men ogs\u00e5<br \/>\ndemente og nyf\u00f8dte, s\u00f8rger tapet av v\u00e5r store sol. Og bladene faller av tr\u00e6rne,<br \/>\nover hele v\u00e5rt langstrakte land.<\/p>\n<p>NRK Marienlyst konstaterer at \u00abdet er som om det er over<br \/>\n5 millioner p\u00e5r\u00f8rende som s\u00f8rger\u00bb. <\/p>\n<p>Er dette sant, eller er det en l\u00f8gn?<\/p>\n<p>Medf\u00f8lelse, ja. Jeg tror vi kan anta at rundt fem<br \/>\nmillioner mennesker har sterk medf\u00f8lelse med familien til Harald. Tapet til<br \/>\nSonja. B\u00f8ra p\u00e5 s\u00f8nnens skuldre. Haakons tapre gjerning. <\/p>\n<p>Men \u00abp\u00e5r\u00f8rende\u00bb? <\/p>\n<p>    <a itemprop=\"url\" href=\"https:\/\/www.dagbladet.no\/meninger\/folkestyre-uten-pauseknapp\/85092114\" rel=\"nofollow noopener\" target=\"_blank\"><\/p>\n<p>        <img loading=\"lazy\" decoding=\"async\" src=\"https:\/\/www.europesays.com\/no\/wp-content\/uploads\/2026\/09\/1788360857_161_85029984.webp\" width=\"180\" height=\"81\" alt=\"\" class=\"lazyload\" style=\"--aspect-ratio-image: 2.22; \"\/><\/p>\n<p>        Folkestyre uten pauseknapp<\/p>\n<p>    <\/a><\/p>\n<p>Dyp sorg ved bortgangen til noen man aldri har m\u00f8tt er<br \/>\nikke umulig, men heller ikke s\u00e5 vanlig. <\/p>\n<p>Jeg ser ikke bort fra at det finnes en god del innbyggere<br \/>\nsom identifiserer seg s\u00e5 n\u00e6rt med Kongehuset at de f\u00f8ler en inderlig sorg ved<br \/>\nat den 89 \u00e5r gamle Harald n\u00e5 har funnet hvile. <\/p>\n<p>S\u00e6rlig blant dem som har fulgt de kongelige tett gjennom<br \/>\nalle livets faser og bryllup og rykter og skandaler, alts\u00e5 blant Se og<br \/>\nH\u00f8r-fansen, kan det nok hende at mange opplever en slags personlig n\u00e6rhet til<br \/>\nde kongelige. <\/p>\n<p>Denne delen av befolkningen fortjener selvsagt en<br \/>\nmediedekning av Haralds bortgang som kommer deres opplevelse i m\u00f8te. Men<br \/>\nhvilket grunnlag har NRK for \u00e5 p\u00e5st\u00e5 at over fem millioner innbyggere opplever<br \/>\ndette \u00absom om\u00bb vi var p\u00e5r\u00f8rende? <\/p>\n<p>Folk g\u00e5r p\u00e5 jobb, som vanlig. Ungene ler i barnehagen,<br \/>\nsom vanlig. Hvor respektfull overfor den familien som virkelig er<br \/>\np\u00e5r\u00f8rende og s\u00f8rgende, er egentlig NRKs og VGs og Aftenpostens dramatiske<br \/>\noverdrivelser? <\/p>\n<p>Det blir nesten ufrivillig komisk i NRK-saken \u00abNorges<br \/>\nbestefar: Barn over hele landet i sorg\u00bb. <\/p>\n<p>    <a itemprop=\"url\" href=\"https:\/\/www.dagbladet.no\/meninger\/noe-av-det-fineste-jeg-har-sett\/85089280\" rel=\"nofollow noopener\" target=\"_blank\"><\/p>\n<p>        <img loading=\"lazy\" decoding=\"async\" src=\"https:\/\/www.europesays.com\/no\/wp-content\/uploads\/2026\/09\/1788360858_794_85091640.webp\" width=\"180\" height=\"81\" alt=\"\" class=\"lazyload\" style=\"--aspect-ratio-image: 2.22; \"\/><\/p>\n<p>        Noe av det fineste jeg har sett<\/p>\n<p>    <\/a><\/p>\n<p>I den gripende historien om hvordan \u00abbarn over hele<br \/>\nlandet m\u00e5tte ta farvel\u00bb, har statskanalen funnet to ni-\u00e5ringer i Skien som kan<br \/>\nfortelle at de bare tilsynelatende har det fint: <\/p>\n<p>\u00ab\u2013 Det ser ut som at vi er glade p\u00e5 utsida. Men inni oss<br \/>\ner vi triste.\u00bb<\/p>\n<p>Det var da enda godt. <\/p>\n<p>Jeg h\u00f8rer mye p\u00e5 NRK. Greit \u00e5 f\u00e5 igjen litt for<br \/>\nskattepengene. Dessuten er jeg jo vara til Kringkastingsr\u00e5det. M\u00e5 f\u00f8lge med.<\/p>\n<p>        DEFILERING: Stortingsrepresentant June Gruer (Ap) tok opp mobilen og tok bilder da hun skulle bes\u00f8ke b\u00e5ren til kong Harald. Reporter: Edward Stenlund. Video: NRK<\/p>\n<p>Det begynte \u00e5 murre litt i t\u00e5lmodigheten p\u00e5 l\u00f8rdag. Hvis<br \/>\njeg fikk litt nok av patosen til Harald Stanghelle i NRK Nyheter, fantes ingen<br \/>\nflukt. NRK Jazz og NRK Klassisk var tatt av lufta og erstattet med Harald<br \/>\nStanghelles patos.<\/p>\n<p>S\u00f8ndag begynte jeg \u00e5 f\u00e5 litt nok. Ikke fordi det<br \/>\neneste vi fikk servert var kongestoff. Men fordi alt dette hoffstoffet p\u00e5<br \/>\ntomgang var s\u00e5 ulidelig kjeeedelig. <\/p>\n<p>Breaking-sjangeren, der<br \/>\nmediehus setter alt annet til side for \u00e5 f\u00f8lge DET SOM SKJER N\u00c5 p\u00e5 direkten,<br \/>\nfra sekund til sekund, er egnet til visse ting. N\u00e5r det bryter ut krig.<br \/>\nNaturkatastrofer. Dramatiske og p\u00e5g\u00e5ende hendelser der bildet gradvis blir mer<br \/>\ntydelig n\u00e5r viktig informasjon kommer fram gjennom den kontinuerlige dekningen.\n<\/p>\n<p>    <a itemprop=\"url\" href=\"https:\/\/www.dagbladet.no\/meninger\/store-stovler-a-fylle\/85084058\" rel=\"nofollow noopener\" target=\"_blank\"><\/p>\n<p>        <img loading=\"lazy\" decoding=\"async\" src=\"https:\/\/www.europesays.com\/no\/wp-content\/uploads\/2026\/09\/1788360859_26_85084078.webp\" width=\"180\" height=\"81\" alt=\"\" class=\"lazyload\" style=\"--aspect-ratio-image: 2.22; \"\/><\/p>\n<p>        Store st\u00f8vler \u00e5 fylle<\/p>\n<p>    <\/a><\/p>\n<p>Til n\u00f8d kan man tenke at sjangeren kan v\u00e6re egnet n\u00e5r<br \/>\nKongen ligger for d\u00f8den.\u00a0<\/p>\n<p>(Selv om mange vil mene journalistisk d\u00f8gnvakt utenfor<br \/>\nsykehuset for \u00e5 rapportere hvilke familiemedlemmer som bes\u00f8ker en<br \/>\nterminalpasient er \u00e5 tr\u00e5kke langt inn i privatlivets fred og en respektl\u00f8s form<br \/>\nfor krafsing i kjente menneskers sykdom og d\u00f8d.) <\/p>\n<p>N\u00e5r d\u00f8den har inntruffet, er imidlertid ogs\u00e5<br \/>\nbreaking-sjangeren d\u00f8d. Det har framst\u00e5tt hjelpel\u00f8st fra NRKs side \u00e5 skulle<br \/>\n\u00abrapportere\u00bb p\u00e5 breaking-m\u00e5ten i d\u00f8gn etter d\u00f8gn etter at Kong Harald gikk<br \/>\nbort.<\/p>\n<p>Mandag kom kritikken. Redakt\u00f8r Anki Gerhardsen <a href=\"https:\/\/www.dagbladet.no\/nyheter\/vi-er-vitne-til-en-personkult\/85091608\" rel=\"nofollow noopener\" target=\"_blank\">brukte<br \/>\nbegreper som \u00abpersonkult\u00bb\u00a0og \u00abservilt sideleie\u00bb<\/a> og kalte NRKs dekning<br \/>\n\u00abubehagelig\u00bb. <\/p>\n<p>Den ansvarlige p\u00e5 Marienlyst, Kathrine Hammerstad, svarte<br \/>\nat NRK m\u00e5 \u00abspeile befolkningens respons p\u00e5 kongens d\u00f8dsfall\u00bb. <\/p>\n<p>Det er selvsagt teoretisk mulig at NRK har rett i at hele<br \/>\nbefolkningen, bortsett fra meg, har Se og H\u00f8r-leserens n\u00e6re tilknytning til<br \/>\nkongefamilien og n\u00e5 befinner seg i dyp sorg, \u00absom om det er over 5 millioner<br \/>\np\u00e5r\u00f8rende\u00bb.\u00a0<\/p>\n<p>    <a itemprop=\"url\" href=\"https:\/\/www.dagbladet.no\/nyheter\/vi-er-vitne-til-en-personkult\/85091608\" rel=\"nofollow noopener\" target=\"_blank\"><\/p>\n<p>        <img loading=\"lazy\" decoding=\"async\" src=\"https:\/\/www.europesays.com\/no\/wp-content\/uploads\/2026\/09\/1788360859_625_85093857.webp\" width=\"180\" height=\"81\" alt=\"\" class=\"lazyload\" style=\"--aspect-ratio-image: 2.22; \"\/><\/p>\n<p>        &#8211; Vi er vitne til en personkult<\/p>\n<p>    <\/a><\/p>\n<p>Etter kommentarfeltene \u00e5 d\u00f8mme, er det likevel lite sannsynlig. <\/p>\n<p>\u00abTror sjelden jeg har blitt s\u00e5 provosert over noe, som<br \/>\njeg i disse dager er over NRK sine sendinger.\u00bb Dette ble postet tirsdag under<br \/>\net innlegg i Aftenposten som kritiserte breaking-dekningen av \u00abKongens d\u00f8d<br \/>\n&#8216;minutt for minutt\u00bb. <\/p>\n<p>Kritikken gikk ut p\u00e5 at NRKs dekning er s\u00e5 \u00abekstremt<br \/>\noverdrevet\u00bb at det framst\u00e5r \u00abrespektl\u00f8st, anmassende, f\u00f8lelseprojiserende,<br \/>\nkultdyrkende og ukritisk\u00bb i en slik grad at man blir \u00abblir skamfull p\u00e5 vegne av<br \/>\nNorge\u00bb\u00a0overfor \u00abden s\u00f8rgende familien\u00bb. <\/p>\n<p>Mange av kommentarene som applauderer dette utbruddet<br \/>\nbegynner omtrent som denne: \u00abDa var det alts\u00e5 ikke bare meg som har reagert p\u00e5<br \/>\nnoe som utviklet seg til et uverdig hysteri, show og et sirkus.\u00bb<\/p>\n<p>Det er visst ikke bare jeg som har tenkt, de siste<br \/>\ndagene: \u00abEr det meg det er noe galt med, eller er det \u2026 NRK?\u00bb.<\/p>\n<p>Det er ikke hissige tilhengere av republikk som n\u00e5 reagerer<br \/>\nmot Marienlyst. Mange i kommentarfeltene understreker at de har stor respekt<br \/>\nfor Kong Harald: <\/p>\n<p>\u00abMed all respekt for v\u00e5r avd\u00f8de flotte konge! En gang m\u00e5<br \/>\ndet v\u00e6re nok gjentakelser, selvf\u00f8lgeligheter, nye kjendiser i studio.\u00bb<\/p>\n<p>    <a itemprop=\"url\" href=\"https:\/\/www.dagbladet.no\/meninger\/dette-kommer-til-a-ga-bra\/85080355\" rel=\"nofollow noopener\" target=\"_blank\"><\/p>\n<p>        <img loading=\"lazy\" decoding=\"async\" src=\"https:\/\/www.europesays.com\/no\/wp-content\/uploads\/2026\/09\/1788360860_619_85081137.webp\" width=\"180\" height=\"81\" alt=\"\" class=\"lazyload\" style=\"--aspect-ratio-image: 2.22; \"\/><\/p>\n<p>        Dette kommer til \u00e5 g\u00e5 bra<\/p>\n<p>    <\/a><\/p>\n<p>Manglende respekt overfor den s\u00f8rgende familien er et<br \/>\ntema som g\u00e5r igjen. Fra Slottsplassen rapporterer Sanna Sarroma at \u00abdet var<br \/>\nlitt rart i dag n\u00e5r journalister sto der med mikrofoner og kameraer som om det<br \/>\nhele var et &#8216;sorgen minutt for minutt&#8217;-show\u00bb.<\/p>\n<p>Det som synes \u00e5 oppr\u00f8re mest, er n\u00e5r en familie i en<br \/>\nsv\u00e6rt tung tid blir fotfulgt av lange telelinser foran sykehuset. <\/p>\n<p>\u00abDet mest usmakelige synes jeg \u2018gribbene\u2019 utenfor<br \/>\nRikshospitalet stod for. Zoome inn en sorgtung og fortvilet Dronning i bilen da<br \/>\nhun forlot sykehuset. Totalt uetisk.\u00bb<\/p>\n<p>    <a itemprop=\"url\" href=\"https:\/\/www.dagbladet.no\/video\/regjeringen-tar-farvel\/BBGsgyts\" rel=\"nofollow noopener\" target=\"_blank\"><\/p>\n<p>        <img loading=\"lazy\" decoding=\"async\" src=\"https:\/\/www.europesays.com\/no\/wp-content\/uploads\/2026\/09\/1788360861_367_85099019.webp\" width=\"180\" height=\"81\" alt=\"\" class=\"lazyload\" style=\"--aspect-ratio-image: 2.22; \"\/><\/p>\n<p>        Regjeringen tar farvel<\/p>\n<p>    <\/a><\/p>\n<p>Tirsdag morgen. Jeg tenker kritikken sikkert har hatt<br \/>\nlitt effekt, og skrur p\u00e5 radioen med fornyet mot: Kanskje NRK Nyheter vil<br \/>\nservere noen \u2026 nyheter?<\/p>\n<p>\u00abDa setter vi over til \u00c5sa Vartdal<br \/>\np\u00e5 Slottsplassen.\u00bb<\/p>\n<p>Ja, der skal de alts\u00e5 st\u00e5 med sitt breaking-studio<br \/>\nhelt fram til gravferden 9. september. <\/p>\n<p>Gjest hos reporter Vartdal er den 87 \u00e5r gamle skuespiller<br \/>\nLise Fjeldstad. N\u00e5 skal vi f\u00e5 h\u00f8re at hennes storebror faktisk gikk i klasse<br \/>\nmed Harald. <\/p>\n<p>Jizes. <\/p>\n<p>    <a itemprop=\"url\" href=\"https:\/\/www.kk.no\/meninger\/vi-har-mistet-en-mann-som-flyttet-grenser\/85055176\" rel=\"nofollow noopener\" target=\"_blank\"><\/p>\n<p>        <img loading=\"lazy\" decoding=\"async\" src=\"https:\/\/www.europesays.com\/no\/wp-content\/uploads\/2026\/09\/1788360861_8_85055224.webp\" width=\"180\" height=\"81\" alt=\"\" class=\"lazyload\" style=\"--aspect-ratio-image: 2.22; \"\/><\/p>\n<p>        \u00abVi har mistet en mann som flyttet grenser\u00bb<\/p>\n<p>    <\/a><\/p>\n<p>Redakt\u00f8rene i hovedstaden liker \u00e5 messe om betydningen av<br \/>\n\u00abredakt\u00f8rstyrte medier\u00bb. Da b\u00f8r de ogs\u00e5 begynne \u00e5 redigere. Da b\u00f8r de ikke la<br \/>\nkjendis- og kongestoff fortrenge hele verdens nyheter i d\u00f8gn etter d\u00f8gn etter<br \/>\nd\u00f8gn fordi en ganske syk og svekket 89-\u00e5ring ganske forutsigelig n\u00e5 har g\u00e5tt<br \/>\nbort. <\/p>\n<p>Jeg betaler ikke tvangsskatt til statskanalen for at NRK<br \/>\nNyheter skal arrangere en to uker lang \u00abSe og H\u00f8r takeover\u00bb.<\/p>\n<p>Monarkens d\u00f8dsfall har v\u00e6rt gjort til en big deal i<br \/>\ndette riket i uminnelige tider, i det minste helt siden danske Kong Fredrik IIs<br \/>\ngravferd. <\/p>\n<p>Ved den anledningen, i 1588, var det ikke bare hoffet og<br \/>\nfamilien som gikk i s\u00f8rgetog med b\u00e5ren, slik det var tidligere, men<br \/>\nsalmesyngende studenter, prester og l\u00e6rde, adel og hoffmarskalker, fakkeltog og<br \/>\nfaneborg fra hele riket framfor rytterne, som red foran selve s\u00f8rgetegnet<br \/>\n\u2013\u00a0kongens krone \u2013 og deretter kista, drapert i likklede med kors.\u00a0<\/p>\n<p>I<br \/>\nmaleriene av opptoget kunne folk se at bakerst gikk kongefamilien, ikledd sin<br \/>\nfulle s\u00f8rgemundur. <\/p>\n<p>    <a itemprop=\"url\" href=\"https:\/\/www.dagbladet.no\/meninger\/han-var-ogsa-republikanernes-konge\/85054613\" rel=\"nofollow noopener\" target=\"_blank\"><\/p>\n<p>        <img loading=\"lazy\" decoding=\"async\" src=\"https:\/\/www.europesays.com\/no\/wp-content\/uploads\/2026\/09\/1788360862_155_85054638.webp\" width=\"180\" height=\"81\" alt=\"\" class=\"lazyload\" style=\"--aspect-ratio-image: 2.22; \"\/><\/p>\n<p>        Han var ogs\u00e5 republikanernes konge<\/p>\n<p>    <\/a><\/p>\n<p>Det sier seg selv at monarkens d\u00f8d er viktig for<br \/>\nmonarkiet som institusjon. Det er akkurat her, ved tronf\u00f8lge, at det<br \/>\nantidemokratiske ved ordningen blir synliggjort \u2013\u00a0den nye herskeren f\u00e5r<br \/>\ntronen bare fordi hen er barn av herskeren. <\/p>\n<p>Skal den nye monarken ha legitimitet og sitte trygt, kan<br \/>\nikke den forrige sin bortgang v\u00e6re som vanlige menneskers bortgang. Tvert imot:<br \/>\nHendelsen m\u00e5 kunngj\u00f8res for all verden, bl\u00e5ses opp og viktiggj\u00f8res. <\/p>\n<p>Bortgangen skal snakkes om i alle gudstjenester. Det skal<br \/>\nv\u00e6re m\u00e5neder med \u00abhoffsorg\u00bb: Hoffets ansatte b\u00e6rer s\u00f8rgeb\u00e5nd, hoffets brev har<br \/>\ns\u00f8rgerand, den avd\u00f8des portrett f\u00e5r s\u00f8rgesl\u00f8r. <\/p>\n<p>Den avd\u00f8des liv og gjerning skal opph\u00f8yes og hylles. \u00abHan<br \/>\nrepresenterte det beste i det norske,\u00bb proklamerte statsminister Brundtland ved<br \/>\ngravferden til Olav V, \u00abdet beste i oss alle.\u00bb<\/p>\n<p>Flaks for oss nordmenn, da, at s\u00f8nnen til en s\u00e5<br \/>\nfantastisk fyr sto klar til \u00e5 overta! \u00abKong Harald representerte det aller<br \/>\nbeste ved Norge,\u00bb proklamerer stortingspresidenten n\u00e5. <\/p>\n<p>Sannheten er nok at Kong Harald spilte en heller<br \/>\nbegrenset rolle i mange nordmenns liv mens han levde. Med viktige unntak,<br \/>\nselvsagt. <\/p>\n<p>    <a itemprop=\"url\" href=\"https:\/\/www.dagbladet.no\/meninger\/en-fin-fin-mann\/84288327\" rel=\"nofollow noopener\" target=\"_blank\"><\/p>\n<p>        <img loading=\"lazy\" decoding=\"async\" src=\"https:\/\/www.europesays.com\/no\/wp-content\/uploads\/2026\/09\/1788360863_236_84289036.webp\" width=\"180\" height=\"81\" alt=\"\" class=\"lazyload\" style=\"--aspect-ratio-image: 2.22; \"\/><\/p>\n<p>        En fin, fin mann<\/p>\n<p>    <\/a><\/p>\n<p>De mange vitnesbyrdene fra nordmenn med<br \/>\ninnvandrerbakgrunn som virkelig opplevde \u00e5 f\u00e5 b\u00e5de styrket og anerkjent sin<br \/>\ntilh\u00f8righet til dette samfunnet da Kongen s\u00e5 utvetydig inkluderte oss alle i<br \/>\ndet store \u00abvi\u00bb der ogs\u00e5 Kongefamilien selv nylig var innvandrere, vil for<br \/>\nalltid henge som en glorie over minnet om den lune og rause fyren som var Kong<br \/>\nHarald. <\/p>\n<p>Dette er noe \u00e5 v\u00e6re stolt av. Men likevel: Han spilte en<br \/>\nbegrenset rolle i nordmenns liv, enten vi tenker p\u00e5 hverdagens eller<br \/>\npolitikkens verden, s\u00e5 lenge han levde.\u00a0<\/p>\n<p>N\u00e5r han n\u00e5r skal l\u00f8ftes opp og hylles<br \/>\nsom \u00abdet aller beste\u00bb, er det mest av hensyn til s\u00f8nnens tronf\u00f8lge og<br \/>\ninstitusjonens legitimitet. <\/p>\n<p>Alt dette er som det m\u00e5 v\u00e6re. Kongehusets makt er en<br \/>\nsymbolsk makt. Den kan ikke opprettholdes uten jevnlige p\u00e5fyll av symbolsk<br \/>\nkapital. Det er dette som foreg\u00e5r, n\u00e5r en statsminister eller<br \/>\nstortingspresident hyller den avd\u00f8de monarken som \u00abdet beste i oss alle\u00bb. De<br \/>\ngj\u00f8r bare jobben sin. <\/p>\n<p>Det gj\u00f8r ikke journalistene i Norges hovedstad.<\/p>\n<p>NRK-plakaten sl\u00e5r fast at NRK \u00abskal verne om sin<br \/>\nintegritet og sin troverdighet for \u00e5 kunne opptre fritt og uavhengig\u00bb. <\/p>\n<p>    <a itemprop=\"url\" href=\"https:\/\/www.dagbladet.no\/meninger\/privat-profitt-ma-ut-av-barnevernet\/85071694\" rel=\"nofollow noopener\" target=\"_blank\"><\/p>\n<p>        <img loading=\"lazy\" decoding=\"async\" src=\"https:\/\/www.europesays.com\/no\/wp-content\/uploads\/2026\/09\/1788360863_674_85071718.webp\" width=\"180\" height=\"81\" alt=\"\" class=\"lazyload\" style=\"--aspect-ratio-image: 2.22; \"\/><\/p>\n<p>        Privat profitt m\u00e5 ut av barnevernet<\/p>\n<p>    <\/a><\/p>\n<p>Det er ikke frie og uavhengige redaksjoners oppdrag \u00e5<br \/>\nv\u00e6re event- og PR-byr\u00e5 for Kongehusets s\u00f8rgeperiode.<\/p>\n<p>Det er ikke frie og uavhengige redaksjoners oppdrag \u00e5<br \/>\np\u00e5st\u00e5 at 5,6 millioner innbyggere er rammet av sorg, \u00absom om\u00bb\u00a0alle er<br \/>\np\u00e5r\u00f8rende, n\u00e5r enhver nordmann vet at dette selvsagt ikke er sant. <\/p>\n<p>Vi befinner oss verken i Nord-Korea eller i Danmark-Norge<br \/>\nanno 1588. <\/p>\n<p>Jeg forst\u00e5r behovet for \u00e5 vise den s\u00f8rgende Kongefamilien<br \/>\nrespekt og markere monarkens bortgang med verdighet. <\/p>\n<p>Men det st\u00e5r verken respekt eller verdighet av den<br \/>\nkrafsende rapporteringen minutt for minutt foran sykehuset der Kongen m\u00e5 bes\u00f8ke<br \/>\nsin kone grunnet komplikasjoner etter lungetransplantasjon. <\/p>\n<p>Se hvordan verdigheten arter seg n\u00e5r Nettavisen velger<br \/>\npaparazzi-blikket p\u00e5 en trebarnsmors livstruende lungesykdom: <\/p>\n<p>\u00abKong Haakon ankom Rikshospitalet f\u00f8rst like etter<br \/>\nklokken 17 tirsdag ettermiddag. <\/p>\n<p>    <a itemprop=\"url\" href=\"https:\/\/www.dagbladet.no\/meninger\/ja-vi-elsker-denne-kongen\/85070142\" rel=\"nofollow noopener\" target=\"_blank\"><\/p>\n<p>        <img loading=\"lazy\" decoding=\"async\" src=\"https:\/\/www.europesays.com\/no\/wp-content\/uploads\/2026\/09\/1788360864_808_85070165.webp\" width=\"180\" height=\"81\" alt=\"\" class=\"lazyload\" style=\"--aspect-ratio-image: 2.22; \"\/><\/p>\n<p>        Ja, vi elsker denne kongen<\/p>\n<p>    <\/a><\/p>\n<p>Se og H\u00f8r publiserte samtidig bilder av dronning<br \/>\nMette-Marit, som kom ut av baksetet i bilen. <\/p>\n<p>Deretter meldte Nettavisens fotograf at kongen forlot<br \/>\nsykehuset igjen klokken 18.22, f\u00f8r han klokken 21 ankom Rikshospitalet for<br \/>\nandre gang.<\/p>\n<p>\u00c5rsaken til sykehusbes\u00f8ket er forel\u00f8pig ukjent. <\/p>\n<p>\u00abM\u00e4rtha Louise har ogs\u00e5 blitt observert p\u00e5 Rikshospitalet<br \/>\ntirsdag ettermiddag.\u00bb<\/p>\n<p>Jeg sier som kommentarfeltet: Det er s\u00e5 skammelig.<\/p>\n","protected":false},"excerpt":{"rendered":"Den morgenen Kong Harald d\u00f8de merket jeg noe i stemmen til NRKs oppleser Petter Oulie-Hauge gjennom radioen da&hellip;\n","protected":false},"author":2,"featured_media":341556,"comment_status":"","ping_status":"","sticky":false,"template":"","format":"standard","meta":{"footnotes":"","_share_on_mastodon":"0"},"categories":[58],"tags":[150,124,24742,71,30,28,29,323,72],"class_list":["post-341555","post","type-post","status-publish","format-standard","has-post-thumbnail","category-underholdning","tag-bok","tag-bokanmeldelse","tag-bokhosten-2026","tag-entertainment","tag-no","tag-norge","tag-norway","tag-sigrid-sollund","tag-underholdning"],"share_on_mastodon":{"url":"https:\/\/pubeurope.com\/@no\/117202025015442280","error":""},"_links":{"self":[{"href":"https:\/\/www.europesays.com\/no\/wp-json\/wp\/v2\/posts\/341555","targetHints":{"allow":["GET"]}}],"collection":[{"href":"https:\/\/www.europesays.com\/no\/wp-json\/wp\/v2\/posts"}],"about":[{"href":"https:\/\/www.europesays.com\/no\/wp-json\/wp\/v2\/types\/post"}],"author":[{"embeddable":true,"href":"https:\/\/www.europesays.com\/no\/wp-json\/wp\/v2\/users\/2"}],"replies":[{"embeddable":true,"href":"https:\/\/www.europesays.com\/no\/wp-json\/wp\/v2\/comments?post=341555"}],"version-history":[{"count":0,"href":"https:\/\/www.europesays.com\/no\/wp-json\/wp\/v2\/posts\/341555\/revisions"}],"wp:featuredmedia":[{"embeddable":true,"href":"https:\/\/www.europesays.com\/no\/wp-json\/wp\/v2\/media\/341556"}],"wp:attachment":[{"href":"https:\/\/www.europesays.com\/no\/wp-json\/wp\/v2\/media?parent=341555"}],"wp:term":[{"taxonomy":"category","embeddable":true,"href":"https:\/\/www.europesays.com\/no\/wp-json\/wp\/v2\/categories?post=341555"},{"taxonomy":"post_tag","embeddable":true,"href":"https:\/\/www.europesays.com\/no\/wp-json\/wp\/v2\/tags?post=341555"}],"curies":[{"name":"wp","href":"https:\/\/api.w.org\/{rel}","templated":true}]}}