{"id":341567,"date":"2026-09-02T15:10:20","date_gmt":"2026-09-02T15:10:20","guid":{"rendered":"https:\/\/www.europesays.com\/no\/341567\/"},"modified":"2026-09-02T15:10:20","modified_gmt":"2026-09-02T15:10:20","slug":"brasnur-etter-lukket-milliardaer-mote","status":"publish","type":"post","link":"https:\/\/www.europesays.com\/no\/341567\/","title":{"rendered":"Br\u00e5snur etter lukket milliard\u00e6r-m\u00f8te"},"content":{"rendered":"<p class=\"kicker \" style=\"\">Donald Trump:<\/p>\n<p class=\"subtitle \" style=\"\">Donald Trump hadde lagt en kraftig toll p\u00e5 brasiliansk kj\u00f8tt. S\u00e5 kom milliard\u00e6ren Joesley Batista p\u00e5 bes\u00f8k i Det hvite hus.<\/p>\n<p>\n    I DET HVITE HUS: Donald Trump i Det ovale kontor, der han 20. august m\u00f8tte den brasilianske milliard\u00e6ren Joesley Batista for \u00e5 diskutere kj\u00f8ttpriser og toll. Foto: Kevin Dietsch\/UPI\/Shutterstock\/NTB\n  <\/p>\n<p>    Kort fortalt<\/p>\n<p lang=\"nb-NO\">Trump m\u00f8tte Joesley Batista i Det hvite hus 20. august.<\/p>\n<p lang=\"nb-NO\">Dagen etter varslet han lavere toll p\u00e5 mer brasiliansk storfekj\u00f8tt.<\/p>\n<p lang=\"nb-NO\">Tiltaket skal dempe rekordh\u00f8ye kj\u00f8ttpriser i USA.<\/p>\n<p lang=\"nb-NO\">Tidslinjen vekker sp\u00f8rsm\u00e5l, men ingen kobling er dokumentert.<\/p>\n<p class=\"italic ai-disclaimer\" data-lab-italic=\"italic\">Sammendraget er laget av ChatGPT og godkjent av B\u00f8rsen.<\/p>\n<p>      Vis mer<br \/>\n      Vis mindre<\/p>\n<p>En brasiliansk milliard\u00e6r g\u00e5r inn d\u00f8rene til Det hvite hus.<\/p>\n<p>Dagen etter varsler Donald Trump en helomvending som kan gagne milliard\u00e6rens egen bransje.<\/p>\n<p>Det er bakteppet for nye opplysninger om et hemmelig m\u00f8te mellom USAs president og Joesley Batista, en av eierne av verdens st\u00f8rste kj\u00f8ttkonsern, JBS.<\/p>\n<p>If\u00f8lge <a href=\"https:\/\/www.wsj.com\/politics\/policy\/how-a-brazilian-billionaire-helped-shape-trumps-beef-import-plan-9f969669?utm_source=chatgpt.com\" rel=\"nofollow noopener\" target=\"_blank\">Wall Street Journal<\/a> m\u00f8tte Batista Trump i Det ovale kontor 20. august for \u00e5 diskutere de rekordh\u00f8ye amerikanske kj\u00f8ttprisene.<\/p>\n<p> M\u00f8tet sto ikke oppf\u00f8rt med Batistas navn p\u00e5 Trumps offentlige program.\u00a0<\/p>\n<p>        <img loading=\"lazy\" decoding=\"async\" src=\"https:\/\/www.europesays.com\/no\/wp-content\/uploads\/2026\/09\/85094009.webp\" width=\"686\" height=\"460\" alt=\"\" class=\"\" style=\"--aspect-ratio-image: 1.49; \"\/><\/p>\n<p>\n        MILLIARD\u00c6REN: Joesley Batista er medeier i JBS, verdens st\u00f8rste kj\u00f8ttkonsern. Her under en h\u00f8ring i nasjonalforsamlingen i Bras\u00edlia i 2017. Foto: Evaristo Sa\/AFP\/NTB\n    <\/p>\n<p>Batistas budskap var enkelt: Mer brasiliansk storfekj\u00f8tt kan bidra til \u00e5 presse prisene ned \u2013 dersom Trump reduserte den amerikanske importavgiften p\u00e5 26 prosent.<\/p>\n<p class=\"font-weight-bold m-font-weight-bold\" data-lab-font_weight=\"font-weight-bold\">Dagen etter m\u00f8tet varslet Trump en plan om \u00e5 \u00e5pne for mer storfekj\u00f8tt til lavere toll for \u00e5 f\u00e5 ned prisene.<\/p>\n<p>        IRAN: Et sp\u00f8rsm\u00e5l om \u00e5 bruke atomv\u00e5pen i krigen mot Iran f\u00e5r Donald Trump til \u00e5 reagere kraftig. Video: AP \/ CENTCOM \/ X, reporter: Danny Son To. <\/p>\n<p>Kj\u00f8ttmilliard\u00e6r\t<\/p>\n<p>Batista er ikke hvem som helst.<\/p>\n<p>Sammen med broren Wesley kontrollerer han JBS, som har vokst fra en liten brasiliansk slakterforretning til et av verdens st\u00f8rste kj\u00f8ttkonsern.<\/p>\n<p><a href=\"https:\/\/www.forbes.com\/profile\/joesley-batista\/?utm_source=chatgpt.com\" rel=\"nofollow noopener\" target=\"_blank\">Forbes<\/a> ansl\u00e5r Joesley Batistas formue til rundt 4,5 milliarder dollar, tilsvarende rundt 43 milliarder kroner.<\/p>\n<p>    <a itemprop=\"url\" href=\"https:\/\/borsen.dagbladet.no\/nyheter\/snur-etter-18-ar\/85092175\" rel=\"nofollow noopener\" target=\"_blank\"><\/p>\n<p>        <img loading=\"lazy\" decoding=\"async\" src=\"https:\/\/www.europesays.com\/no\/wp-content\/uploads\/2026\/09\/1788361816_940_85092193.webp\" width=\"180\" height=\"81\" alt=\"\" class=\"lazyload\" style=\"--aspect-ratio-image: 2.22; \"\/><\/p>\n<p>        Snur etter 18 \u00e5r<\/p>\n<p>    <\/a><\/p>\n<p>Br\u00f8drene tok kontroll over familiebedriften p\u00e5 2000-tallet og sto bak en voldsom internasjonal ekspansjon.<\/p>\n<p>I USA har JBS blitt en gigant. Fire selskaper \u2013 JBS USA, Tyson Foods, Cargill og National Beef \u2013 st\u00e5r til sammen for rundt 85 prosent av kj\u00f8ttforedlingen i landet, if\u00f8lge <a href=\"https:\/\/www.reuters.com\/world\/us\/trump-says-he-will-look-beef-processing-regulations-farmers-fight-tariff-plan-2026-08-26\/?utm_source=chatgpt.com\" rel=\"nofollow noopener\" target=\"_blank\">Reuters<\/a>.<\/p>\n<p>N\u00e5 er det nettopp kj\u00f8ttprisene som har blitt et politisk problem for Trump.<\/p>\n<p>        <img loading=\"lazy\" decoding=\"async\" src=\"https:\/\/www.europesays.com\/no\/wp-content\/uploads\/2026\/09\/85094534.webp\" width=\"686\" height=\"460\" alt=\"\" class=\"\" style=\"--aspect-ratio-image: 1.49; \"\/><\/p>\n<p>\n        KJ\u00d8TTGIGANT: En arbeider inne p\u00e5 en JBS-fabrikk i Montenegro i Brasil i desember 2024. Foto: Diego Vara \/ Reuters\n    <\/p>\n<p>Laveste p\u00e5 75 \u00e5r\t<\/p>\n<p>T\u00f8rke og skogbranner har bidratt til \u00e5 redusere den amerikanske storfebestanden til det laveste niv\u00e5et p\u00e5 75 \u00e5r.\u00a0<\/p>\n<p>Resultatet er rekordh\u00f8ye priser i butikkene, if\u00f8lge <a href=\"https:\/\/www.reuters.com\/world\/us\/trump-says-he-signed-proclamation-address-unreasonably-high-beef-prices-2026-08-26\/?utm_source=chatgpt.com\" rel=\"nofollow noopener\" target=\"_blank\">Reuters<\/a>.<\/p>\n<p>Trump har derfor g\u00e5tt til det uvanlige skrittet \u00e5 \u00e5pne for mer utenlandsk kj\u00f8tt.<\/p>\n<p>        <img loading=\"lazy\" decoding=\"async\" src=\"https:\/\/www.europesays.com\/no\/wp-content\/uploads\/2026\/09\/85094581.webp\" width=\"688\" height=\"393\" alt=\"\" class=\"\" style=\"--aspect-ratio-image: 1.75; \"\/><\/p>\n<p>\n        SKOGBRANN: Brannmannskaper f\u00f8lger med mens Plaskett-brannen n\u00e6rmer seg Highway 1 langs Big Sur-kysten i California 28. august 2026. Foto: Ethan Swope \/ AP\n    <\/p>\n<p>11. august signerte han en presidentordre som midlertidig \u00f8ker mengden magert storfekj\u00f8tt som kan importeres til en lavere tollsats.<\/p>\n<p>Ordningen gjelder i 90 dager fra 1. september og \u00e5pner for ytterligere 300 000 tonn. Det framg\u00e5r av <a href=\"https:\/\/www.whitehouse.gov\/presidential-actions\/2026\/08\/further-ensuring-affordable-beef-for-the-american-consumer\/?utm_source=chatgpt.com\" rel=\"nofollow noopener\" target=\"_blank\">ordren fra Det hvite hus<\/a>.<\/p>\n<p>Grepet har gjort amerikanske b\u00f8nder rasende. American Farm Bureau Federation, som\u00a0er en stor amerikansk interesseorganisasjon for b\u00f8nder og landbruk, har advart om at lavere toll kan ramme amerikanske storfeprodusenter.<\/p>\n<p>    <a itemprop=\"url\" href=\"https:\/\/borsen.dagbladet.no\/nyheter\/toppsjef-gar-pa-dagen\/85092997\" rel=\"nofollow noopener\" target=\"_blank\"><\/p>\n<p>        <img loading=\"lazy\" decoding=\"async\" src=\"https:\/\/www.europesays.com\/no\/wp-content\/uploads\/2026\/09\/1788361818_169_85093027.webp\" width=\"180\" height=\"81\" alt=\"\" class=\"lazyload\" style=\"--aspect-ratio-image: 2.22; \"\/><\/p>\n<p>        Toppsjef g\u00e5r p\u00e5 dagen<\/p>\n<p>    <\/a><\/p>\n<p>Ga millioner til Trump\t<\/p>\n<p>Batista-br\u00f8drene har ogs\u00e5 en mildt sagt broket historie.<\/p>\n<p>Joesley Batista ble arrestert i Brasil i 2017 i forbindelse med en omfattende korrupsjonssak.<\/p>\n<p>Samme \u00e5r inngikk br\u00f8drene og familieselskapet J&amp;F en avtale med brasilianske myndigheter etter en enorm korrupsjonsskandale.<\/p>\n<p><a href=\"https:\/\/www.forbes.com\/sites\/chloesorvino\/2025\/05\/13\/jbs-meatpacking-history-of-bribery-prepares-ipo-batista-brothers-joesley-batista-wesley-batista\/?utm_source=chatgpt.com\" rel=\"nofollow noopener\" target=\"_blank\">Forbes<\/a> har skrevet at skandalen omfattet ulovlige betalinger og kampanjebidrag knyttet til mer enn 1800 brasilianske politikere.<\/p>\n<p>Det finnes ogs\u00e5 en fersk forbindelse mellom Batista-familiens forretningsimperium og Trump.<\/p>\n<p class=\"font-weight-bold m-font-weight-bold\" data-lab-font_weight=\"font-weight-bold\">Pilgrim&#8217;s Pride, som er kontrollert av JBS, ga 5 millioner dollar \u2013 rundt 48 millioner kroner \u2013 til Trumps innsettelseskomit\u00e9.<\/p>\n<p>        <img loading=\"lazy\" decoding=\"async\" src=\"https:\/\/www.europesays.com\/no\/wp-content\/uploads\/2026\/09\/85094600.webp\" width=\"688\" height=\"393\" alt=\"\" class=\"\" style=\"--aspect-ratio-image: 1.75; \"\/><\/p>\n<p>\n        SKANDALE: JBS-eier og milliard\u00e6r Joesley Batista forlater hovedkvarteret til det f\u00f8derale politiet i S\u00e3o Paulo i Brasil 12. november 2018. Foto: Leonardo Benassatto \/ Reuters\n    <\/p>\n<p>If\u00f8lge et <a href=\"https:\/\/www.warren.senate.gov\/imo\/media\/doc\/letter_to_pilgrims_pride_on_inaugural_donation_influence.pdf?utm_source=chatgpt.com\" rel=\"nofollow noopener\" target=\"_blank\">brev fra senator Elizabeth Warren<\/a> var Pilgrim&#8217;s Pride den st\u00f8rste enkeltgiveren til innsettelseskomiteen. Donasjonen var st\u00f8rre enn bidragene fra Apples toppsjef, Amazon, Meta og Google til sammen.<\/p>\n<p>JBS har tidligere avvist at donasjonen hadde noen forbindelse til amerikanske myndigheters behandling av selskapet.<\/p>\n<p>Det finnes heller ingen dokumentasjon p\u00e5 at donasjonen hadde noen sammenheng med Trumps beslutning om kj\u00f8ttollen.<\/p>\n<p>    <a itemprop=\"url\" href=\"https:\/\/borsen.dagbladet.no\/nyheter\/slutt-for-norsk-ikon\/85092907\" rel=\"nofollow noopener\" target=\"_blank\"><\/p>\n<p>        <img loading=\"lazy\" decoding=\"async\" src=\"https:\/\/www.europesays.com\/no\/wp-content\/uploads\/2026\/09\/85092982.webp\" width=\"180\" height=\"81\" alt=\"\" class=\"lazyload\" style=\"--aspect-ratio-image: 2.22; \"\/><\/p>\n<p>        Slutt for norsk ikon<\/p>\n<p>    <\/a><\/p>\n<p>Gikk fra toll til billigere import\t<\/p>\n<p>Tidslinja rundt det nye tollgrepet er likevel oppsiktsvekkende, for bare h\u00f8r:<\/p>\n<p>20. august: Batista m\u00f8ter Trump og argumenterer if\u00f8lge <a href=\"https:\/\/www.wsj.com\/politics\/policy\/how-a-brazilian-billionaire-helped-shape-trumps-beef-import-plan-9f969669?utm_source=chatgpt.com\" rel=\"nofollow noopener\" target=\"_blank\">Wall Street Journal<\/a> for mer brasiliansk kj\u00f8tt og lavere toll.<\/p>\n<p>21. august: Trump varsler en plan om \u00e5 \u00e5pne for opptil 300 000 tonn magert storfekj\u00f8tt til lavere toll. M\u00e5let er \u00e5 presse prisene ned.<\/p>\n<p>28. august: Trump signerer <a href=\"https:\/\/www.whitehouse.gov\/presidential-actions\/2026\/08\/further-ensuring-affordable-beef-for-the-american-consumer\/?utm_source=chatgpt.com\" rel=\"nofollow noopener\" target=\"_blank\">den formelle ordren<\/a>.<\/p>\n<p>Fra tirsdag 1. september trer ordningen i kraft.<\/p>\n<p>Trump har begrunnet grepet med at amerikanske forbrukere betaler urimelig mye for kj\u00f8tt.<\/p>\n","protected":false},"excerpt":{"rendered":"Donald Trump: Donald Trump hadde lagt en kraftig toll p\u00e5 brasiliansk kj\u00f8tt. S\u00e5 kom milliard\u00e6ren Joesley Batista p\u00e5&hellip;\n","protected":false},"author":2,"featured_media":341568,"comment_status":"","ping_status":"","sticky":false,"template":"","format":"standard","meta":{"footnotes":"","_share_on_mastodon":"0"},"categories":[12],"tags":[3780,20,21,55,24,25,15,22,23,13,30,28,29,14,16,365,26,27,42,43,44,45],"class_list":["post-341567","post","type-post","status-publish","format-standard","has-post-thumbnail","category-verden","tag-brasil","tag-breaking-news","tag-breakingnews","tag-donald-trump","tag-featured-news","tag-featurednews","tag-headlines","tag-latest-news","tag-latestnews","tag-news","tag-no","tag-norge","tag-norway","tag-nyheter","tag-overskrifter","tag-toll","tag-top-stories","tag-topstories","tag-verden","tag-world","tag-world-news","tag-worldnews"],"share_on_mastodon":{"url":"https:\/\/pubeurope.com\/@no\/117202088057303647","error":""},"_links":{"self":[{"href":"https:\/\/www.europesays.com\/no\/wp-json\/wp\/v2\/posts\/341567","targetHints":{"allow":["GET"]}}],"collection":[{"href":"https:\/\/www.europesays.com\/no\/wp-json\/wp\/v2\/posts"}],"about":[{"href":"https:\/\/www.europesays.com\/no\/wp-json\/wp\/v2\/types\/post"}],"author":[{"embeddable":true,"href":"https:\/\/www.europesays.com\/no\/wp-json\/wp\/v2\/users\/2"}],"replies":[{"embeddable":true,"href":"https:\/\/www.europesays.com\/no\/wp-json\/wp\/v2\/comments?post=341567"}],"version-history":[{"count":0,"href":"https:\/\/www.europesays.com\/no\/wp-json\/wp\/v2\/posts\/341567\/revisions"}],"wp:featuredmedia":[{"embeddable":true,"href":"https:\/\/www.europesays.com\/no\/wp-json\/wp\/v2\/media\/341568"}],"wp:attachment":[{"href":"https:\/\/www.europesays.com\/no\/wp-json\/wp\/v2\/media?parent=341567"}],"wp:term":[{"taxonomy":"category","embeddable":true,"href":"https:\/\/www.europesays.com\/no\/wp-json\/wp\/v2\/categories?post=341567"},{"taxonomy":"post_tag","embeddable":true,"href":"https:\/\/www.europesays.com\/no\/wp-json\/wp\/v2\/tags?post=341567"}],"curies":[{"name":"wp","href":"https:\/\/api.w.org\/{rel}","templated":true}]}}