{"id":341571,"date":"2026-09-02T15:12:21","date_gmt":"2026-09-02T15:12:21","guid":{"rendered":"https:\/\/www.europesays.com\/no\/341571\/"},"modified":"2026-09-02T15:12:21","modified_gmt":"2026-09-02T15:12:21","slug":"vg-flere-norske-studiesteder-utsatt-for-dataangrep-fra-hackergruppe","status":"publish","type":"post","link":"https:\/\/www.europesays.com\/no\/341571\/","title":{"rendered":"VG: Flere norske studiesteder utsatt for dataangrep fra hackergruppe"},"content":{"rendered":"<p class=\"extendedContent hyperion-css-eyn926\" data-test-tag=\"lead-text\">Universitetet i Oslo bekrefter overfor VG at det, og flere av landets universitet og h\u00f8yskoler, er rammet.<\/p>\n<p><img decoding=\"async\" class=\"image-asset hyperion-css-u06ts1\" data-test-tag=\"image-asset\" src=\"https:\/\/www.europesays.com\/no\/wp-content\/uploads\/2026\/09\/4a53bdfc-4b68-3224-8433-4a834a5ddde6.jpeg\"  alt=\"Flere universiteter i Norge utsatt for dataangrep, blant annet Universitetet i Oslo.\"  loading=\"eager\" fetchpriority=\"high\" style=\"aspect-ratio:2048 \/ 1363\"\/>Flere universiteter i Norge utsatt for dataangrep, blant annet Universitetet i Oslo. Foto: Jon Olav Nesvold \/ NTB<\/p>\n<p>Publisert: 02.09.2026 15:49 |\u00a0Oppdatert: 02.09.2026 16:33<\/p>\n<p class=\"hyperion-css-1j42uic\">En hackergruppe, som kaller seg Server Killers, tar p\u00e5 seg ansvaret, if\u00f8lge <a aria-label=\"VG\" class=\"default hyperion-css-1raymq9\" href=\"https:\/\/www.vg.no\/nyheter\/i\/Pdmpm5\/hackergruppen-server-killers-angriper-norske-universitet\" target=\"_blank\" rel=\"noopener nofollow noreferrer\" data-test-tag=\"external-link\">VG<\/a>.<\/p>\n<p class=\"hyperion-css-1j42uic\">Dette er en prorussisk hackergruppe som i forrige uke erkl\u00e6rte \u00abcyberkrig\u00bb mot Norge.<\/p>\n<p class=\"hyperion-css-1j42uic\">Krigserkl\u00e6ringen ble begrunnet med Norges st\u00f8tte til Ukraina og det nye forsvars- og sikkerhetssamarbeidet mellom landene.<\/p>\n<p class=\"hyperion-css-1j42uic\">\u2013 Flere i universitets- og h\u00f8yskolesektoren er under et DDoS-angrep. Vi jobber med \u00e5 stabilisere tjenestene, skriver seniorr\u00e5dgiver ved UiO Camilla Chausse i en e-post til VG.<\/p>\n","protected":false},"excerpt":{"rendered":"Universitetet i Oslo bekrefter overfor VG at det, og flere av landets universitet og h\u00f8yskoler, er rammet. Flere&hellip;\n","protected":false},"author":2,"featured_media":341572,"comment_status":"","ping_status":"","sticky":false,"template":"","format":"standard","meta":{"footnotes":"","_share_on_mastodon":"0"},"categories":[5],"tags":[20,21,24,25,15,19,22,23,17,18,13,30,28,29,14,16,26,27],"class_list":["post-341571","post","type-post","status-publish","format-standard","has-post-thumbnail","category-overskrifter","tag-breaking-news","tag-breakingnews","tag-featured-news","tag-featurednews","tag-headlines","tag-hovedoppslag","tag-latest-news","tag-latestnews","tag-main-news","tag-mainnews","tag-news","tag-no","tag-norge","tag-norway","tag-nyheter","tag-overskrifter","tag-top-stories","tag-topstories"],"share_on_mastodon":{"url":"https:\/\/pubeurope.com\/@no\/117202095946413365","error":""},"_links":{"self":[{"href":"https:\/\/www.europesays.com\/no\/wp-json\/wp\/v2\/posts\/341571","targetHints":{"allow":["GET"]}}],"collection":[{"href":"https:\/\/www.europesays.com\/no\/wp-json\/wp\/v2\/posts"}],"about":[{"href":"https:\/\/www.europesays.com\/no\/wp-json\/wp\/v2\/types\/post"}],"author":[{"embeddable":true,"href":"https:\/\/www.europesays.com\/no\/wp-json\/wp\/v2\/users\/2"}],"replies":[{"embeddable":true,"href":"https:\/\/www.europesays.com\/no\/wp-json\/wp\/v2\/comments?post=341571"}],"version-history":[{"count":0,"href":"https:\/\/www.europesays.com\/no\/wp-json\/wp\/v2\/posts\/341571\/revisions"}],"wp:featuredmedia":[{"embeddable":true,"href":"https:\/\/www.europesays.com\/no\/wp-json\/wp\/v2\/media\/341572"}],"wp:attachment":[{"href":"https:\/\/www.europesays.com\/no\/wp-json\/wp\/v2\/media?parent=341571"}],"wp:term":[{"taxonomy":"category","embeddable":true,"href":"https:\/\/www.europesays.com\/no\/wp-json\/wp\/v2\/categories?post=341571"},{"taxonomy":"post_tag","embeddable":true,"href":"https:\/\/www.europesays.com\/no\/wp-json\/wp\/v2\/tags?post=341571"}],"curies":[{"name":"wp","href":"https:\/\/api.w.org\/{rel}","templated":true}]}}