{"id":341577,"date":"2026-09-02T15:21:21","date_gmt":"2026-09-02T15:21:21","guid":{"rendered":"https:\/\/www.europesays.com\/no\/341577\/"},"modified":"2026-09-02T15:21:21","modified_gmt":"2026-09-02T15:21:21","slug":"24-aring-frikjent-for-voldtekt-av-13-aring-retten-mente-hun-sa-eldre-ut-2","status":"publish","type":"post","link":"https:\/\/www.europesays.com\/no\/341577\/","title":{"rendered":"24-\u00e5ring frikjent for voldtekt av 13-\u00e5ring \u2013 retten mente hun s\u00e5 eldre ut"},"content":{"rendered":"<p class=\"extendedContent hyperion-css-eyn926\" data-test-tag=\"lead-text\">En 24 \u00e5r gammel mann er frikjent for voldtekt og voldtekt av barn etter \u00e5 ha hatt sex med en 13 \u00e5r gammel jente i Sverige.<\/p>\n<p>Publisert: 01.09.2026 23:58<\/p>\n<p class=\"paywall hyperion-css-1j42uic\">Falu tingrett mener det ikke er bevist at mannen forsto eller burde ha forst\u00e5tt at jenta var under 15 \u00e5r, <a aria-label=\"skriver Expressen\" class=\"default hyperion-css-1raymq9\" href=\"https:\/\/www.expressen.se\/nyheter\/sverige\/frias-fran-valdtakt-flicka-sag-aldre-ut\/\" target=\"_blank\" rel=\"noopener nofollow noreferrer\" data-test-tag=\"external-link\">skriver Expressen<\/a>.<\/p>\n<p class=\"paywall hyperion-css-1j42uic\">\u2013 Tingrettens vurdering er at forn\u00e6rmede har sett betydelig eldre ut enn faktisk alder, heter det i dommen.<\/p>\n<p class=\"paywall hyperion-css-1j42uic\">Det er ikke omstridt at de hadde samleie, men jenta har forklart at samleiet skjedde mot hennes vilje, og at mannen tok kvelertak p\u00e5 henne. Mannen har sagt at samleiet var frivillig.<\/p>\n<p class=\"paywall hyperion-css-1j42uic\">Retten mener det ikke er bevist at det ble brukt vold eller at jenta ikke samtykket. Den mener heller ikke mannen var uaktsom n\u00e5r det gjaldt alderen hennes.<\/p>\n<p class=\"paywall hyperion-css-1j42uic\">Aktor Johan Wennhag mener mannen burde ha forst\u00e5tt at jenta kunne v\u00e6re under 15 \u00e5r, blant annet fordi de m\u00f8ttes p\u00e5 et sted der ungdommer med EPA-traktorer pleier \u00e5 samles. Dommen er anket.<\/p>\n<p class=\"paywall hyperion-css-1j42uic\">Rettens juridiske dommer Katarina Lindstr\u00f6m var uenig med lekdommerne. Hun mener videoer i saken klart viser at jenta er sv\u00e6rt ung.<\/p>\n","protected":false},"excerpt":{"rendered":"En 24 \u00e5r gammel mann er frikjent for voldtekt og voldtekt av barn etter \u00e5 ha hatt sex&hellip;\n","protected":false},"author":2,"featured_media":341578,"comment_status":"","ping_status":"","sticky":false,"template":"","format":"standard","meta":{"footnotes":"","_share_on_mastodon":"0"},"categories":[12],"tags":[20,21,24,25,15,22,23,13,30,28,29,14,16,26,27,42,43,44,45],"class_list":["post-341577","post","type-post","status-publish","format-standard","has-post-thumbnail","category-verden","tag-breaking-news","tag-breakingnews","tag-featured-news","tag-featurednews","tag-headlines","tag-latest-news","tag-latestnews","tag-news","tag-no","tag-norge","tag-norway","tag-nyheter","tag-overskrifter","tag-top-stories","tag-topstories","tag-verden","tag-world","tag-world-news","tag-worldnews"],"share_on_mastodon":{"url":"https:\/\/pubeurope.com\/@no\/117202130286538589","error":""},"_links":{"self":[{"href":"https:\/\/www.europesays.com\/no\/wp-json\/wp\/v2\/posts\/341577","targetHints":{"allow":["GET"]}}],"collection":[{"href":"https:\/\/www.europesays.com\/no\/wp-json\/wp\/v2\/posts"}],"about":[{"href":"https:\/\/www.europesays.com\/no\/wp-json\/wp\/v2\/types\/post"}],"author":[{"embeddable":true,"href":"https:\/\/www.europesays.com\/no\/wp-json\/wp\/v2\/users\/2"}],"replies":[{"embeddable":true,"href":"https:\/\/www.europesays.com\/no\/wp-json\/wp\/v2\/comments?post=341577"}],"version-history":[{"count":0,"href":"https:\/\/www.europesays.com\/no\/wp-json\/wp\/v2\/posts\/341577\/revisions"}],"wp:featuredmedia":[{"embeddable":true,"href":"https:\/\/www.europesays.com\/no\/wp-json\/wp\/v2\/media\/341578"}],"wp:attachment":[{"href":"https:\/\/www.europesays.com\/no\/wp-json\/wp\/v2\/media?parent=341577"}],"wp:term":[{"taxonomy":"category","embeddable":true,"href":"https:\/\/www.europesays.com\/no\/wp-json\/wp\/v2\/categories?post=341577"},{"taxonomy":"post_tag","embeddable":true,"href":"https:\/\/www.europesays.com\/no\/wp-json\/wp\/v2\/tags?post=341577"}],"curies":[{"name":"wp","href":"https:\/\/api.w.org\/{rel}","templated":true}]}}