{"id":341587,"date":"2026-09-02T15:28:16","date_gmt":"2026-09-02T15:28:16","guid":{"rendered":"https:\/\/www.europesays.com\/no\/341587\/"},"modified":"2026-09-02T15:28:16","modified_gmt":"2026-09-02T15:28:16","slug":"russland-ukraina-russland-svarer-pa-zelenskyj-trussel-vi-har-losninger","status":"publish","type":"post","link":"https:\/\/www.europesays.com\/no\/341587\/","title":{"rendered":"Russland, Ukraina | Russland svarer p\u00e5 Zelenskyj-trussel: \u2013 Vi har l\u00f8sninger"},"content":{"rendered":"\n<p>\u2013 Vi forbereder oss naturligvis p\u00e5 dette og tar h\u00f8yde for alle disse truslene. Vi jobber l\u00f8pende med \u00e5 bedre flysikkerheten og sikkerheten ved flyplassene, og vi har l\u00f8sninger p\u00e5 alt, sier Russlands samferdselsminister Andrej Nikitin, if\u00f8lge det uavhengige russiske nyhetsbyr\u00e5et Interfax.<\/p>\n<p>Bakgrunnen er at Ukrainas president Volodymyr Zelenskyj tirsdag varslet at ukrainske droner vil gj\u00f8re russisk luftrom \u00abfullstendig usikkert\u00bb.<\/p>\n<p>Han sa at tiden med et trygt russisk luftrom er over, men understreket at Ukraina ikke truer sivile fly.<\/p>\n<p>\u2013 Det er ganske enkelt slik at dronene i det russiske luftrommet vil kreve at man tar hensyn til dem. Selv om russiske myndigheter ikke opplyser om dette slik de burde, vil det russiske luftrommet i realiteten bli stengt: Krigen som er utl\u00f8st av Russland, stenger luftrommet deres, advarte Ukrainas president.<\/p>\n<p>Zelenskyj sier Ukraina ikke \u00f8nsker at uskyldige mennesker skal miste livet.<\/p>\n<p><b>Les ogs\u00e5: <a href=\"https:\/\/www.nettavisen.no\/nyheter\/zelenskyj-advarer-ukrainske-droner-vil-stenge-russisk-luftrom\/s\/80-95-47396\" rel=\"Follow nofollow noopener\" target=\"_blank\">Varsler stenging av russisk luftrom<\/a><\/b><\/p>\n<p>Vil ikke avsl\u00f8re l\u00f8sningene<\/p>\n<p>Nikitin sier ikke hva de russiske tiltakene g\u00e5r ut p\u00e5.<\/p>\n<p>Han opplyser likevel at de samarbeider tett med b\u00e5de det russiske forsvarsdepartementet og nasjonalgarden.\u00a0<\/p>\n<p>Zelenskyj har varslet at ukrainske droneangrep skal gj\u00f8re det vanskeligere \u00e5 opprettholde vanlig flytrafikk over Russland.<\/p>\n<p>Han har ogs\u00e5 sagt at Ukraina kan stanse angrep i bestemte tidsrom dersom allierte ber om det i forbindelse med diplomatiske m\u00f8ter.<\/p>\n<p><b>Les ogs\u00e5: <a href=\"https:\/\/www.nettavisen.no\/nyheter\/putin-hevder-russland-vinner-krigen-avviser-samtaler-med-terrorister\/s\/80-95-47495\" rel=\"Follow nofollow noopener\" target=\"_blank\">Putin hevder Russland vinner krigen \u2013 avviser samtaler med \u00abterrorister\u00bb<\/a><\/b><\/p>\n<p>Putin varslet svar<\/p>\n<p>Russlands president Vladimir Putin reagerte <a rel=\"Follow nofollow noopener\" href=\"https:\/\/www.nettavisen.no\/nyheter\/putin-hevder-russland-vinner-krigen-avviser-samtaler-med-terrorister\/s\/80-95-47495\" target=\"_blank\">tirsdag kveld<\/a> p\u00e5 Zelenskyjs uttalelser.<\/p>\n<p>Putin kalte dem \u00abstatsterrorisme\u00bb og sa at Russland vil svare dersom Ukraina gj\u00f8r alvor av trusselen.\u00a0<\/p>\n<p>Han erkjente ogs\u00e5 at ukrainske droneangrep den siste tiden har gjort reell skade i Russland, men fastholdt at russiske styrker har framgang p\u00e5 slagmarken.\u00a0<\/p>\n<p><b>Les ogs\u00e5: <a class=\"simple-relation related-teaser article--c-eBQpMJ\" href=\"https:\/\/www.nettavisen.no\/nyheter\/tysklands-utenriksminister-russland-ma-leve-med-konsekvensene-av-leipzig-angrepet\/s\/80-95-48251\" rel=\"nofollow noopener\" target=\"_blank\">Tysklands utenriksminister: Russland m\u00e5 leve med konsekvensene av Leipzig-angrepet<\/a><\/b><\/p>\n<p>    Vil du se neste video?<\/p>\n<p>    <a href=\"https:\/\/www.nettavisen.no\/nyheter\/statsminister-jonas-gahr-store-svarer-frustrert-dieselkunde-og-traktorsjafor\/v\/80-95-33380\" class=\"recommend-poster\" data-adp-clicklabel=\"video-recommend\" data-adp-clickvalue=\"poster\" rel=\"nofollow noopener\" target=\"_blank\"><br \/>\n      <img decoding=\"async\" width=\"200\" height=\"200\" loading=\"lazy\" src=\"https:\/\/www.europesays.com\/no\/wp-content\/uploads\/2026\/09\/1788362896_112_Jonas Gahr St\u00f8re bredde.jpg\" alt=\"\" class=\"brick-c-cFOWSL\" style=\"--brick-image-ratio: 200 \/ 200;\"\/><\/p>\n<p>Svarer lei traktorsja\u030af\u00f8r1:26<\/p>\n<p>    <\/a><\/p>\n","protected":false},"excerpt":{"rendered":"\u2013 Vi forbereder oss naturligvis p\u00e5 dette og tar h\u00f8yde for alle disse truslene. Vi jobber l\u00f8pende med&hellip;\n","protected":false},"author":2,"featured_media":341588,"comment_status":"","ping_status":"","sticky":false,"template":"","format":"standard","meta":{"footnotes":"","_share_on_mastodon":"0"},"categories":[12],"tags":[20,21,24,25,15,22,23,13,30,28,29,14,16,26,27,42,43,44,45],"class_list":["post-341587","post","type-post","status-publish","format-standard","has-post-thumbnail","category-verden","tag-breaking-news","tag-breakingnews","tag-featured-news","tag-featurednews","tag-headlines","tag-latest-news","tag-latestnews","tag-news","tag-no","tag-norge","tag-norway","tag-nyheter","tag-overskrifter","tag-top-stories","tag-topstories","tag-verden","tag-world","tag-world-news","tag-worldnews"],"share_on_mastodon":{"url":"https:\/\/pubeurope.com\/@no\/117202158353042873","error":""},"_links":{"self":[{"href":"https:\/\/www.europesays.com\/no\/wp-json\/wp\/v2\/posts\/341587","targetHints":{"allow":["GET"]}}],"collection":[{"href":"https:\/\/www.europesays.com\/no\/wp-json\/wp\/v2\/posts"}],"about":[{"href":"https:\/\/www.europesays.com\/no\/wp-json\/wp\/v2\/types\/post"}],"author":[{"embeddable":true,"href":"https:\/\/www.europesays.com\/no\/wp-json\/wp\/v2\/users\/2"}],"replies":[{"embeddable":true,"href":"https:\/\/www.europesays.com\/no\/wp-json\/wp\/v2\/comments?post=341587"}],"version-history":[{"count":0,"href":"https:\/\/www.europesays.com\/no\/wp-json\/wp\/v2\/posts\/341587\/revisions"}],"wp:featuredmedia":[{"embeddable":true,"href":"https:\/\/www.europesays.com\/no\/wp-json\/wp\/v2\/media\/341588"}],"wp:attachment":[{"href":"https:\/\/www.europesays.com\/no\/wp-json\/wp\/v2\/media?parent=341587"}],"wp:term":[{"taxonomy":"category","embeddable":true,"href":"https:\/\/www.europesays.com\/no\/wp-json\/wp\/v2\/categories?post=341587"},{"taxonomy":"post_tag","embeddable":true,"href":"https:\/\/www.europesays.com\/no\/wp-json\/wp\/v2\/tags?post=341587"}],"curies":[{"name":"wp","href":"https:\/\/api.w.org\/{rel}","templated":true}]}}