{"id":341591,"date":"2026-09-02T15:30:20","date_gmt":"2026-09-02T15:30:20","guid":{"rendered":"https:\/\/www.europesays.com\/no\/341591\/"},"modified":"2026-09-02T15:30:20","modified_gmt":"2026-09-02T15:30:20","slug":"droyt-300-ansatte-i-posten-bring-mister-jobben-e24","status":"publish","type":"post","link":"https:\/\/www.europesays.com\/no\/341591\/","title":{"rendered":"Dr\u00f8yt 300 ansatte i Posten Bring mister jobben \u2013 E24"},"content":{"rendered":"\n<p class=\"_textTheme_1yhmn_1 _lead_16k26_2 _lead_3ue4t_18 layout-component layout-wide layout-padded _lead_o6m9k_5 body-large _wide_o6m9k_9\">Konsernet skal kutte indirekte kostnader med 25 prosent.<\/p>\n<p><img alt=\"\" class=\"_image_1jxax_84 layout-component layout-wide\" data-fullscreen- data-track-element-type=\"Article image fullscreen\" data-track-name=\"ImageFullscreen\" fetchpriority=\"high\" decoding=\"sync\" loading=\"eager\" height=\"2197\" itemprop=\"image\"  src=\"https:\/\/www.europesays.com\/no\/wp-content\/uploads\/2026\/09\/1c825e53-c725-3c27-9603-d30c3ee89b9e.jpeg\"  style=\"object-position:0% 0%\" width=\"3296\"\/>  Foto: Jonas F\u00e6ste Laksekj\u00f8n \/ NTBVis mer<a class=\"_link_1lr5y_108\" href=\"https:\/\/e24.no\/forfatter\/martin-hagh-hoegseth\" title=\"Martin Hagh H\u00f8gseth\" rel=\"nofollow noopener\" target=\"_blank\"><img alt=\"Bilde av Martin Hagh H\u00f8gseth\" class=\"_image_1lr5y_85\" fetchpriority=\"low\" decoding=\"async\" itemprop=\"image\" loading=\"lazy\"  src=\"https:\/\/www.europesays.com\/no\/wp-content\/uploads\/2026\/09\/ca85a4c6-9695-4d7d-9352-db1872118d89.png\"  width=\"480\"\/><\/a>          <\/p>\n<p class=\"_textTheme_1yhmn_1 _paragraph_16k26_4 _paragraph_3ue4t_27 layout-component layout-normal layout-padded body-medium\">Denne uken ble omfanget av den varslede nedbemanningen i Posten Bring kjent p\u00e5 et allm\u00f8te. Dr\u00f8yt 300 stillinger forsvinner n\u00e5r konsernet i 2027 skal spisse seg mot kjernevirksomheten, skriver <a href=\"https:\/\/www.fagbladet.no\/nyheter\/over-300-mister-jobben-i-posten-bring\/756111\" class=\"_link_16k26_32\" rel=\"nofollow noopener\" target=\"_blank\">Fagbladet<\/a>.<\/p>\n<p class=\"_textTheme_1yhmn_1 _paragraph_16k26_4 _paragraph_3ue4t_27 layout-component layout-normal layout-padded body-medium\">Det er stab- og st\u00f8ttefunksjoner som rammes av kuttene. Kunngj\u00f8ringen kommer et \u00e5r etter forrige runde, da 250 \u00e5rsverk ble kuttet ved hovedkontoret og ute i regionene.<\/p>\n<p class=\"_textTheme_1yhmn_1 _paragraph_16k26_4 _paragraph_3ue4t_27 layout-component layout-normal layout-padded body-medium\">Konsernsjef Petter B\u00f8rre Furberg har tidligere varslet at nedbemanning ville bli n\u00f8dvendig for \u00e5 n\u00e5 kostnadsm\u00e5let p\u00e5 25 prosent kutt. If\u00f8lge kommunikasjonsdirekt\u00f8r Kenneth Pettersen skal Posten b\u00e5de slutte med enkelte arbeidsoppgaver og endre m\u00e5ten det jobbes p\u00e5.<\/p>\n<p class=\"_textTheme_1yhmn_1 _paragraph_16k26_4 _paragraph_3ue4t_27 layout-component layout-normal layout-padded body-medium\">\u2013 Vi m\u00e5 i st\u00f8rre grad utnytte ny tilgjengelig teknologi, samle fagmilj\u00f8er og dele p\u00e5 ressurser, sa Pettersen if\u00f8lge Fagbladet.<\/p>\n<p class=\"_textTheme_1yhmn_1 _paragraph_16k26_4 _paragraph_3ue4t_27 layout-component layout-normal layout-padded body-medium\">Bruk av kunstig intelligens trekkes frem som et sentralt verkt\u00f8y for \u00e5 f\u00e5 kostnadene ned.<\/p>\n<p class=\"_textTheme_1yhmn_1 _paragraph_16k26_4 _paragraph_3ue4t_27 layout-component layout-normal layout-padded body-medium\">Leder Cathrine Erts\u00e5s i Fagforbundet Post og finans sier situasjonen er t\u00f8ff for de ber\u00f8rte.<\/p>\n<p class=\"_textTheme_1yhmn_1 _paragraph_16k26_4 _paragraph_3ue4t_27 layout-component layout-normal layout-padded body-medium\">\u2013 Disse kuttene ber\u00f8rer stab- og st\u00f8ttefunksjoner. Ting som det er riktig og viktig \u00e5 satse p\u00e5 n\u00e5r virksomheten g\u00e5r godt, men som er mindre viktig n\u00e5r man trenger \u00e5 fokusere p\u00e5 kjerneoppgavene. Dramatikken er samtidig like stor for de ber\u00f8rte, det m\u00e5 understrekes, og v\u00e5re medlemmer skal f\u00e5 god st\u00f8tte fra oss, sier hun til Fagbladet.<\/p>\n<p class=\"_textTheme_1yhmn_1 _paragraph_16k26_4 _paragraph_3ue4t_27 layout-component layout-normal layout-padded body-medium\">Denne artikkelen er laget ved hjelp av AI-verkt\u00f8y fra Anthropic, og kvalitetssikret av E24s journalister.<\/p>\n","protected":false},"excerpt":{"rendered":"Konsernet skal kutte indirekte kostnader med 25 prosent. Foto: Jonas F\u00e6ste Laksekj\u00f8n \/ NTBVis mer Denne uken ble&hellip;\n","protected":false},"author":2,"featured_media":341592,"comment_status":"","ping_status":"","sticky":false,"template":"","format":"standard","meta":{"footnotes":"","_share_on_mastodon":"0"},"categories":[5],"tags":[20,21,24,25,15,19,22,23,17,18,13,30,28,29,14,16,26,27],"class_list":["post-341591","post","type-post","status-publish","format-standard","has-post-thumbnail","category-overskrifter","tag-breaking-news","tag-breakingnews","tag-featured-news","tag-featurednews","tag-headlines","tag-hovedoppslag","tag-latest-news","tag-latestnews","tag-main-news","tag-mainnews","tag-news","tag-no","tag-norge","tag-norway","tag-nyheter","tag-overskrifter","tag-top-stories","tag-topstories"],"share_on_mastodon":{"url":"https:\/\/pubeurope.com\/@no\/117202166318477654","error":""},"_links":{"self":[{"href":"https:\/\/www.europesays.com\/no\/wp-json\/wp\/v2\/posts\/341591","targetHints":{"allow":["GET"]}}],"collection":[{"href":"https:\/\/www.europesays.com\/no\/wp-json\/wp\/v2\/posts"}],"about":[{"href":"https:\/\/www.europesays.com\/no\/wp-json\/wp\/v2\/types\/post"}],"author":[{"embeddable":true,"href":"https:\/\/www.europesays.com\/no\/wp-json\/wp\/v2\/users\/2"}],"replies":[{"embeddable":true,"href":"https:\/\/www.europesays.com\/no\/wp-json\/wp\/v2\/comments?post=341591"}],"version-history":[{"count":0,"href":"https:\/\/www.europesays.com\/no\/wp-json\/wp\/v2\/posts\/341591\/revisions"}],"wp:featuredmedia":[{"embeddable":true,"href":"https:\/\/www.europesays.com\/no\/wp-json\/wp\/v2\/media\/341592"}],"wp:attachment":[{"href":"https:\/\/www.europesays.com\/no\/wp-json\/wp\/v2\/media?parent=341591"}],"wp:term":[{"taxonomy":"category","embeddable":true,"href":"https:\/\/www.europesays.com\/no\/wp-json\/wp\/v2\/categories?post=341591"},{"taxonomy":"post_tag","embeddable":true,"href":"https:\/\/www.europesays.com\/no\/wp-json\/wp\/v2\/tags?post=341591"}],"curies":[{"name":"wp","href":"https:\/\/api.w.org\/{rel}","templated":true}]}}