{"id":341597,"date":"2026-09-02T15:41:16","date_gmt":"2026-09-02T15:41:16","guid":{"rendered":"https:\/\/www.europesays.com\/no\/341597\/"},"modified":"2026-09-02T15:41:16","modified_gmt":"2026-09-02T15:41:16","slug":"ofkir-bekrefter-hamkam-avtale-haper-pa-overgang-i-dag","status":"publish","type":"post","link":"https:\/\/www.europesays.com\/no\/341597\/","title":{"rendered":"Ofkir bekrefter HamKam-avtale: H\u00e5per p\u00e5 overgang i dag"},"content":{"rendered":"<p>      <a href=\"https:\/\/play.tv2.no\/serier\/deadline-day-wmsxs7gq?utm_source=tv2.no&amp;utm_medium=promo&amp;utm_campaign=Deadline+Day&amp;utm_content=www.tv2.no\/sport\/ofkir-bekrefter-hamkam-avtale-haper-pa-overgang-i-dag\/19187757\/\" rel=\"nofollow noopener\" target=\"_blank\"><\/p>\n<p>    <img class=\"image__img lazyload\" itemprop=\"image\" title=\"Foto: Mats Torbergsen \/ NTB\" alt=\"Bod\u00f8 20260524. &#10;TV 2s Yaw Amankwah f\u00f8r eliteseriekampen i fotball mellom Bod\u00f8\/Glimt og Brann p\u00e5 Aspmyra stadion.&#10;Foto: Mats Torbergsen \/ NTB\" width=\"978\" height=\"551\" bad-src=\"https:\/\/www.europesays.com\/no\/wp-content\/uploads\/2026\/09\/1788363676_420_19185994.webp\" fetchpriority=\"auto\" \/><\/p>\n<p>              Onsdag kl. 20: F\u00f8lg overgangsdramatikken<\/p>\n<p>\n                  TV 2 Play\n              <\/p>\n<p>      <\/a><\/p>\n<p>TV 2 vet nemlig at HamKam i l\u00f8pet av det siste d\u00f8gnet har tatt med V\u00e5lerenga i h\u00e5p om \u00e5 kj\u00f8pe Ofkir allerede n\u00e5.<\/p>\n<p>Framst\u00f8tet skal ha blitt blankt avvist.<\/p>\n<p>N\u00e5 tar Mohamed Ofkir selv bladet fra munnen.<\/p>\n<p>VIF-spilleren bekrefter at han har skrevet under p\u00e5 en avtale med HamKam fra januar 2027, men innr\u00f8mmer overfor TV 2 at han er positiv til en overgang allerede n\u00e5, dersom klubbene skulle finne en l\u00f8sning.<\/p>\n<p>\u2013 Jeg har v\u00e6rt tydelig p\u00e5 at HamKam er et sted jeg \u00f8nsker \u00e5 v\u00e6re. Jeg har signert en avtale med klubben fra januar, og det gjorde jeg fordi jeg har veldig tro p\u00e5 det som skjer der og kjenner at det er riktig for meg, sier Ofkir.<\/p>\n<p>30-\u00e5ringens kontrakt med V\u00e5lerenga g\u00e5r ut ved nytt\u00e5r. Derfor m\u00e5 Oslo-klubben selge kantspilleren f\u00f8r overgangsvinduet stenger, dersom de skal unng\u00e5 \u00e5 slippe ham gratis etter sesongen.<\/p>\n<p>\u2013 Jeg har hatt en fin og ryddig dialog med b\u00e5de Johs (Johannes Moesgaard) og Jokke (Joacim Jonsson), og de vet godt hva jeg tenker og hva jeg \u00f8nsker, sier Ofkir.<\/p>\n<p>\u2013 Jeg har respekt for at VIF ogs\u00e5 m\u00e5 ivareta sine interesser, akkurat som jeg m\u00e5 tenke p\u00e5 hva som er best for min videre utvikling. Jeg \u00f8nsker ikke \u00e5 gj\u00f8re dette til noen konflikt. For meg handler det om \u00e5 finne en l\u00f8sning som alle parter kan v\u00e6re komfortable med, legger han til.<\/p>\n<p>Ofkirs valg om \u00e5 skrive under for HamKam allerede n\u00e5 har vekket reaksjoner p\u00e5 Valle. Overfor TV 2 er 30-\u00e5ringen tydelig p\u00e5 at han \u00f8nsker \u00e5 avslutte tiden i V\u00e5lerenga p\u00e5 en \u00abordentlig m\u00e5te, og med respekt for klubben og menneskene der\u00bb.<\/p>\n<p>\u2013 Jeg forholder meg profesjonelt til den situasjonen jeg er i. S\u00e5 lenge jeg er VIF-spiller, skal jeg selvf\u00f8lgelig gj\u00f8re jobben min og bidra s\u00e5 godt jeg kan.<\/p>\n<p>\u2013 Samtidig er det ingen hemmelighet at jeg har tatt et valg om veien videre fra januar, og at jeg gjerne skulle startet det kapittelet allerede n\u00e5 dersom klubbene finner en l\u00f8sning, avslutter han.<\/p>\n<p>Ofkir var p\u00e5 l\u00e5n i HamKam i andre halvdel av 2024-sesongen og gjorde sakene sine sv\u00e6rt bra p\u00e5 Briskeby.<\/p>\n","protected":false},"excerpt":{"rendered":"Onsdag kl. 20: F\u00f8lg overgangsdramatikken TV 2 Play TV 2 vet nemlig at HamKam i l\u00f8pet av det&hellip;\n","protected":false},"author":2,"featured_media":341598,"comment_status":"","ping_status":"","sticky":false,"template":"","format":"standard","meta":{"footnotes":"","_share_on_mastodon":"0"},"categories":[5],"tags":[20,21,24,25,15,19,22,23,17,18,13,30,28,29,14,16,26,27],"class_list":["post-341597","post","type-post","status-publish","format-standard","has-post-thumbnail","category-overskrifter","tag-breaking-news","tag-breakingnews","tag-featured-news","tag-featurednews","tag-headlines","tag-hovedoppslag","tag-latest-news","tag-latestnews","tag-main-news","tag-mainnews","tag-news","tag-no","tag-norge","tag-norway","tag-nyheter","tag-overskrifter","tag-top-stories","tag-topstories"],"share_on_mastodon":{"url":"https:\/\/pubeurope.com\/@no\/117202209003077343","error":""},"_links":{"self":[{"href":"https:\/\/www.europesays.com\/no\/wp-json\/wp\/v2\/posts\/341597","targetHints":{"allow":["GET"]}}],"collection":[{"href":"https:\/\/www.europesays.com\/no\/wp-json\/wp\/v2\/posts"}],"about":[{"href":"https:\/\/www.europesays.com\/no\/wp-json\/wp\/v2\/types\/post"}],"author":[{"embeddable":true,"href":"https:\/\/www.europesays.com\/no\/wp-json\/wp\/v2\/users\/2"}],"replies":[{"embeddable":true,"href":"https:\/\/www.europesays.com\/no\/wp-json\/wp\/v2\/comments?post=341597"}],"version-history":[{"count":0,"href":"https:\/\/www.europesays.com\/no\/wp-json\/wp\/v2\/posts\/341597\/revisions"}],"wp:featuredmedia":[{"embeddable":true,"href":"https:\/\/www.europesays.com\/no\/wp-json\/wp\/v2\/media\/341598"}],"wp:attachment":[{"href":"https:\/\/www.europesays.com\/no\/wp-json\/wp\/v2\/media?parent=341597"}],"wp:term":[{"taxonomy":"category","embeddable":true,"href":"https:\/\/www.europesays.com\/no\/wp-json\/wp\/v2\/categories?post=341597"},{"taxonomy":"post_tag","embeddable":true,"href":"https:\/\/www.europesays.com\/no\/wp-json\/wp\/v2\/tags?post=341597"}],"curies":[{"name":"wp","href":"https:\/\/api.w.org\/{rel}","templated":true}]}}