{"id":341601,"date":"2026-09-02T15:49:12","date_gmt":"2026-09-02T15:49:12","guid":{"rendered":"https:\/\/www.europesays.com\/no\/341601\/"},"modified":"2026-09-02T15:49:12","modified_gmt":"2026-09-02T15:49:12","slug":"drepte-marita-aktor-ber-om-21-ars-forvaring-avisa-st-no","status":"publish","type":"post","link":"https:\/\/www.europesays.com\/no\/341601\/","title":{"rendered":"Drepte Marita \u2013 aktor ber om 21 \u00e5rs forvaring &#8211; avisa-st.no"},"content":{"rendered":"<ol>\n<li><a href=\"https:\/\/news.google.com\/rss\/articles\/CBMihgFBVV95cUxNOGdmQkowS1A4blcyY3NlaWZ1b0tuQ1FkWHA2ZGdtWXRxNzE0UUk0UWFZUGhmVlVxdzdPVG1NMDBWaEJ3aDBxb09pSHBnZ0x2dWkxNE5rVl9FQjBZUWtZZVdZQldydHhVSS1WcC11VXdXREJJa01JbU9YMWlUSHA2aEl4TzZmQQ?oc=5\" target=\"_blank\" rel=\"nofollow noopener\">Drepte Marita \u2013 aktor ber om 21 \u00e5rs forvaring<\/a>&nbsp;&nbsp;avisa-st.no<\/li>\n<li><a href=\"https:\/\/news.google.com\/rss\/articles\/CBMirAFBVV95cUxNVFphaUdMY2VfOFE1bEs3QWY3UkJHWmM1SE5DTWVjeDdQTU0yWjE0aUYwQ1R6dnRwaDJvcF9GbWhYR0pUMmRnRk1BcHR2aE5MZ3VfYXZMb2pYYlJScDJYckQzdzI0WFM3bnMxX3RscUhudGFtY3VxOWxGTkJMYmJybFdKS2JYOG92YW5iUEtHZDJya2V0SlpWaG8zNE9kdDBKblNWZ0UzWml2OWtL?oc=5\" target=\"_blank\" rel=\"nofollow noopener\">Familien ber om 3,5 millioner. Har varslet at han vil betale<\/a>&nbsp;&nbsp;adressa.no<\/li>\n<li><a href=\"https:\/\/news.google.com\/rss\/articles\/CBMixwFBVV95cUxPQ0prZno3OTg5Ul9xaVVJd29XYmR0NzlDTzlsMGplSmkwX2pZa3NqYUh0eWxpVnRuMlp4ckptMkFGaF9kQU43NFZtd0tBMnpOUlZQRHZYTzNneDQ3OEZRM1hBQkhLbkMwWVo3UkhDaC1zMjN2ZW9hVS1NZWZWa2ppWkM1ZlRjenV6MGloMm9GelNwNGJnTUhaZTlDaXJaaXl3SWJ1U3RNUEtqY2Z1Ny1DZWhhNTBNM0tvWmh6eDJudzNZd3Z4cTBB?oc=5\" target=\"_blank\" rel=\"nofollow noopener\">Drapet p\u00e5 Marita: Ber om 21 \u00e5r forvaring for J\u00f8rn Andersen<\/a>&nbsp;&nbsp;NRK<\/li>\n<li><a href=\"https:\/\/news.google.com\/rss\/articles\/CBMikwFBVV95cUxOc01TQU14MzFmaFdWSGJsaUEzczQ2N21yUzlGX0pDcGNVSndycFJCZ0lCcmVDeVNEVDRzb1VmNERkd21YUFhlem9jRGxrN3YybTExV1FXSWU5VUlablh1U0otY25IeGFwV2lXZG5nWEtnUXFUc0VXRFFwNE12dTJhcF9wTjNreEhRQ2xKTERCbjdaeXc?oc=5\" target=\"_blank\" rel=\"nofollow noopener\">Politi, Drap | Han kan bli d\u00f8mt for nok et drap: \u2013 Hun var fullstendig sjansel\u00f8s<\/a>&nbsp;&nbsp;Avisa Nordland<\/li>\n<li><a href=\"https:\/\/news.google.com\/rss\/articles\/CBMinwFBVV95cUxPNHhxandITDYwZXhidERNaGVNV1h5Yk9XM1drMGVPX2x5VXRuZGVRRGc1LV9fQnZQeTJkLU5HaGFOaVdjNEpJWkJuczlGdmVZTDQzZzJkMjN0WkxIbnRGbUp2Q092RjJOY2FzRWp3STdxUUhDUVh1MHBXVl9TZlRzQTYyeXowbGpCMkZmTnY1a3QtbkJSa0JyRENmelNWams?oc=5\" target=\"_blank\" rel=\"nofollow noopener\">Marita (35) ble drept: Draps\u00add\u00f8mte J\u00f8rn Andersen nekter straffskyld<\/a>&nbsp;&nbsp;VG<\/li>\n<\/ol>\n","protected":false},"excerpt":{"rendered":"Drepte Marita \u2013 aktor ber om 21 \u00e5rs forvaring&nbsp;&nbsp;avisa-st.no Familien ber om 3,5 millioner. Har varslet at han&hellip;\n","protected":false},"author":2,"featured_media":341602,"comment_status":"","ping_status":"","sticky":false,"template":"","format":"standard","meta":{"footnotes":"","_share_on_mastodon":"0"},"categories":[5],"tags":[20,21,24,25,15,19,22,23,17,18,13,30,28,29,14,16,26,27],"class_list":["post-341601","post","type-post","status-publish","format-standard","has-post-thumbnail","category-overskrifter","tag-breaking-news","tag-breakingnews","tag-featured-news","tag-featurednews","tag-headlines","tag-hovedoppslag","tag-latest-news","tag-latestnews","tag-main-news","tag-mainnews","tag-news","tag-no","tag-norge","tag-norway","tag-nyheter","tag-overskrifter","tag-top-stories","tag-topstories"],"share_on_mastodon":{"url":"https:\/\/pubeurope.com\/@no\/117202240514750097","error":""},"_links":{"self":[{"href":"https:\/\/www.europesays.com\/no\/wp-json\/wp\/v2\/posts\/341601","targetHints":{"allow":["GET"]}}],"collection":[{"href":"https:\/\/www.europesays.com\/no\/wp-json\/wp\/v2\/posts"}],"about":[{"href":"https:\/\/www.europesays.com\/no\/wp-json\/wp\/v2\/types\/post"}],"author":[{"embeddable":true,"href":"https:\/\/www.europesays.com\/no\/wp-json\/wp\/v2\/users\/2"}],"replies":[{"embeddable":true,"href":"https:\/\/www.europesays.com\/no\/wp-json\/wp\/v2\/comments?post=341601"}],"version-history":[{"count":0,"href":"https:\/\/www.europesays.com\/no\/wp-json\/wp\/v2\/posts\/341601\/revisions"}],"wp:featuredmedia":[{"embeddable":true,"href":"https:\/\/www.europesays.com\/no\/wp-json\/wp\/v2\/media\/341602"}],"wp:attachment":[{"href":"https:\/\/www.europesays.com\/no\/wp-json\/wp\/v2\/media?parent=341601"}],"wp:term":[{"taxonomy":"category","embeddable":true,"href":"https:\/\/www.europesays.com\/no\/wp-json\/wp\/v2\/categories?post=341601"},{"taxonomy":"post_tag","embeddable":true,"href":"https:\/\/www.europesays.com\/no\/wp-json\/wp\/v2\/tags?post=341601"}],"curies":[{"name":"wp","href":"https:\/\/api.w.org\/{rel}","templated":true}]}}