{"id":341619,"date":"2026-09-02T16:19:24","date_gmt":"2026-09-02T16:19:24","guid":{"rendered":"https:\/\/www.europesays.com\/no\/341619\/"},"modified":"2026-09-02T16:19:24","modified_gmt":"2026-09-02T16:19:24","slug":"eks-prins-andrew-anklages-for-overgrep-i-usa-kongressen-krever-etterforskning","status":"publish","type":"post","link":"https:\/\/www.europesays.com\/no\/341619\/","title":{"rendered":"Eks-prins Andrew anklages for overgrep i USA: Kongressen krever etterforskning"},"content":{"rendered":"<p class=\"kicker \" style=\"\">Andrew Mountbatten-Windsor:<\/p>\n<p class=\"subtitle \" style=\"\">Eks-prinsen navngis direkte fra talerstolen. Den amerikanske kongressen vil straffeforf\u00f8lge ham for seksualforbrytelser i USA.<\/p>\n<p>\n    I HARDT V\u00c6R: Den tidligere prinsen har v\u00e6rt i hardt v\u00e6r i lang tid grunnet sin tilknytning til Jeffrey Epstein. N\u00e5 \u00f8nsker amerikanerne ogs\u00e5 \u00e5 f\u00e5 \u00abkloa i\u00bb briten. Foto: NTB\n  <\/p>\n<p>Presset mot kong Charles&#8217; omstridte bror, Andrew Mountbatten-Windsor (66), n\u00e5r n\u00e5 et nytt og dramatisk toppunkt p\u00e5 amerikansk jord.<\/p>\n<p class=\"no_italic m-no_italic font-weight-normal m-font-weight-normal\" data-lab-font_weight=\"font-weight-normal\" data-lab-italic=\"\"> Under en nylig sesjon i Representantenes hus, rettet nemlig republikaneren Thomas Massie s\u00f8kelyset mot avd\u00f8de Jeffrey Epstein (66) og hans nettverk &#8211; og der ble eks-prinsen nevnt med navn.<\/p>\n<p>&#8211; Begikk seksualforbrytelser i USA\u00a0\t<\/p>\n<p> Massie talte til Kongressen om at menn som var venner av Epstein m\u00e5 stilles til ansvar.\u00a0<\/p>\n<p class=\"font-weight-bold m-font-weight-bold\" data-lab-font_weight=\"font-weight-bold\">I den sammenheng trakk han n\u00e5del\u00f8st fram Mountbatten-Windsor som en \u00abmedsammensvoren\u00bb til Epstein, melder <a href=\"https:\/\/www.independent.co.uk\/news\/uk\/home-news\/andrew-mountbatten-windsor-accused-sex-crimes-us-epstein-b3042995.html\" rel=\"nofollow noopener\" target=\"_blank\">The Independent<\/a>.<\/p>\n<p> Jeffrey Epstein var siktet for menneskehandel og seksuell utnyttelse av mindre\u00e5rige da han ble funnet d\u00f8d i fengselet i New York i august 2019. <\/p>\n<p>    <a itemprop=\"url\" href=\"https:\/\/www.dagbladet.no\/kjendis\/snakket-bare-med-unge-kvinner\/84278314\" rel=\"nofollow noopener\" target=\"_blank\"><\/p>\n<p>        <img loading=\"lazy\" decoding=\"async\" src=\"https:\/\/www.europesays.com\/no\/wp-content\/uploads\/2026\/09\/84278404.webp\" width=\"180\" height=\"81\" alt=\"\" class=\"lazyload\" style=\"--aspect-ratio-image: 2.22; \"\/><\/p>\n<p>        &#8211; Snakket bare med unge kvinner<\/p>\n<p>    <\/a><\/p>\n<p>If\u00f8lge The Independent presser Massie p\u00e5 for \u00e5 f\u00e5 frigitt ytterligere tre millioner av dokumenter knyttet til Epstein-saken.<\/p>\n<p class=\"font-weight-normal m-font-weight-normal\" data-lab-font_weight=\"font-weight-normal\">Han sa i Kongressen at offentliggj\u00f8ringen er \u00abhelt n\u00f8dvendig\u00bb for \u00e5 bringe ansvarlighet til det amerikanske justisdepartementet (DOJ) &#8211; og for \u00e5 gi en verdig avslutning for ofrene.<\/p>\n<p>        <img loading=\"lazy\" decoding=\"async\" src=\"https:\/\/www.europesays.com\/no\/wp-content\/uploads\/2026\/09\/85098393.webp\" width=\"688\" height=\"393\" alt=\"\" class=\"\" style=\"--aspect-ratio-image: 1.75; \"\/><\/p>\n<p>\n        KREVER FREMGANG: Republikaneren Thomas Massie krever at flere Epstein-filer frigis omg\u00e5ende. Foto: NTB\n    <\/p>\n<p class=\"font-weight-bold m-font-weight-bold\" data-lab-font_weight=\"font-weight-bold\">Videre krevde han at det amerikanske justisdepartementet og FBI m\u00e5 etterforske og straffeforf\u00f8lge disse personene p\u00e5 amerikansk jord.<\/p>\n<p class=\"font-weight-normal m-font-weight-normal\" data-lab-font_weight=\"font-weight-normal\">&#8211; Vi vil at gjerningsmennene bak disse forbrytelsene skal etterforskes og bli straffeforfulgt. Prins Andrew begikk seksualforbrytelser ogs\u00e5 i USA, sa han if\u00f8lge <a href=\"https:\/\/www.telegraph.co.uk\/us\/news\/2026\/09\/01\/andrew-committed-sex-crimes-in-us-claims-congressman\/\" rel=\"nofollow noopener\" target=\"_blank\">The Telegraph.<\/a><\/p>\n<p>&#8211; Vil tvinge\t<\/p>\n<p>Eks-prinsens navn var ett av mange p\u00e5 lista Massie ramset opp i sin tale til Kongressen denne uka. Ogs\u00e5 tidligere Barclays-sjef Jes Staley og den kjente illusjonisten David Copperfield, som begge kjente den avd\u00f8de overgriperen og finansmannen, ble nevnt med navn.<\/p>\n<p class=\"font-weight-bold m-font-weight-bold\" data-lab-font_weight=\"font-weight-bold\">&#8211; Kanskje det \u00e5 h\u00f8re disse navnene offentlig vil tvinge departementet til \u00e5 gi ofrene rettferdighet, tordnet han.\u00a0<\/p>\n<p>    <a itemprop=\"url\" href=\"https:\/\/www.dagbladet.no\/kjendis\/reagerer-beskytter-mektige-menn\/84697970\" rel=\"nofollow noopener\" target=\"_blank\"><\/p>\n<p>        <img loading=\"lazy\" decoding=\"async\" src=\"https:\/\/www.europesays.com\/no\/wp-content\/uploads\/2026\/09\/84698798.webp\" width=\"180\" height=\"81\" alt=\"\" class=\"lazyload\" style=\"--aspect-ratio-image: 2.22; \"\/><\/p>\n<p>        Reagerer: &#8211; Beskytter mektige menn<\/p>\n<p>    <\/a><\/p>\n<p class=\"font-weight-normal m-font-weight-normal\" data-lab-font_weight=\"font-weight-normal\">B\u00e5de Mountbatten-Windsor, Buckingham Palace og det amerikanske justisdepartementet har blitt kontaktet for kommentarer til de nye anklagene, men har forel\u00f8pig ikke besvart henvendelsene, skriver avisa videre.<\/p>\n<p>        <img loading=\"lazy\" decoding=\"async\" src=\"https:\/\/www.europesays.com\/no\/wp-content\/uploads\/2026\/09\/85057063.webp\" width=\"686\" height=\"515\" alt=\"\" class=\"\" style=\"--aspect-ratio-image: 1.33; \"\/><\/p>\n<p>\n        STORMER: Det har lenge stormet rundt den tidligere prinsen. Foto: NTB\n    <\/p>\n<p>Arrestert og mistenkt\t<\/p>\n<p>Avsl\u00f8ringene og kravene fra USA kommer p\u00e5 toppen av en allerede total kollaps i den britiske eks-prinsens tilv\u00e6relse.\u00a0<\/p>\n<p class=\"font-weight-bold m-font-weight-bold\" data-lab-font_weight=\"font-weight-bold\">Mountbatten-Windsor ble nemlig fratatt samtlige rojale titler av sin bror, kong Charles (77), og ble dessuten kastet ut av sin luksuri\u00f8se bolig i Windsor etter Epstein-anklagene.<\/p>\n<p>    <a itemprop=\"url\" href=\"https:\/\/www.dagbladet.no\/kjendis\/nye-detaljer-ingen-visste\/84264922\" rel=\"nofollow noopener\" target=\"_blank\"><\/p>\n<p>        <img loading=\"lazy\" decoding=\"async\" src=\"https:\/\/www.europesays.com\/no\/wp-content\/uploads\/2026\/09\/84265733.webp\" width=\"180\" height=\"81\" alt=\"\" class=\"lazyload\" style=\"--aspect-ratio-image: 2.22; \"\/><\/p>\n<p>        Nye detaljer: \u00abIngen\u00bb visste<\/p>\n<p>    <\/a><\/p>\n<p> Andrew er blitt beskyldt for \u00e5 ha hatt sex med Epsteins offer Virginia Giuffre i 2001, da hun var 17 \u00e5r. Saken ble avgjort ved et hemmelig forlik utenfor retten. Den tidligere prinsen har alltid nektet hardnakket for beskyldningene. <\/p>\n<p>        <img loading=\"lazy\" decoding=\"async\" src=\"https:\/\/www.europesays.com\/no\/wp-content\/uploads\/2026\/09\/85097923.webp\" width=\"667\" height=\"748\" alt=\"\" class=\"\" style=\"--aspect-ratio-image: 0.89; \"\/><\/p>\n<p>\n        I SKANDALE-FILENE: Da det amerikanske justisdepartementet friga Epstein-filer i januar i \u00e5r, dukket det opp flere bilder av eks-prins Andrew sammen med uidentifiserte kvinner. Foto: NTB\n    <\/p>\n<p>Dramatikken n\u00e5dde imidlertid et nytt topppunkt da b\u00e5de Andrew og den tidligere britiske USA-ambassad\u00f8ren Lord Peter Mandelson i februar i \u00e5r ble arrestert og mistenkt for alvorlig embetsmisbruk knyttet til sine forbindelser til Epstein.\u00a0<\/p>\n<p>        <img loading=\"lazy\" decoding=\"async\" src=\"https:\/\/www.europesays.com\/no\/wp-content\/uploads\/2026\/09\/85097925.webp\" width=\"688\" height=\"393\" alt=\"\" class=\"\" style=\"--aspect-ratio-image: 1.75; \"\/><\/p>\n<p>\n        P\u00c5 ALLES LEPPER: Andrews tilknytning til Epstein har blitt en real skandale verden over. Avisforsidene i Storbritannia var ikke n\u00e5dig dagen etter at han ble p\u00e5grepet i februar. Foto: NTB\n    <\/p>\n<p>B\u00e5de Mountbatten-Windsor og Mandelson er mistenkt for \u00e5 ha utnyttet sine offisielle posisjoner til \u00e5 dele konfidensielle handelsrapporter og interne regjeringsdokumenter med Epstein, skriver <a href=\"https:\/\/www.bbc.com\/news\/articles\/clyxezdv335o\" rel=\"nofollow noopener\" target=\"_blank\">BBC News.<\/a><\/p>\n<p>        <img loading=\"lazy\" decoding=\"async\" src=\"https:\/\/www.europesays.com\/no\/wp-content\/uploads\/2026\/09\/85097915.webp\" width=\"686\" height=\"481\" alt=\"\" class=\"\" style=\"--aspect-ratio-image: 1.43; \"\/><\/p>\n<p>\n        EU-M\u00d8TER: Peter Mandelson og Andrew Mountbatten-Windsor har m\u00f8ttes flere ganger under m\u00f8ter i EU-kommisjoner. Her er duoen avbildet i EUs hovedkvarter i Brussel i 2007. Foto: AP Photo\/Yves Logghe, File\n    <\/p>\n<p>Begge er fortsatt under etterforskning og nekter all skyld, skriver kringkasteren videre.<\/p>\n<p>        <img loading=\"lazy\" decoding=\"async\" src=\"https:\/\/www.europesays.com\/no\/wp-content\/uploads\/2026\/09\/85097922.webp\" width=\"686\" height=\"522\" alt=\"\" class=\"\" style=\"--aspect-ratio-image: 1.31; \"\/><\/p>\n<p>\n        GOD KONTAKT: Avbildet ses Andrew Mountbatten-Windsor (t.v) og Lord Peter Mandelson (t.h) sammen med Jeffrey Epstein. Bildet ble frigitt i Epstein-dokumentene i desember i 2025. M\u00e5neder etter at bildet ble sluppet, ble b\u00e5de Mandelson og Mountbatten-Windsor p\u00e5grepet. Foto: AFP PHOTO \/ US Department of Justice\n    <\/p>\n<p>Skygger over Det hvite hus\t<\/p>\n<p>Epstein-skandalen har i lang tid skapt massiv politisk uro i USA. Kravet om innsyn i Epstein-filene har ogs\u00e5 gitt hodebry til Trump-administrasjonen, ettersom s\u00f8kelyset gang p\u00e5 gang rettes mot maktelitens b\u00e5nd til den avd\u00f8de sexforbryteren.\u00a0<\/p>\n<p>        AKSJONERTE: Torsdag 19. februar meldte britiske medier at Andrew Mountbatten-Windsor (66) er p\u00e5grepet, mistenkt for misbruk av offentlig myndighet. Reporter: Christina H. Korneliussen<\/p>\n<p class=\"font-weight-bold m-font-weight-bold\" data-lab-font_weight=\"font-weight-bold\">Faktisk er saken s\u00e5 betent at f\u00f8rstedame Melania Trump (56) i april s\u00e5 seg n\u00f8dt til \u00e5 rykke ut med <a href=\"https:\/\/www.dagbladet.no\/nyheter\/lognene-ma-ta-slutt\/84476308\" rel=\"nofollow noopener\" target=\"_blank\">en sjelden og oppsiktsvekkende uttalelse<\/a> fra Det hvite hus.\u00a0<\/p>\n<p>Bakgrunnen var at lekkede e-poster fra 2002 mellom henne og Ghislaine Maxwell, samt rykter om at Epstein i sin tid var mellommann da hun m\u00f8tte Donald Trump (80), utl\u00f8ste massive spekulasjoner.<\/p>\n<p>        <img loading=\"lazy\" decoding=\"async\" src=\"https:\/\/www.europesays.com\/no\/wp-content\/uploads\/2026\/09\/85098155.webp\" width=\"688\" height=\"393\" alt=\"\" class=\"\" style=\"--aspect-ratio-image: 1.75; \"\/><\/p>\n<p>\n        UT MOT RYKTER: Her er Melania Trump avbildet med sin n\u00e5v\u00e6rende ektemann Donald Trump, Jeffrey Epstein og Ghislaine Maxwellp\u00e5 Mar a Lago i \u00e5r 2000. Foto: Davidoff Studios\/Getty Images\n    <\/p>\n<p>F\u00f8rstedamen slaktet p\u00e5standene og slo fast at hun aldri har hatt noen relasjon til overgriperen. Samtidig oppfordret hun Kongressen til \u00e5 la Epsteins ofre forklare seg under ed p\u00e5 riksdekkende TV.<\/p>\n<p class=\"font-weight-normal m-font-weight-normal\" data-lab-font_weight=\"font-weight-normal\">&#8211; Gi dem en mulighet til \u00e5 vitne foran Kongressen, sa hun den gang.\u00a0<\/p>\n<p>\u00abPusher\u00bb p\u00e5 videre\t<\/p>\n<p>Kongressen kommer ikke til \u00e5 bremse ned presset om \u00e5 f\u00e5 frigitt flere Epstein-filer, sier republikaner Massie.<\/p>\n<p>        \u00abUTVIST\u00bb: Prins Andrew er ikke lenger prins og er \u00abutvist\u00bb fra kongefamilien p\u00e5 grunn av sine forbindelser til Jeffrey Epstein. Reporter: Sanne Holt\/ R\u00f8d L\u00f8per. Video: NTB\/ Stella Pictures\/ AFP\/ YouTube\/ BBC\/ Netflix\/ 60Minutes Australia<\/p>\n<p>Sammen med demokraten Ro Khanna har han satt i gang et nytt og tverrpolitisk lovforslag, \u00abEpstein Files Transparency Act II\u00bb, for \u00e5 gi delstatsadvokater og ofre rett til \u00e5 saks\u00f8ke justisdepartementet dersom de holder tilbake eller sladder flere dokumenter, skriver blant andre\u00a0<a href=\"https:\/\/americanbazaaronline.com\/2026\/09\/01\/massie-khanna-new-epstein-files-discharge-petition-487373\/\" rel=\"nofollow noopener\" target=\"_blank\">The American Bazaar.<\/a><\/p>\n<p>        <img loading=\"lazy\" decoding=\"async\" src=\"https:\/\/www.europesays.com\/no\/wp-content\/uploads\/2026\/09\/85098391.webp\" width=\"686\" height=\"460\" alt=\"\" class=\"\" style=\"--aspect-ratio-image: 1.49; \"\/><\/p>\n<p>\n        VIL FRIGI MER: B\u00e5de Thomas Massie og Ro Khanna jobber p\u00e5 for \u00e5 f\u00e5 frigitt flere dokumenter i Epstein-filene. Foto: NTB\n    <\/p>\n<p>Sammen fremmer de n\u00e5 en ny begj\u00e6ring om \u00e5 f\u00e5 flere Epstein-filer frigitt.<\/p>\n<p>&#8211; Vi har nettopp fremmet en ny begj\u00e6ring om \u00e5 frigi nye Epstein-dokumenter. Som dere husker, fungerte v\u00e5r f\u00f8rste begj\u00e6ring. Vi tvang fram utgivelsen av millioner av Epstein-filer, sa Khanna if\u00f8lge American Bazaar.<\/p>\n<p class=\"font-weight-bold m-font-weight-bold\" data-lab-font_weight=\"font-weight-bold\"> 19. desember ble f\u00f8rste bolk med Epstein-dokumenter offentliggjort av det amerikanske justisdepartementet, etter hardt press fra b\u00e5de demokrater og republikanere.\u00a0<\/p>\n<p>    <a itemprop=\"url\" href=\"https:\/\/www.dagbladet.no\/kjendis\/jubler-fjernet-prinsen\/83792517\" rel=\"nofollow noopener\" target=\"_blank\"><\/p>\n<p>        <img loading=\"lazy\" decoding=\"async\" src=\"https:\/\/www.europesays.com\/no\/wp-content\/uploads\/2026\/09\/83793025.webp\" width=\"180\" height=\"81\" alt=\"\" class=\"lazyload\" style=\"--aspect-ratio-image: 2.22; \"\/><\/p>\n<p>        Jubler: &#8211; Fjernet prinsen<\/p>\n<p>    <\/a><\/p>\n<p>30. januar i \u00e5r ble ytterligere tre millioner dokumenter, 2000 videoer og 180 000 bilder relatert til Epstein offentliggjort. Flere norske politikere, diplomater og dav\u00e6rende kronprinsesse Mette-Marit er nevnt i dokumentene. <\/p>\n","protected":false},"excerpt":{"rendered":"Andrew Mountbatten-Windsor: Eks-prinsen navngis direkte fra talerstolen. Den amerikanske kongressen vil straffeforf\u00f8lge ham for seksualforbrytelser i USA. I&hellip;\n","protected":false},"author":2,"featured_media":341620,"comment_status":"","ping_status":"","sticky":false,"template":"","format":"standard","meta":{"footnotes":"","_share_on_mastodon":"0"},"categories":[12],"tags":[10361,20,21,55,24,25,4991,15,1649,479,7625,22,23,1648,13,30,28,29,14,16,26,27,50,42,43,44,45],"class_list":["post-341619","post","type-post","status-publish","format-standard","has-post-thumbnail","category-verden","tag-andrew-mountbatten-windsor","tag-breaking-news","tag-breakingnews","tag-donald-trump","tag-featured-news","tag-featurednews","tag-ghislaine-maxwell","tag-headlines","tag-jeffrey-epstein","tag-kjendis","tag-kongressen","tag-latest-news","tag-latestnews","tag-melania-trump","tag-news","tag-no","tag-norge","tag-norway","tag-nyheter","tag-overskrifter","tag-top-stories","tag-topstories","tag-usa","tag-verden","tag-world","tag-world-news","tag-worldnews"],"share_on_mastodon":{"url":"https:\/\/pubeurope.com\/@no\/117202359127649517","error":""},"_links":{"self":[{"href":"https:\/\/www.europesays.com\/no\/wp-json\/wp\/v2\/posts\/341619","targetHints":{"allow":["GET"]}}],"collection":[{"href":"https:\/\/www.europesays.com\/no\/wp-json\/wp\/v2\/posts"}],"about":[{"href":"https:\/\/www.europesays.com\/no\/wp-json\/wp\/v2\/types\/post"}],"author":[{"embeddable":true,"href":"https:\/\/www.europesays.com\/no\/wp-json\/wp\/v2\/users\/2"}],"replies":[{"embeddable":true,"href":"https:\/\/www.europesays.com\/no\/wp-json\/wp\/v2\/comments?post=341619"}],"version-history":[{"count":0,"href":"https:\/\/www.europesays.com\/no\/wp-json\/wp\/v2\/posts\/341619\/revisions"}],"wp:featuredmedia":[{"embeddable":true,"href":"https:\/\/www.europesays.com\/no\/wp-json\/wp\/v2\/media\/341620"}],"wp:attachment":[{"href":"https:\/\/www.europesays.com\/no\/wp-json\/wp\/v2\/media?parent=341619"}],"wp:term":[{"taxonomy":"category","embeddable":true,"href":"https:\/\/www.europesays.com\/no\/wp-json\/wp\/v2\/categories?post=341619"},{"taxonomy":"post_tag","embeddable":true,"href":"https:\/\/www.europesays.com\/no\/wp-json\/wp\/v2\/tags?post=341619"}],"curies":[{"name":"wp","href":"https:\/\/api.w.org\/{rel}","templated":true}]}}