{"id":341627,"date":"2026-09-02T16:28:19","date_gmt":"2026-09-02T16:28:19","guid":{"rendered":"https:\/\/www.europesays.com\/no\/341627\/"},"modified":"2026-09-02T16:28:19","modified_gmt":"2026-09-02T16:28:19","slug":"prins-philippos-og-nina-flohr-har-blitt-foreldre-for-forste-gang","status":"publish","type":"post","link":"https:\/\/www.europesays.com\/no\/341627\/","title":{"rendered":"Prins Philippos og Nina Flohr har blitt foreldre for f\u00f8rste gang"},"content":{"rendered":"<p class=\"subtitle \" style=\"\">Den greske eks-kongefamilien har f\u00e5tt et nytt familiemedlem.\u00a0<\/p>\n<p>\n    GLADNYHET: Philippos og Nina har blitt foreldre for f\u00f8rste gang. Her er de fotografert i Danmark i 2022. Foto: Ida Marie Odgaard\/Ritzau Scanpix via AP)\n  <\/p>\n<p>Prins\u00a0Philippos (40) og kona Nina Flohr (39) har blitt foreldre for f\u00f8rste gang. Det melder familien i en offisiell uttalelse.\u00a0<\/p>\n<p>\u00abPrins Philippos av Hellas og hans kone, Nina, er glade for \u00e5 kunngj\u00f8re f\u00f8dselen av sitt f\u00f8rste barn, Kimon Thomas Konstantinos\u00bb, st\u00e5r det i pressemeldingen.\u00a0<\/p>\n<p>        HARALD OG SONJA: Det tidligere kongeparets unike kj\u00e6rlighetshistorie g\u00e5r viralt. Video: Sanne Holt\/R\u00f8d L\u00f8per, \u00abTil minne om kong Harald\u00bb\/ NRK TV, Instagram\/ @detnorskekongehuset<\/p>\n<p>Barnet blir det tiende barnebarnet til eks-dronning Anne-Marie (80) og avd\u00f8de\u00a0eks-kong Konstantin av Hellas.\u00a0<\/p>\n<p>    <a itemprop=\"url\" href=\"https:\/\/www.seher.no\/kongelig\/gjenforent-etter-hemmelig-skandalemiddag\/84964927\" rel=\"nofollow noopener\" target=\"_blank\"><\/p>\n<p>        <img loading=\"lazy\" decoding=\"async\" src=\"https:\/\/www.europesays.com\/no\/wp-content\/uploads\/2026\/09\/84964847.webp\" width=\"147\" height=\"98\" alt=\"\" class=\"lazyload\" style=\"--aspect-ratio-image: 1.50; \"\/><\/p>\n<p>        Gjenforent etter hemmelig skandalemiddag<\/p>\n<p>    <\/a><\/p>\n<p>Videre kommer det frem at barnet ble f\u00f8dt i USA 27. juli i \u00e5r ved hjelp av surrogat.<\/p>\n<p>\u00abNina og Philippos uttrykker stor takknemlighet overfor surrogatmoren og hennes familie for st\u00f8tten gjennom denne prosessen. De takker ogs\u00e5 det medisinske teamet og andre involverte fagpersoner for omsorgen og oppf\u00f8lgingen\u00bb.<\/p>\n<p>        <img loading=\"lazy\" decoding=\"async\" src=\"https:\/\/www.europesays.com\/no\/wp-content\/uploads\/2026\/09\/85101070.webp\" width=\"667\" height=\"794\" alt=\"\" class=\"\" style=\"--aspect-ratio-image: 0.84; \"\/><\/p>\n<p>\n        GIFTET SEG: Nina og Philippos under bryllupet i 2021. Foto: People Picture\/Willi Schneider\/Shutterstock\n    <\/p>\n<p>\u00abNina og Philippos nyter n\u00e5 de f\u00f8rste dyrebare ukene sammen med Kimon, og er sv\u00e6rt lykkelige over \u00e5 innlede dette nye kapittelet som familie sammen med s\u00f8nnen sin\u00bb.<\/p>\n<p>        <img loading=\"lazy\" decoding=\"async\" src=\"https:\/\/www.europesays.com\/no\/wp-content\/uploads\/2026\/09\/85101077.webp\" width=\"667\" height=\"948\" alt=\"\" class=\"\" style=\"--aspect-ratio-image: 0.70; \"\/><\/p>\n<p>\n        MOR OG S\u00d8NN: Eks-dronning Anne-Marie sammen med s\u00f8nnen Philippos. Foto: People Picture \/ SplashNews\/NTB\n    <\/p>\n<p> Philippos og Nina giftet seg i desember 2020 i en intim seremoni i St. Moritz i Sveits. P\u00e5 grunn av coronapandemien ble bryllupet kraftig nedskalert, if\u00f8lge <a href=\"https:\/\/www.tatler.com\/article\/inside-prince-philippos-of-greece-and-nina-flohr-wedding\" rel=\"nofollow noopener\" target=\"_blank\">Tatler<\/a>. Da restriksjonene ble lettet sommeren etter, holdt paret en ny bryllupsfeiring. Samme h\u00f8st fulgte de opp med et tredje bryllup i Athen.\u00a0<\/p>\n","protected":false},"excerpt":{"rendered":"Den greske eks-kongefamilien har f\u00e5tt et nytt familiemedlem.\u00a0 GLADNYHET: Philippos og Nina har blitt foreldre for f\u00f8rste gang.&hellip;\n","protected":false},"author":2,"featured_media":341628,"comment_status":"","ping_status":"","sticky":false,"template":"","format":"standard","meta":{"footnotes":"","_share_on_mastodon":"0"},"categories":[12],"tags":[20,21,24,25,15,76,22,23,13,30,28,29,14,16,26252,26,27,42,43,44,45],"class_list":["post-341627","post","type-post","status-publish","format-standard","has-post-thumbnail","category-verden","tag-breaking-news","tag-breakingnews","tag-featured-news","tag-featurednews","tag-headlines","tag-kongelig","tag-latest-news","tag-latestnews","tag-news","tag-no","tag-norge","tag-norway","tag-nyheter","tag-overskrifter","tag-prins-philippos","tag-top-stories","tag-topstories","tag-verden","tag-world","tag-world-news","tag-worldnews"],"share_on_mastodon":{"url":"https:\/\/pubeurope.com\/@no\/117202394602555802","error":""},"_links":{"self":[{"href":"https:\/\/www.europesays.com\/no\/wp-json\/wp\/v2\/posts\/341627","targetHints":{"allow":["GET"]}}],"collection":[{"href":"https:\/\/www.europesays.com\/no\/wp-json\/wp\/v2\/posts"}],"about":[{"href":"https:\/\/www.europesays.com\/no\/wp-json\/wp\/v2\/types\/post"}],"author":[{"embeddable":true,"href":"https:\/\/www.europesays.com\/no\/wp-json\/wp\/v2\/users\/2"}],"replies":[{"embeddable":true,"href":"https:\/\/www.europesays.com\/no\/wp-json\/wp\/v2\/comments?post=341627"}],"version-history":[{"count":0,"href":"https:\/\/www.europesays.com\/no\/wp-json\/wp\/v2\/posts\/341627\/revisions"}],"wp:featuredmedia":[{"embeddable":true,"href":"https:\/\/www.europesays.com\/no\/wp-json\/wp\/v2\/media\/341628"}],"wp:attachment":[{"href":"https:\/\/www.europesays.com\/no\/wp-json\/wp\/v2\/media?parent=341627"}],"wp:term":[{"taxonomy":"category","embeddable":true,"href":"https:\/\/www.europesays.com\/no\/wp-json\/wp\/v2\/categories?post=341627"},{"taxonomy":"post_tag","embeddable":true,"href":"https:\/\/www.europesays.com\/no\/wp-json\/wp\/v2\/tags?post=341627"}],"curies":[{"name":"wp","href":"https:\/\/api.w.org\/{rel}","templated":true}]}}