{"id":341629,"date":"2026-09-02T16:29:15","date_gmt":"2026-09-02T16:29:15","guid":{"rendered":"https:\/\/www.europesays.com\/no\/341629\/"},"modified":"2026-09-02T16:29:15","modified_gmt":"2026-09-02T16:29:15","slug":"naeringsliv-modum-spar-over-30-kroner-literen-frykter-rasjonering-kan-bli-nodvendig","status":"publish","type":"post","link":"https:\/\/www.europesays.com\/no\/341629\/","title":{"rendered":"N\u00e6ringsliv, Modum | Sp\u00e5r over 30 kroner literen: \u2013 Frykter rasjonering kan bli n\u00f8dvendig"},"content":{"rendered":"\n<p>Prisene p\u00e5 bensin og diesel \u00f8kte betydelig etter at et fem m\u00e5neder langt avgiftskutt ble avsluttet 1. september. Flere steder rapporteres det om priser som n\u00e6rmer seg 30 kroner literen, noe som merkes godt hos drivstoffselgere.<\/p>\n<p>Ole Kristian Navrud, som driver YX Vikersund sammen med kona Laila Navrud, forteller til <a href=\"https:\/\/www.tv2.no\/broom\/frykter-rasjonering-pa-drivstoff\/19182800\/?fbclid=IwY2xjawUExf9wZG9mBWV4dG4DYWVtAjEwAGJyaWQRMWtLUFpaU3VES1lrclJJa2lzcnRjBmFwcF9pZBAyMjIwMzkxNzg4MjAwODkyAAEeBW9bNEvbr8QFrWDpiti4Xsy1U6oU1kBLXmYEKYN7NhaxJRAvih9i-gPuxEI_aem_MqkW8E-g_OYpeDfFEGyJuw\" rel=\"Follow nofollow noopener\" target=\"_blank\">Broom<\/a> om f\u00e6rre kunder tirsdag morgen.<\/p>\n<p>\u2013 Det var langt f\u00e6rre enn vanlig. Mange benyttet muligheten i g\u00e5r. Jeg s\u00e5 folk st\u00e5 med kanner og fylte p\u00e5, ogs\u00e5, forteller han til TV 2-nettstedet.<\/p>\n<p>  <a href=\"https:\/\/www.bygdeposten.no\/80-10-271\" class=\"related-teaser has-image article--c-MkAkR\" rel=\"nofollow noopener\" target=\"_blank\"><\/p>\n<p>    <img decoding=\"async\" width=\"155\"  loading=\"lazy\"  src=\"https:\/\/www.europesays.com\/no\/wp-content\/uploads\/2026\/09\/260901_Drivstoffpriser-1.jpg\" alt=\"\" class=\"brick-c-cFOWSL\" style=\"\"\/><\/p>\n<p>\n            Les ogs\u00e5<\/p>\n<p>            Drivstoffprisene tilbake til \u00abnormalen\u00bb: Lange k\u00f8er kvelden f\u00f8r\n        <\/p>\n<p>  <\/a><br \/>\n  Over 30 kroner<\/p>\n<p>Navrud uttrykker bekymring for dem som er avhengige av bilen for \u00e5 f\u00e5 hverdagen til \u00e5 g\u00e5 opp, og frykter \u00f8kte kostnader vil p\u00e5virke prisene for alle.<\/p>\n<p>Situasjonen kan bli enda mer alvorlig, advarer Navrud, som har en mor som opplevde rasjonering under tidligere kriser.<\/p>\n<p><b>\u2013 Hvis vi f\u00e5r to-tre m\u00e5neder til med samme situasjon som n\u00e5, risikerer vi at det blir mangel p\u00e5 drivstoff. Min mor opplevd rasjonering \u2013 at de ikke fikk kj\u00f8re bil i helgene. Jeg ser ikke bort fra at vi f\u00e5r lignende tilstander igjen n\u00e5, sier han til Broom.<\/b><\/p>\n<p>Han tror ikke folk er mentalt forberedt p\u00e5 rasjonering, og ansl\u00e5r at prisene vil passere 30 kroner literen f\u00f8r jul.<\/p>\n<p>    Slutt p\u00e5 avgiftslette<\/p>\n<p>Avgiftskuttet, som ble vedtatt denne v\u00e5ren, ble ikke forlenget i h\u00f8st. Senterpartiet og Fremskrittspartiet fors\u00f8kte \u00e5 videref\u00f8re st\u00f8tten, men fikk ikke flertall etter at H\u00f8yre stemte nei. Bakgrunnen for det opprinnelige kuttet var den kraftige pris\u00f8kningen p\u00e5 drivstoff i vinter som f\u00f8lge av krigen i Midt\u00f8sten. F\u00f8r avgiftskuttet kostet bensin i snitt 23,50 kroner og diesel 24,54 kroner per liter, if\u00f8lge Statistisk Sentralbyr\u00e5 (SSB).<\/p>\n<p>\u00d8kningen rammer ikke bare bilister, men ogs\u00e5 anleggsdiesel og drivstoff til fiske- og fangstn\u00e6ringen samt innenriks sj\u00f8fart. Drivstoffprisene p\u00e5virkes av flere faktorer, inkludert ettersp\u00f8rsel, problemer ved Hormuzstredet som begrenser eksport av raffinert diesel, og lave diesel-lagre globalt.<\/p>\n<p>  <a href=\"https:\/\/www.bygdeposten.no\/80-150-3376\" class=\"related-teaser has-image article--c-MkAkR\" rel=\"nofollow noopener\" target=\"_blank\"><\/p>\n<p>    <img decoding=\"async\" width=\"155\"  loading=\"lazy\"  src=\"https:\/\/www.europesays.com\/no\/wp-content\/uploads\/2026\/09\/IMG_0033.jpg\" alt=\"\" class=\"brick-c-cFOWSL\" style=\"\"\/><\/p>\n<p>\n            Les ogs\u00e5<\/p>\n<p>            Mari (35) frykter for nattes\u00f8vnen n\u00e5r dieselen blir dyrere: \u2013 Man tenker jo veldig mye p\u00e5 det\n        <\/p>\n<p>  <\/a><\/p>\n","protected":false},"excerpt":{"rendered":"Prisene p\u00e5 bensin og diesel \u00f8kte betydelig etter at et fem m\u00e5neder langt avgiftskutt ble avsluttet 1. september.&hellip;\n","protected":false},"author":2,"featured_media":341630,"comment_status":"","ping_status":"","sticky":false,"template":"","format":"standard","meta":{"footnotes":"","_share_on_mastodon":"0"},"categories":[10],"tags":[36,20,21,5933,2575,24,25,15,22,23,6087,62,13,30,28,29,447,14,26253,16,1510,26,27,26254],"class_list":["post-341629","post","type-post","status-publish","format-standard","has-post-thumbnail","category-norge","tag-art","tag-breaking-news","tag-breakingnews","tag-drivstoff","tag-drivstoffpriser","tag-featured-news","tag-featurednews","tag-headlines","tag-latest-news","tag-latestnews","tag-modum","tag-naeringsliv","tag-news","tag-no","tag-norge","tag-norway","tag-nyhet","tag-nyheter","tag-ole-kristian-navrud","tag-overskrifter","tag-story","tag-top-stories","tag-topstories","tag-yx-vikersund"],"share_on_mastodon":{"url":"https:\/\/pubeurope.com\/@no\/117202398029537778","error":""},"_links":{"self":[{"href":"https:\/\/www.europesays.com\/no\/wp-json\/wp\/v2\/posts\/341629","targetHints":{"allow":["GET"]}}],"collection":[{"href":"https:\/\/www.europesays.com\/no\/wp-json\/wp\/v2\/posts"}],"about":[{"href":"https:\/\/www.europesays.com\/no\/wp-json\/wp\/v2\/types\/post"}],"author":[{"embeddable":true,"href":"https:\/\/www.europesays.com\/no\/wp-json\/wp\/v2\/users\/2"}],"replies":[{"embeddable":true,"href":"https:\/\/www.europesays.com\/no\/wp-json\/wp\/v2\/comments?post=341629"}],"version-history":[{"count":0,"href":"https:\/\/www.europesays.com\/no\/wp-json\/wp\/v2\/posts\/341629\/revisions"}],"wp:featuredmedia":[{"embeddable":true,"href":"https:\/\/www.europesays.com\/no\/wp-json\/wp\/v2\/media\/341630"}],"wp:attachment":[{"href":"https:\/\/www.europesays.com\/no\/wp-json\/wp\/v2\/media?parent=341629"}],"wp:term":[{"taxonomy":"category","embeddable":true,"href":"https:\/\/www.europesays.com\/no\/wp-json\/wp\/v2\/categories?post=341629"},{"taxonomy":"post_tag","embeddable":true,"href":"https:\/\/www.europesays.com\/no\/wp-json\/wp\/v2\/tags?post=341629"}],"curies":[{"name":"wp","href":"https:\/\/api.w.org\/{rel}","templated":true}]}}