{"id":341635,"date":"2026-09-02T16:37:20","date_gmt":"2026-09-02T16:37:20","guid":{"rendered":"https:\/\/www.europesays.com\/no\/341635\/"},"modified":"2026-09-02T16:37:20","modified_gmt":"2026-09-02T16:37:20","slug":"krim-toyen-trearing-ble-knivstukket-pa-en-lekeplass-pa-toyen-jeg-dreper-ham-jeg-dreper-ham","status":"publish","type":"post","link":"https:\/\/www.europesays.com\/no\/341635\/","title":{"rendered":"Krim, T\u00f8yen | Tre\u00e5ring ble knivstukket p\u00e5 en lekeplass p\u00e5 T\u00f8yen: \u00abJeg dreper ham, jeg dreper ham\u00bb"},"content":{"rendered":"\n<p>Det er onsdag ettermiddag, 8. oktober i fjor. De gylne, gule tr\u00e6rne lyser opp i h\u00f8stsolen.<\/p>\n<p>P\u00e5 en lekeplass p\u00e5 Enerhaugen er en mamma og hennes to barn p\u00e5 ett og tre \u00e5r i ferd med \u00e5 pakke sammen for \u00e5 dra hjem og spise middag.\u00a0<\/p>\n<p>Tre\u00e5ringen har l\u00f8pt for \u00e5 hente sykkelen sin noen meter unna. Mens moren pakker ned tingene, ser hun plutselig at s\u00f8nnen har havnet p\u00e5 fanget til en kvinne som sitter p\u00e5 en benk p\u00e5 lekeplassen.\u00a0<\/p>\n<p>Kvinnen har p\u00e5 seg munnbind. I h\u00e5nden holder hun en kniv.<\/p>\n<p><b>Moren ser at kvinnen holder tre\u00e5ringen fast p\u00e5 fanget mens hun retter kniven mot brystet hans. S\u00e5 roper kvinnen \u00abjeg dreper ham, jeg dreper ham\u00bb.<\/b><\/p>\n<p>   <img decoding=\"async\" width=\"1268\" height=\"934\" fetchpriority=\"low\"  loading=\"lazy\"  src=\"https:\/\/www.europesays.com\/no\/wp-content\/uploads\/2026\/09\/Skjermbilde 2026-09-02 kl. 10.01.09.png\" alt=\"\" class=\"brick-c-cFOWSL\" style=\"--brick-image-ratio: 1268 \/ 934;\"\/><\/p>\n<p>      Politiet p\u00e5 stedet like etter hendelsen.<br \/>\n      Foto: Hannah Alvestad\/Avisa Oslo\n    <\/p>\n<p>Guttens mor inntok vitneboksen onsdag. Hun forklarer at hun ser kvinnen holde s\u00f8nnen hennes stramt med knivbladet mot ham.\u00a0<\/p>\n<p>\u2013 Da stopper verden veldig opp, forteller hun i retten.\u00a0<\/p>\n<p>Hun forteller at hun reagerte raskt og l\u00f8p til.\u00a0<\/p>\n<p><b>\u2013 Jeg skj\u00f8nner at det kanskje er for sent for ham. Det var som \u00e5 l\u00f8pe inn i min egen d\u00f8d og hans d\u00f8d. Hvert sekund han satt p\u00e5 fanget hennes, kunne han bli drept, forteller moren gr\u00e5tkvalt. <\/b><\/p>\n<p>\u2013 Skriker ut alt jeg kan<\/p>\n<p>Moren forteller at hun holder fast kvinnens arm med kniven, og at hun pr\u00f8ver \u00e5 bite henne i armen for \u00e5 f\u00e5 henne til \u00e5 stoppe. Det funker ikke.<\/p>\n<p>\u2013 Jeg skriker ut alt jeg kan for jeg trenger virkelig at noen hjelper meg.<\/p>\n<p>Samtidig f\u00e5r flere naboer med seg hva som foreg\u00e5r p\u00e5 benken p\u00e5 lekeplassen.\u00a0<\/p>\n<p><b>En nabo som bor i f\u00f8rste etasje like ved hopper ut av vinduet n\u00e5r han h\u00f8rer skrik.<\/b><\/p>\n<p>   <img decoding=\"async\" width=\"1842\" height=\"1326\" fetchpriority=\"low\"  loading=\"lazy\"  src=\"https:\/\/www.europesays.com\/no\/wp-content\/uploads\/2026\/09\/Skjermbilde 2026-09-02 kl. 10.35.37.png\" alt=\"\" class=\"brick-c-cFOWSL\" style=\"--brick-image-ratio: 1842 \/ 1326;\"\/><\/p>\n<p>      Omr\u00e5det ble sperret av etter hendelsen.<br \/>\n      Foto: Hannah Alvestad\/Avisa Oslo\n    <\/p>\n<p>Det oppst\u00e5r et basketak. Kvinnen stritter imot og fortsetter \u00e5 holde fast tre\u00e5ringen, mens moren og naboene kjemper for \u00e5 f\u00e5 gutten l\u00f8s.<\/p>\n<p>Flere av vitnene blir truffet av kniven. Moren f\u00e5r et kutt i tommelen, som gj\u00f8r at hun mister en liten del av fingeruppen.\u00a0<\/p>\n<p><b>F\u00f8r naboene sammen f\u00e5r kontroll p\u00e5 kvinnen, rekker hun \u00e5 stikke gutten slik at han f\u00e5r et fire centimeter langt kutt i pannen. <\/b><\/p>\n<p>Erkjenner straffskyld<\/p>\n<p>Denne uken m\u00f8ter kvinnen i Oslo tingrett, tiltalt for frihetsber\u00f8velse, grov kroppskrenkelse og trusler. Hun erkjenner straffskyld for alle postene.<\/p>\n<p>Politiadvokat Andreas Schei har lagt ned p\u00e5stand om tvunget psykisk helsevern, da politiet mener kvinnen er utilregnelig. To sakkyndige f\u00f8lger rettssaken for \u00e5 vurdere kvinnens psykiske helse.<\/p>\n<p>   <img decoding=\"async\" width=\"6000\" height=\"4000\" fetchpriority=\"low\"  loading=\"lazy\"  src=\"https:\/\/www.europesays.com\/no\/wp-content\/uploads\/2026\/09\/5_128_663624 NTB_HMFd12hi5XI.jpg\" alt=\"\" class=\"brick-c-cFOWSL\" style=\"--brick-image-ratio: 6000 \/ 4000;\"\/><\/p>\n<p>      Det er satt av tre dager til rettssaken i Oslo tingrett.<br \/>\n      Foto: Gorm Kallestad\/NTB\n    <\/p>\n<p>Gutten kom unna uten alvorlige skader. I retten ble det spilt av video av et tilrettelagt avh\u00f8r av tre\u00e5ringen, som ble gjort kort tid etter hendelsen.\u00a0<\/p>\n<p>Han har p\u00e5 seg en T-skjorte med forskjellige biler p\u00e5 og i pannen har han et plaster. Han forteller i avh\u00f8ret at han ikke pratet med \u00abhan dama\u00bb f\u00f8r kvinnen satt ham p\u00e5 fanget sitt.\u00a0<\/p>\n<p>Han forteller at det \u00abkom en kniv\u00bb og at mammaen hans \u00abhoppet p\u00e5\u00bb kvinnen.\u00a0<\/p>\n<p>Stor utrykning<\/p>\n<p>Politiet rykket ut med store ressurser etter hendelsen. Politiets innsatsleder p\u00e5 stedet, Tore Barstad, sa til Avisa Oslo den gang at det var en dramatisk telefon som kom inn til dem like etter klokken 17:00 denne dagen.\u00a0<\/p>\n<p>   <img decoding=\"async\" width=\"1722\" height=\"1332\" fetchpriority=\"low\"  loading=\"lazy\"  src=\"https:\/\/www.europesays.com\/no\/wp-content\/uploads\/2026\/09\/Skjermbilde 2026-09-02 kl. 10.06.16.png\" alt=\"\" class=\"brick-c-cFOWSL\" style=\"--brick-image-ratio: 1722 \/ 1332;\"\/><\/p>\n<p>      Innsatsleder i politiet, Tore Barstad, p\u00e5 stedet etter hendelsen 8. oktober i fjor.<br \/>\n      Foto: Hannah Alvestad\/Avisa Oslo\n    <\/p>\n<p>Vitnene som grep inn hadde holdt kvinnen fast helt til politiet kom frem og p\u00e5grep henne.\u00a0<\/p>\n<p>\u2013 Det fremst\u00e5r som tilfeldig. Vi ser ikke noe grunn til at noen skal g\u00e5 til angrep p\u00e5 en mor og et barn, sa Barstad.<\/p>\n<p><a class=\"brick-c-hOTghF\" href=\"#skip-\">Hopp over karusellen.<\/a><\/p>\n<p data-static=\"\" class=\"brick-c-fgNmNC\" id=\"carousel-title-\">Innholdskarusell med 30 artikler.<\/p>\n<ul data-static=\"\" aria-label=\"Navigasjon for innholdskarusell\" class=\"carousel-nav\">\n<li>\n<\/li>\n<li>\n<\/li>\n<\/ul>\n","protected":false},"excerpt":{"rendered":"Det er onsdag ettermiddag, 8. oktober i fjor. De gylne, gule tr\u00e6rne lyser opp i h\u00f8stsolen. P\u00e5 en&hellip;\n","protected":false},"author":2,"featured_media":341636,"comment_status":"","ping_status":"","sticky":false,"template":"","format":"standard","meta":{"footnotes":"","_share_on_mastodon":"0"},"categories":[10],"tags":[36,20,21,24,25,15,983,22,23,13,30,28,29,14,16,1510,26,27,4796,493],"class_list":["post-341635","post","type-post","status-publish","format-standard","has-post-thumbnail","category-norge","tag-art","tag-breaking-news","tag-breakingnews","tag-featured-news","tag-featurednews","tag-headlines","tag-krim","tag-latest-news","tag-latestnews","tag-news","tag-no","tag-norge","tag-norway","tag-nyheter","tag-overskrifter","tag-story","tag-top-stories","tag-topstories","tag-toyen","tag-vold"],"share_on_mastodon":{"url":"https:\/\/pubeurope.com\/@no\/117202429945487588","error":""},"_links":{"self":[{"href":"https:\/\/www.europesays.com\/no\/wp-json\/wp\/v2\/posts\/341635","targetHints":{"allow":["GET"]}}],"collection":[{"href":"https:\/\/www.europesays.com\/no\/wp-json\/wp\/v2\/posts"}],"about":[{"href":"https:\/\/www.europesays.com\/no\/wp-json\/wp\/v2\/types\/post"}],"author":[{"embeddable":true,"href":"https:\/\/www.europesays.com\/no\/wp-json\/wp\/v2\/users\/2"}],"replies":[{"embeddable":true,"href":"https:\/\/www.europesays.com\/no\/wp-json\/wp\/v2\/comments?post=341635"}],"version-history":[{"count":0,"href":"https:\/\/www.europesays.com\/no\/wp-json\/wp\/v2\/posts\/341635\/revisions"}],"wp:featuredmedia":[{"embeddable":true,"href":"https:\/\/www.europesays.com\/no\/wp-json\/wp\/v2\/media\/341636"}],"wp:attachment":[{"href":"https:\/\/www.europesays.com\/no\/wp-json\/wp\/v2\/media?parent=341635"}],"wp:term":[{"taxonomy":"category","embeddable":true,"href":"https:\/\/www.europesays.com\/no\/wp-json\/wp\/v2\/categories?post=341635"},{"taxonomy":"post_tag","embeddable":true,"href":"https:\/\/www.europesays.com\/no\/wp-json\/wp\/v2\/tags?post=341635"}],"curies":[{"name":"wp","href":"https:\/\/api.w.org\/{rel}","templated":true}]}}