{"id":341639,"date":"2026-09-02T16:39:14","date_gmt":"2026-09-02T16:39:14","guid":{"rendered":"https:\/\/www.europesays.com\/no\/341639\/"},"modified":"2026-09-02T16:39:14","modified_gmt":"2026-09-02T16:39:14","slug":"real-madrid-og-barcelona-har-flydd-ut-av-startblokkene-i-la-liga","status":"publish","type":"post","link":"https:\/\/www.europesays.com\/no\/341639\/","title":{"rendered":"Real Madrid og Barcelona har flydd ut av startblokkene i La Liga"},"content":{"rendered":"\n<p class=\"_lead_145nj_2 _lead_6fko5_53 layout-component text-serif-m layout-normal text-serif-l layout-component layout-wide layout-padded _wide_17hqh_1 layout-padded\">Real Madrid og regjerende ligamester Barcelona har flydd ut av startblokkene i \u00e5r. <\/p>\n<p><img alt=\"GAL\u00c1CTICOS: Jos\u00e9 Mourinho har verdens mest stjernefylte angrepsrekke i Vinicius Junior (t.v.), Kylian Mbapp\u00e9 og Jude Bellingham (t.h.). Foto: Thomas Peter \/ Reuters \/ NTB\" class=\"_image_jw3bv_65 layout-component layout-wide\" data-fullscreen- data-track-element-type=\"Article image fullscreen\" data-track-name=\"ImageFullscreen\" fetchpriority=\"high\" decoding=\"sync\" loading=\"eager\" height=\"1671\" itemprop=\"image\"  src=\"https:\/\/www.europesays.com\/no\/wp-content\/uploads\/2026\/09\/72e14407-ad7e-3132-8ddc-f00fffc692af.jpeg\"  style=\"object-position:0% 0%\" width=\"2507\"\/>GAL\u00c1CTICOS: Jos\u00e9 Mourinho har verdens mest stjernefylte angrepsrekke i Vinicius Junior (t.v.), Kylian Mbapp\u00e9 og Jude Bellingham (t.h.). Foto: Thomas Peter \/ Reuters \/ NTB<\/p>\n<ul aria-hidden=\"true\" class=\"_images_ntbth_112\">\n<li><a class=\"_link_ntbth_117\" href=\"https:\/\/www.vg.no\/forfatter\/andreas-hellenes\" style=\"z-index:1\" title=\"Andreas Hellenes\" rel=\"nofollow noopener\" target=\"_blank\"><img alt=\"Bilde av Andreas Hellenes\" class=\"_image_ntbth_93\" fetchpriority=\"low\" loading=\"lazy\" decoding=\"async\" itemprop=\"image\"  src=\"https:\/\/www.europesays.com\/no\/wp-content\/uploads\/2026\/09\/f0e69750-1684-4e72-ba28-6c797f48859d.jpeg\"  width=\"480\"\/><\/a><\/li>\n<\/ul>\n<p> Oppdatert onsdag 2. september kl. 17:17    <\/p>\n<ul class=\"_list_145nj_3 _list_64s2r_85 _unordered_145nj_106 text-sans-m\">\n<li class=\"_item_145nj_30\">Real Madrid og Barcelona startet sesongen med tre seiere og mange m\u00e5l.<\/li>\n<li class=\"_item_145nj_30\">Real Madrid har signert Jos\u00e9 Mourinho som trener og flere kjente spillere.<\/li>\n<li class=\"_item_145nj_30\">Barcelona sjokkerte ved \u00e5 kapre Rodri, og rivaliseringen med Real Madrid er intens.<\/li>\n<\/ul>\n<p>Vis mer <\/p>\n<p class=\"_paragraph_145nj_4 _paragraph_6fko5_10 layout-component text-serif-m layout-normal text-serif-m layout-padded\">Tre kamper, tre seiere og m\u00e5lene renner innm\u00e5lene renner innBarcelona har scoret 12 m\u00e5l p\u00e5 tre kamper, mens Real Madrid har ti p\u00e5 like mange. for begge gigantene som s\u00e5 langt st\u00e5r med full pott i La Liga. Spanias to st\u00f8rste lag har rustet kraftig opp i sommer.<\/p>\n<p class=\"_paragraph_145nj_4 _paragraph_6fko5_10 layout-component text-serif-m layout-normal text-serif-m layout-padded\">Hos hovedstadslaget har trenerlegenden <a href=\"https:\/\/www.vg.no\/tag\/jose-mourinho?utm_source=vg-article&amp;utm_medium=auto-tagger&amp;utm_campaign=n1XRza\" class=\"_link_145nj_39\" rel=\"nofollow noopener\" target=\"_blank\">Jos\u00e9 Mourinho<\/a> blitt ansatt, og kjente navn kjente navnKantspiller Yan Diomande fra RB Leipzig, midtbanespiller Bernardo Silva fra Manchester City, midtstopper Ibrahima Konat\u00e9 fra Liverpool, venstreback Marc Cucurella fra Chelsea og h\u00f8yreback Denzel Dumfries fra Inter har alle signert for Real Madrid. har \u00e9n etter \u00e9n signert for hvittr\u00f8yene. Barcelona har ogs\u00e5 svidd av mange millioner for \u00e5 forsterke stallenforsterke stallenMidtbanespiller Rodri fra Manchester City, kantspiller Anthony Gordon fra Newcastle, kantspiller Karim Adeyemi fra Borussia Dortmund og spiss Gabriel Jesus fra Arsenal..<\/p>\n<p class=\"_paragraph_145nj_4 _paragraph_6fko5_10 layout-component text-serif-m layout-normal text-serif-m layout-padded\">Spesielt signeringen av Rodri, som nylig ble verdensmester med Spania og k\u00e5ret til VMs beste spiller, skapte mye spetakkel. <\/p>\n<p class=\"_paragraph_145nj_4 _paragraph_6fko5_10 layout-component text-serif-m layout-normal text-serif-m layout-padded\">I flere m\u00e5neder hadde Real Madrid v\u00e6rt favoritter til \u00e5 signere spanjolen, men plutselig klarte Barcelona \u00e5 snappe opp 30-\u00e5ringen foran nesa p\u00e5 rivalen.<\/p>\n<p><img alt=\"SIGNALSIGNERING: Barcelona sikret seg Rodri rett foran snuten p\u00e5 rivalen.  Foto: QUIQUE GARCIA \/ EPA \/ NTB\" class=\"_image_jw3bv_65 layout-component layout-normal\" data-fullscreen- data-track-element-type=\"Article image fullscreen\" data-track-name=\"ImageFullscreen\" decoding=\"async\" loading=\"lazy\" height=\"5464\" itemprop=\"image\"  src=\"https:\/\/www.europesays.com\/no\/wp-content\/uploads\/2026\/09\/697c8ae2-8c5e-3ad9-9a54-0a73eff2f39b.jpeg\"  style=\"object-position:0% 0%\" width=\"8192\"\/>SIGNALSIGNERING: Barcelona sikret seg Rodri rett foran snuten p\u00e5 rivalen.  Foto: QUIQUE GARCIA \/ EPA \/ NTB<\/p>\n<p class=\"_paragraph_145nj_4 _paragraph_6fko5_10 layout-component text-serif-m layout-normal text-serif-m layout-padded\">\u2013 \u00c5 signere Rodri p\u00e5 den m\u00e5ten betyr veldig mye for Barcelona, og setter bare mer fyr p\u00e5 rivaliseringen, sier fotballkommentator i TV 2, Simen Stams\u00f8 M\u00f8ller og utdyper:<\/p>\n<p class=\"_paragraph_145nj_4 _paragraph_6fko5_10 layout-component text-serif-m layout-normal text-serif-m layout-padded\">\u2013 Man merket det allerede i fjor at det var en ganske sur stemning mellom dem. Det er tendenser til sl\u00e5ssing p\u00e5 banen og ordkrig. Mye p\u00e5 grunn av Vinicius Junior og Lamine Yamal, som ofte st\u00e5r i sentrum av det.<\/p>\n<p class=\"_paragraph_145nj_4 _paragraph_6fko5_10 layout-component text-serif-m layout-normal text-serif-m layout-padded\">At Rodri og Mourinho slutter seg til et stjernegalleri som allerede inneholder navn som Yamal, Kylian Mbapp\u00e9, Vinicius Junior og Jude Bellingham f\u00e5r Stams\u00f8 M\u00f8ller til \u00e5 mimre:<\/p>\n<p class=\"_paragraph_145nj_4 _paragraph_6fko5_10 layout-component text-serif-m layout-normal text-serif-m layout-padded\"><strong class=\"_strong_145nj_25\">\u2013 Det vi n\u00e5 g\u00e5r inn i er utvilsomt det st\u00f8rste siden Messi og Ronaldo-epokenMessi og Ronaldo-epokenPerioden fra 2009 til 2018 da Lionel Messi og Cristiano Ronaldo spilte for Barcelona og Real Madrid. Det oppsto en helt spesiell rivalisering mellom b\u00e5de superstjernene og klubbene disse \u00e5rene.. Forventningene til i \u00e5r har nesten aldri v\u00e6rt st\u00f8rre &#8211; og det skjer parallelt med at Messi og Ronaldo er ferdig p\u00e5 aller \u00f8verste toppniv\u00e5. N\u00e5 er tronen ledig. Dette blir et sinnssykt sirkus.<\/strong><\/p>\n<p><img decoding=\"async\" alt=\"Bilde av Simen Stams\u00f8 M\u00f8ller\" class=\"_image_148z4_25\" height=\"27\" itemprop=\"image\" loading=\"lazy\"  src=\"https:\/\/www.europesays.com\/no\/wp-content\/uploads\/2026\/09\/fa4e2fcd-08c5-3c00-872f-125f12e50a8a.jpeg\"  width=\"40\"\/><strong class=\"_name_148z4_34 title-serif-xs\">Simen Stams\u00f8 M\u00f8ller<\/strong><\/p>\n<p class=\"_paragraph_145nj_4 text-sans-m _description_148z4_39\">Kommenterer spansk fotball for TV 2<\/p>\n<p class=\"_paragraph_145nj_4 _paragraph_6fko5_10 layout-component text-serif-m layout-normal text-serif-m layout-padded\">Barcelona har vunnet La Liga-tittelen to \u00e5r p\u00e5 rad. Real Madrid st\u00e5r uten noen av de st\u00f8rste trofeenest\u00f8rste trofeeneLaLiga, Champions League og Copa del Rey (den spanske cupen). siden 2024.<\/p>\n<p class=\"_paragraph_145nj_4 _paragraph_6fko5_10 layout-component text-serif-m layout-normal text-serif-m layout-padded\">\u2013 N\u00e5 hviler det et veldig stort press p\u00e5 Real Madrid for \u00e5 sl\u00e5 tilbake. \u00c9n sesong uten trofeer er en fiasko. To sesonger uten er uutholdelig. Skulle de ikke klare det i \u00e5r heller, s\u00e5 sitter plutselig president Florentino Perez utrygt, forklarer Petter Veland.<\/p>\n<p><img decoding=\"async\" alt=\"Bilde av Petter Veland\" class=\"_image_148z4_25\" height=\"27\" itemprop=\"image\" loading=\"lazy\"  src=\"https:\/\/www.europesays.com\/no\/wp-content\/uploads\/2026\/09\/38bcc42e-fe58-3cd4-aac0-44c59a1d35ea.jpeg\"  width=\"40\"\/><strong class=\"_name_148z4_34 title-serif-xs\">Petter Veland<\/strong><\/p>\n<p class=\"_paragraph_145nj_4 text-sans-m _description_148z4_39\">Ekspert p\u00e5 spansk fotball<\/p>\n<p class=\"_paragraph_145nj_4 _paragraph_6fko5_10 layout-component text-serif-m layout-normal text-serif-m layout-padded\">Problemene var flereflereStjerneduoen Kylian Mbapp\u00e9 og Vinicius Junior slet med \u00e5 f\u00e5 samspillet til \u00e5 fungere, og p\u00e5 tampen av sesongen m\u00e5tte kaptein Federico Valverde til sykehus etter en fysisk konfrontasjon med lagkamerat Aur\u00e9lien Tchouam\u00e9ni. enn bare mangelen p\u00e5 trofeer sist sesong. N\u00e5 h\u00e5per alle med et hjerte for Real Madrid at Jos\u00e9 Mourinho skal ta frem gamle kunstergamle kunsterMourinho, som ogs\u00e5 trente Real Madrid fra 2010 til 2013, har ikke vunnet en ligatittel eller Champions League-tittel siden han vant ligaen med Chelsea i 2016\/2017-sesongen. og bringe La Liga- eller Champions League-tittelen hjem til storklubben.<\/p>\n<p class=\"_paragraph_145nj_4 _paragraph_6fko5_10 layout-component text-serif-m layout-normal text-serif-m layout-padded\">\u2013 Jeg returner til Real Madrid for \u00e5 vinne. Dette er en klubb som aldri kan n\u00f8ye seg med to sesonger uten ligagull. Vi skal bygge en vinnerkultur med urokkelig disiplin, var noe av det Jos\u00e9 Mourinho sa etter \u00e5 ha tatt Real Madrid-jobben.<\/p>\n<p><img decoding=\"async\" alt=\"Bilde av Jos\u00e9 Mourinho\" class=\"_image_148z4_25\" height=\"27\" itemprop=\"image\" loading=\"lazy\"  src=\"https:\/\/www.europesays.com\/no\/wp-content\/uploads\/2026\/09\/93d04b77-0218-32bf-af14-63806248a1a7.jpeg\"  width=\"40\"\/><strong class=\"_name_148z4_34 title-serif-xs\">Jos\u00e9 Mourinho<\/strong><\/p>\n<p class=\"_paragraph_145nj_4 text-sans-m _description_148z4_39\">Real Madrid-trener<\/p>\n<p class=\"_paragraph_145nj_4 _paragraph_6fko5_10 layout-component text-serif-m layout-normal text-serif-m layout-padded\">Mourinho er viden kjent for sin intense og energiske stil nede p\u00e5 sidelinjen under sine lags kamper, men i de tre f\u00f8rste kampene har portugiseren fremst\u00e5tt langt mer rolig og avbalansert. <\/p>\n<p class=\"_paragraph_145nj_4 _paragraph_6fko5_10 layout-component text-serif-m layout-normal text-serif-m layout-padded\">At det vil vedvare tror verken Veland eller Stams\u00f8 M\u00f8ller:<\/p>\n<p class=\"_paragraph_145nj_4 _paragraph_6fko5_10 layout-component text-serif-m layout-normal text-serif-m layout-padded\">\u2013 Mourinho er en tikkende bombe. Slik har han v\u00e6rt hele sin lange karriere. Han er en morsom, sjamerende sitatmaskin n\u00e5r ting g\u00e5r p\u00e5 skinner, men s\u00e5 er sp\u00f8rsm\u00e5let alltid hva som skjer n\u00e5r motgangen kommer, sier Veland.<\/p>\n<p class=\"_paragraph_145nj_4 _paragraph_6fko5_10 layout-component text-serif-m layout-normal text-serif-m layout-padded\">\u2013 Den rolige, lune bestefarstilen vi n\u00e5 har sett i starten tror jeg ikke vil vare. Det kommer til \u00e5 bli mer kaos etter hvert, sp\u00e5r fotballkommentator Stams\u00f8 M\u00f8ller.<\/p>\n<p class=\"_paragraph_145nj_4 _paragraph_6fko5_10 layout-component text-serif-m layout-normal text-serif-m layout-padded\">\u00c5rets f\u00f8rste El Clasico spilles f\u00f8rst i slutten av oktober p\u00e5 Camp Nou i Barcelona.<\/p>\n","protected":false},"excerpt":{"rendered":"Real Madrid og regjerende ligamester Barcelona har flydd ut av startblokkene i \u00e5r. GAL\u00c1CTICOS: Jos\u00e9 Mourinho har verdens&hellip;\n","protected":false},"author":2,"featured_media":341640,"comment_status":"","ping_status":"","sticky":false,"template":"","format":"standard","meta":{"footnotes":"","_share_on_mastodon":"0"},"categories":[59],"tags":[483,3705,7944,2500,482,30,28,29,5130,83,82],"class_list":["post-341639","post","type-post","status-publish","format-standard","has-post-thumbnail","category-sport","tag-fc-barcelona","tag-jose-mourinho","tag-jude-bellingham","tag-kylian-mbappe","tag-la-liga","tag-no","tag-norge","tag-norway","tag-real-madrid","tag-sport","tag-sports"],"share_on_mastodon":{"url":"https:\/\/pubeurope.com\/@no\/117202437856701755","error":""},"_links":{"self":[{"href":"https:\/\/www.europesays.com\/no\/wp-json\/wp\/v2\/posts\/341639","targetHints":{"allow":["GET"]}}],"collection":[{"href":"https:\/\/www.europesays.com\/no\/wp-json\/wp\/v2\/posts"}],"about":[{"href":"https:\/\/www.europesays.com\/no\/wp-json\/wp\/v2\/types\/post"}],"author":[{"embeddable":true,"href":"https:\/\/www.europesays.com\/no\/wp-json\/wp\/v2\/users\/2"}],"replies":[{"embeddable":true,"href":"https:\/\/www.europesays.com\/no\/wp-json\/wp\/v2\/comments?post=341639"}],"version-history":[{"count":0,"href":"https:\/\/www.europesays.com\/no\/wp-json\/wp\/v2\/posts\/341639\/revisions"}],"wp:featuredmedia":[{"embeddable":true,"href":"https:\/\/www.europesays.com\/no\/wp-json\/wp\/v2\/media\/341640"}],"wp:attachment":[{"href":"https:\/\/www.europesays.com\/no\/wp-json\/wp\/v2\/media?parent=341639"}],"wp:term":[{"taxonomy":"category","embeddable":true,"href":"https:\/\/www.europesays.com\/no\/wp-json\/wp\/v2\/categories?post=341639"},{"taxonomy":"post_tag","embeddable":true,"href":"https:\/\/www.europesays.com\/no\/wp-json\/wp\/v2\/tags?post=341639"}],"curies":[{"name":"wp","href":"https:\/\/api.w.org\/{rel}","templated":true}]}}