{"id":341641,"date":"2026-09-02T16:45:09","date_gmt":"2026-09-02T16:45:09","guid":{"rendered":"https:\/\/www.europesays.com\/no\/341641\/"},"modified":"2026-09-02T16:45:09","modified_gmt":"2026-09-02T16:45:09","slug":"clooney-ut-mot-trump-regjeringen-kaller-usa-et-kakistokrati","status":"publish","type":"post","link":"https:\/\/www.europesays.com\/no\/341641\/","title":{"rendered":"Clooney ut mot Trump-regjeringen \u2013 kaller USA et \u00abkakistokrati\u00bb"},"content":{"rendered":"<p class=\"kicker t16 tm16 font-NotoSans\" style=\"\">Verden<\/p>\n<p class=\"subtitle t19 font-NotoSans\" style=\"\">Skuespilleren George Clooney, en selverkl\u00e6rt demokrat, sier USA styres av de minst kvalifiserte menneskene.<\/p>\n<p>\n        George Clooney ankom den 83. filmfestivalen i Venezia onsdag i b\u00e5t.<br \/>\n        Alessandra Tarantino \/ AP \/ NTB\n    <\/p>\n<p>\u2013 Jeg tror kanskje vi har et kakistokrati n\u00e5, men vi kommer til \u00e5 komme oss gjennom det, sier han.<\/p>\n<p>Begrepet \u00abkakistokrati\u00bb brukes om et land som er styrt av de verste, minst kvalifiserte og mest skruppell\u00f8se innbyggerne.<\/p>\n<p>Clooney er for tiden i Venezia for \u00e5 delta p\u00e5 filmfestivalen, som \u00e5pnet onsdag. Der skal han motta \u00c6res-Gull\u00f8ven.<\/p>\n<p>P\u00e5 en pressekonferanse trakk han paralleller til andre m\u00f8rke tider i USA i sin levetid og mener at tiden under president Donald Trump kan sammenlignes med USA p\u00e5 60-tallet.<\/p>\n<p>\u2013 Jeg er gammel nok til \u00e5 ha v\u00e6rt gjennom 1968 i USA da alle byer sto i brann, og vi mistet Martin Luther King og Robert Kennedy i l\u00f8pet av samme \u00e5r, sier han.<\/p>\n<p>\u2013 Det var masse vold. Kongressbygningen var omringet av stridsvogner.<\/p>\n<p>Men han er fortsatt optimist. Mellomvalget i november kan gi litt mer balanse, og i 2028 kan man kanskje finne tilbake til en slags normalitet, if\u00f8lge Clooney.<\/p>\n<p>Clooney samlet penger til Joe Bidens kampanje i 2024 og har innflytelse hos Demokratene. Da Biden omsider trappet ned under valgkampen, skjedde det kort tid etter at Clooney var blant de f\u00f8rste til \u00e5 ta til orde for det.<\/p>\n","protected":false},"excerpt":{"rendered":"Verden Skuespilleren George Clooney, en selverkl\u00e6rt demokrat, sier USA styres av de minst kvalifiserte menneskene. George Clooney ankom&hellip;\n","protected":false},"author":2,"featured_media":341642,"comment_status":"","ping_status":"","sticky":false,"template":"","format":"standard","meta":{"footnotes":"","_share_on_mastodon":"0"},"categories":[12],"tags":[20,21,24,25,15,22,23,13,30,28,29,14,16,26,27,42,43,44,45],"class_list":["post-341641","post","type-post","status-publish","format-standard","has-post-thumbnail","category-verden","tag-breaking-news","tag-breakingnews","tag-featured-news","tag-featurednews","tag-headlines","tag-latest-news","tag-latestnews","tag-news","tag-no","tag-norge","tag-norway","tag-nyheter","tag-overskrifter","tag-top-stories","tag-topstories","tag-verden","tag-world","tag-world-news","tag-worldnews"],"share_on_mastodon":{"url":"https:\/\/pubeurope.com\/@no\/117202460827416897","error":""},"_links":{"self":[{"href":"https:\/\/www.europesays.com\/no\/wp-json\/wp\/v2\/posts\/341641","targetHints":{"allow":["GET"]}}],"collection":[{"href":"https:\/\/www.europesays.com\/no\/wp-json\/wp\/v2\/posts"}],"about":[{"href":"https:\/\/www.europesays.com\/no\/wp-json\/wp\/v2\/types\/post"}],"author":[{"embeddable":true,"href":"https:\/\/www.europesays.com\/no\/wp-json\/wp\/v2\/users\/2"}],"replies":[{"embeddable":true,"href":"https:\/\/www.europesays.com\/no\/wp-json\/wp\/v2\/comments?post=341641"}],"version-history":[{"count":0,"href":"https:\/\/www.europesays.com\/no\/wp-json\/wp\/v2\/posts\/341641\/revisions"}],"wp:featuredmedia":[{"embeddable":true,"href":"https:\/\/www.europesays.com\/no\/wp-json\/wp\/v2\/media\/341642"}],"wp:attachment":[{"href":"https:\/\/www.europesays.com\/no\/wp-json\/wp\/v2\/media?parent=341641"}],"wp:term":[{"taxonomy":"category","embeddable":true,"href":"https:\/\/www.europesays.com\/no\/wp-json\/wp\/v2\/categories?post=341641"},{"taxonomy":"post_tag","embeddable":true,"href":"https:\/\/www.europesays.com\/no\/wp-json\/wp\/v2\/tags?post=341641"}],"curies":[{"name":"wp","href":"https:\/\/api.w.org\/{rel}","templated":true}]}}