{"id":341675,"date":"2026-09-02T17:22:18","date_gmt":"2026-09-02T17:22:18","guid":{"rendered":"https:\/\/www.europesays.com\/no\/341675\/"},"modified":"2026-09-02T17:22:18","modified_gmt":"2026-09-02T17:22:18","slug":"victoria-beckham-tjener-penger-for-forste-gang-etter16-ar-med-underskudd","status":"publish","type":"post","link":"https:\/\/www.europesays.com\/no\/341675\/","title":{"rendered":"Victoria Beckham tjener penger for f\u00f8rste gang etter16 \u00e5r med underskudd"},"content":{"rendered":"<p class=\"kicker \" style=\"\">Victoria Beckham:<\/p>\n<p class=\"subtitle t30\" style=\"\">Det tidligere Spice Girl-ikonet har klart \u00e5 snu trenden.\u00a0N\u00e5 g\u00e5r det i riktig retning for firebarnsmoren.\u00a0<\/p>\n<p>\n    SNUOPERASJON: Etter 16 \u00e5r med underskudd viser Victoria Beckhams moteselskap endelig positive tall. Foto: Maja Smiejkowska \/ Reuters \/ NTB\n  <\/p>\n<p> Victoria Beckham (52) startet klesmerket sitt \u00abVictoria Beckham\u00bb i 2008. Siden har selskapet kjempet for \u00e5 bli l\u00f8nnsomt. <\/p>\n<p> N\u00e5 kan det tidligere Spice Girls-medlemmet og motegr\u00fcnderen juble. Regnskapet for 2025 viser et resultat p\u00e5 rundt 95 millioner kroner. <\/p>\n<p>    <a itemprop=\"url\" href=\"https:\/\/www.seher.no\/kjendis\/gratulasjonene-renner-inn\/85083606\" rel=\"nofollow noopener\" target=\"_blank\"><\/p>\n<p>        <img loading=\"lazy\" decoding=\"async\" src=\"https:\/\/www.europesays.com\/no\/wp-content\/uploads\/2026\/09\/85083645.webp\" width=\"180\" height=\"81\" alt=\"\" class=\"lazyload\" style=\"--aspect-ratio-image: 2.22; \"\/><\/p>\n<p>        Gratulasjonene renner inn<\/p>\n<p>    <\/a><\/p>\n<p class=\"font-weight-bold m-font-weight-bold\" data-lab-font_weight=\"font-weight-bold\"> &#8211; Vi har alle jobbet hardt i lang tid for dette \u00f8yeblikket med l\u00f8nnsomhet og vekst, sier Victoria til\u00a0<a href=\"https:\/\/www.ft.com\/content\/94b17d45-0a07-41e0-9597-57ca8918b8bd?syn-25a6b1a6=1\" rel=\"nofollow noopener\" target=\"_blank\">Financial Times<\/a>. <\/p>\n<p> Fra Posh Spice til motegr\u00fcnder \t<\/p>\n<p>Victoria fikk sitt store gjennombrudd som Posh Spice i 90-tallsgruppen Spice Girls, men etter hvert fant hun en ny karrierevei i motebransjen. <\/p>\n<p>        <img loading=\"lazy\" decoding=\"async\" src=\"https:\/\/www.europesays.com\/no\/wp-content\/uploads\/2026\/09\/85095891.webp\" width=\"667\" height=\"654\" alt=\"\" class=\"\" style=\"--aspect-ratio-image: 1.02; \"\/><\/p>\n<p>\n        FRA POP TIL MOTE: Victoria Beckham ble f\u00f8rst kjent som Posh Spice i Spice Girls, f\u00f8r hun senere satset p\u00e5 motebransjen. Foto: ITV \/ Shutterstock \/ NTB\n    <\/p>\n<p> Merket startet med kjoler, men har siden vokst til \u00e5 omfatte blant annet kl\u00e6r, sko, vesker og solbriller. I 2019 utvidet Victoria virksomheten med skj\u00f8nnhetsmerket Victoria Beckham Beauty. <\/p>\n<p> Men veien til l\u00f8nnsomhet har v\u00e6rt lang. I flere \u00e5r har luksusmerket g\u00e5tt med underskudd p\u00e5 flere titalls millioner kroner. <\/p>\n<p>        FREMP\u00c5: \u00abFarmen\u00bb-deltakeren har selvtilliten p\u00e5 plass n\u00e5r han stolt viser fram tatoveringen han tok like f\u00f8r innspillingen. Video: Karolina Grace\/Nora Skavhaug\/R\u00f8d L\u00f8per. <\/p>\n<p>F\u00f8rste overskudd\t<\/p>\n<p>Overskuddet markerer f\u00f8rste gang selskapet g\u00e5r i pluss siden oppstarten. If\u00f8lge regnskapet omsatte Victoria Beckham Holdings for 129,8 millioner pund i 2025.<\/p>\n<p>Victoria mener folks endrede syn p\u00e5 merkevaren kan ha bidratt til utviklingen.<\/p>\n<p>        <img loading=\"lazy\" decoding=\"async\" src=\"https:\/\/www.europesays.com\/no\/wp-content\/uploads\/2026\/09\/85095929.webp\" width=\"686\" height=\"460\" alt=\"\" class=\"\" style=\"--aspect-ratio-image: 1.49; \"\/><\/p>\n<p>\n        ST\u00d8TTER: David Beckham og tre av parets fire barn stilte opp under visningen av Victoria Beckhams sommerkolleksjon i 2024. Foto: Vianney Le Caer \/ NTB\n    <\/p>\n<p> &#8211; Etter 20 \u00e5r ser folk ikke lenger p\u00e5 merkevaren min som en kjendismerkevare, sier hun. <\/p>\n<p>    <a itemprop=\"url\" href=\"https:\/\/www.seher.no\/kjendis\/apner-opp-om-forholdet\/85092168\" rel=\"nofollow noopener\" target=\"_blank\"><\/p>\n<p>        <img loading=\"lazy\" decoding=\"async\" src=\"https:\/\/www.europesays.com\/no\/wp-content\/uploads\/2026\/09\/1788369737_294_85092243.webp\" width=\"180\" height=\"81\" alt=\"\" class=\"lazyload\" style=\"--aspect-ratio-image: 2.22; \"\/><\/p>\n<p>        \u00c5pner opp om forholdet<\/p>\n<p>    <\/a><\/p>\n<p> Netflix ga drahjelp\t<\/p>\n<p class=\"font-weight-normal m-font-weight-normal\" data-lab-font_weight=\"font-weight-normal\"> Ogs\u00e5 Netflix-serien \u00abVictoria Beckham\u00bb skal ha bidratt til oppturen. If\u00f8lge regnskapet f\u00f8rte serien til \u00f8kt salg. <\/p>\n<p>        <img loading=\"lazy\" decoding=\"async\" src=\"https:\/\/www.europesays.com\/no\/wp-content\/uploads\/2026\/09\/85095941.webp\" width=\"686\" height=\"460\" alt=\"\" class=\"\" style=\"--aspect-ratio-image: 1.49; \"\/><\/p>\n<p>\n        MILEP\u00c6L: Etter mange \u00e5r med underskudd har Victoria Beckhams selskap n\u00e5dd sitt f\u00f8rste driftsoverskudd. Foto: Cyril Pecquenard \/ Sipa \/ Shutterstock \/ NTB\n    <\/p>\n<p class=\"font-weight-bold m-font-weight-bold\" data-lab-font_weight=\"font-weight-bold\"> Motedelen leverte tosifret vekst i 2025, mens skj\u00f8nnhetsvirksomheten hadde et av sine sterkeste \u00e5r hittil. <\/p>\n<p>Selskapets toppsjef Sybille Darricarr\u00e8re Lunel beskriver det f\u00f8rste driftsoverskuddet som en milep\u00e6l.<\/p>\n","protected":false},"excerpt":{"rendered":"Victoria Beckham: Det tidligere Spice Girl-ikonet har klart \u00e5 snu trenden.\u00a0N\u00e5 g\u00e5r det i riktig retning for firebarnsmoren.\u00a0&hellip;\n","protected":false},"author":2,"featured_media":341676,"comment_status":"","ping_status":"","sticky":false,"template":"","format":"standard","meta":{"footnotes":"","_share_on_mastodon":"0"},"categories":[58],"tags":[71,479,2543,30,28,29,72,6081],"class_list":["post-341675","post","type-post","status-publish","format-standard","has-post-thumbnail","category-underholdning","tag-entertainment","tag-kjendis","tag-kjendisdesken","tag-no","tag-norge","tag-norway","tag-underholdning","tag-victoria-beckham"],"share_on_mastodon":{"url":"https:\/\/pubeurope.com\/@no\/117202606721815608","error":""},"_links":{"self":[{"href":"https:\/\/www.europesays.com\/no\/wp-json\/wp\/v2\/posts\/341675","targetHints":{"allow":["GET"]}}],"collection":[{"href":"https:\/\/www.europesays.com\/no\/wp-json\/wp\/v2\/posts"}],"about":[{"href":"https:\/\/www.europesays.com\/no\/wp-json\/wp\/v2\/types\/post"}],"author":[{"embeddable":true,"href":"https:\/\/www.europesays.com\/no\/wp-json\/wp\/v2\/users\/2"}],"replies":[{"embeddable":true,"href":"https:\/\/www.europesays.com\/no\/wp-json\/wp\/v2\/comments?post=341675"}],"version-history":[{"count":0,"href":"https:\/\/www.europesays.com\/no\/wp-json\/wp\/v2\/posts\/341675\/revisions"}],"wp:featuredmedia":[{"embeddable":true,"href":"https:\/\/www.europesays.com\/no\/wp-json\/wp\/v2\/media\/341676"}],"wp:attachment":[{"href":"https:\/\/www.europesays.com\/no\/wp-json\/wp\/v2\/media?parent=341675"}],"wp:term":[{"taxonomy":"category","embeddable":true,"href":"https:\/\/www.europesays.com\/no\/wp-json\/wp\/v2\/categories?post=341675"},{"taxonomy":"post_tag","embeddable":true,"href":"https:\/\/www.europesays.com\/no\/wp-json\/wp\/v2\/tags?post=341675"}],"curies":[{"name":"wp","href":"https:\/\/api.w.org\/{rel}","templated":true}]}}