{"id":34168,"date":"2025-09-13T09:51:25","date_gmt":"2025-09-13T09:51:25","guid":{"rendered":"https:\/\/www.europesays.com\/no\/34168\/"},"modified":"2025-09-13T09:51:25","modified_gmt":"2025-09-13T09:51:25","slug":"bestille-billett-hos-norwegian","status":"publish","type":"post","link":"https:\/\/www.europesays.com\/no\/34168\/","title":{"rendered":"Bestille billett hos Norwegian"},"content":{"rendered":"<p class=\"kicker bg-cyan color_mobile_bg-cyan hasTextPadding mobile-hasTextPadding\" style=\"\">Reise<\/p>\n<p>  Norwegian endret bestillingssiden. Det likte ikke kundene.\u00a0<\/p>\n<p>\n    G\u00c5R TILBAKE: Om du bes\u00f8ker Norwegians nettside vil du se at ting n\u00e5 er som f\u00f8r. Foto: NTB\n  <\/p>\n<p>For noen uker siden dukket det opp endringer p\u00e5 flyselskapet Norwegians bestillingssider.\u00a0<\/p>\n<p class=\"font-weight-bold m-font-weight-bold\" data-lab-font_weight=\"font-weight-bold\">Mens avgangene opprinnelig ble presentert etter avreisetid, var det n\u00e5 varigheten p\u00e5 reisen som styrte rekkef\u00f8lgen.\u00a0<\/p>\n<p>&#8211; Det er faktisk helt krise hvor lite brukervennlig den nye l\u00f8sningen er, <a href=\"https:\/\/dinside.dagbladet.no\/reise\/reagerer-helt-krise\/83471554\" rel=\"nofollow noopener\" target=\"_blank\">uttalte en kunde<\/a>.<\/p>\n<p>        SKJULT FARE: P\u00e5 Gardermoen har Storebrand satt opp en stand for \u00e5 sjekke bagasje for veggedyr, flere har f\u00e5tt seg en litt uhyggelig overraskelse her. Video: Mikkel Aamodt Olsen. <\/p>\n<p>En annen spurte om hensikten med dette \u00abrotet\u00bb var at kunden skulle bomme p\u00e5 de billigste billettene?<\/p>\n<p>Norwegian forklarte blant annet at de hadde oppgradert\u00a0sin bestillingsside for \u00e5 gi kundene mer fleksibilitet, flere valgmuligheter og legge til rette for fremtidige digitale tjenester, og at de aller fleste bestilte som normalt og at kundeservicen var stabil.\u00a0<\/p>\n<p class=\"font-weight-bold m-font-weight-bold\" data-lab-font_weight=\"font-weight-bold\">N\u00e5 snur imidlertid selskapet, melder reisenettstedet <a href=\"https:\/\/flysmart24.no\/2025\/09\/11\/norwegian-snur-gir-etter-for-protestene\/\" rel=\"nofollow noopener\" target=\"_blank\">Flysmart24<\/a>.<\/p>\n<p>&#8211; Vi har valgt \u00e5 g\u00e5 tilbake til den opprinnelige bookingsiden, bekrefter Norwegians landssjef for Danmark, Sara Westphal Emborg Neergaard.<\/p>\n<p>Hun skriver i en e-post til <a href=\"https:\/\/flysmart24.no\/2025\/09\/11\/norwegian-snur-gir-etter-for-protestene\/\" rel=\"nofollow noopener\" target=\"_blank\">nettstedet <\/a>at n\u00e5r man utvikler nye digitale l\u00f8sninger, er det helt naturlig \u00e5 teste, l\u00e6re og justere underveis.<\/p>\n<p class=\"font-weight-bold m-font-weight-bold\" data-lab-font_weight=\"font-weight-bold\">&#8211; Vi har f\u00e5tt nyttige tilbakemeldinger og samlet verdifull innsikt som vi vil ta med oss i v\u00e5rt videre arbeid. M\u00e5let er \u00e5 gj\u00f8re bestillingsopplevelsen s\u00e5 enkel og god som mulig for kundene.<\/p>\n","protected":false},"excerpt":{"rendered":"Reise Norwegian endret bestillingssiden. Det likte ikke kundene.\u00a0 G\u00c5R TILBAKE: Om du bes\u00f8ker Norwegians nettside vil du se&hellip;\n","protected":false},"author":2,"featured_media":34169,"comment_status":"","ping_status":"","sticky":false,"template":"","format":"standard","meta":{"footnotes":""},"categories":[56],"tags":[60,61,1991,3998,62,30,28,29,2379,1992],"class_list":{"0":"post-34168","1":"post","2":"type-post","3":"status-publish","4":"format-standard","5":"has-post-thumbnail","7":"category-naeringsliv","8":"tag-business","9":"tag-economy","10":"tag-ferie","11":"tag-metadz","12":"tag-naeringsliv","13":"tag-no","14":"tag-norge","15":"tag-norway","16":"tag-norwegian","17":"tag-reise"},"share_on_mastodon":{"url":"","error":""},"_links":{"self":[{"href":"https:\/\/www.europesays.com\/no\/wp-json\/wp\/v2\/posts\/34168","targetHints":{"allow":["GET"]}}],"collection":[{"href":"https:\/\/www.europesays.com\/no\/wp-json\/wp\/v2\/posts"}],"about":[{"href":"https:\/\/www.europesays.com\/no\/wp-json\/wp\/v2\/types\/post"}],"author":[{"embeddable":true,"href":"https:\/\/www.europesays.com\/no\/wp-json\/wp\/v2\/users\/2"}],"replies":[{"embeddable":true,"href":"https:\/\/www.europesays.com\/no\/wp-json\/wp\/v2\/comments?post=34168"}],"version-history":[{"count":0,"href":"https:\/\/www.europesays.com\/no\/wp-json\/wp\/v2\/posts\/34168\/revisions"}],"wp:featuredmedia":[{"embeddable":true,"href":"https:\/\/www.europesays.com\/no\/wp-json\/wp\/v2\/media\/34169"}],"wp:attachment":[{"href":"https:\/\/www.europesays.com\/no\/wp-json\/wp\/v2\/media?parent=34168"}],"wp:term":[{"taxonomy":"category","embeddable":true,"href":"https:\/\/www.europesays.com\/no\/wp-json\/wp\/v2\/categories?post=34168"},{"taxonomy":"post_tag","embeddable":true,"href":"https:\/\/www.europesays.com\/no\/wp-json\/wp\/v2\/tags?post=34168"}],"curies":[{"name":"wp","href":"https:\/\/api.w.org\/{rel}","templated":true}]}}