{"id":341681,"date":"2026-09-02T17:27:17","date_gmt":"2026-09-02T17:27:17","guid":{"rendered":"https:\/\/www.europesays.com\/no\/341681\/"},"modified":"2026-09-02T17:27:17","modified_gmt":"2026-09-02T17:27:17","slug":"apple-doper-om-lake-ontario-til-lake-america","status":"publish","type":"post","link":"https:\/\/www.europesays.com\/no\/341681\/","title":{"rendered":"Apple d\u00f8per om Lake Ontario til \u00abLake America\u00bb"},"content":{"rendered":"<p class=\"subtitle \" style=\"\">Apple har endret navnet p\u00e5 Lake Ontario til \u00abLake America\u00bb for amerikanske brukere av Apples kart etter president Donald Trumps ordre om \u00e5 gi innsj\u00f8en nytt navn.<\/p>\n<p>\n    I Canada vises fortsatt Lake Ontario, mens brukere utenfor USA og Canada f\u00e5r opp begge navnene. Google Maps viser Ontariosj\u00f8en som \u00abLake America\u00bb allerede i helgen. Foto: Jae C. Hong \/ AP \/ NTB\n  <\/p>\n<p>Apple bekrefter at amerikanske brukere vil f\u00e5 opp \u00abLake America\u00bb etter at navnet ble endret i USAs offisielle register over geografiske navn.<\/p>\n<p>Google gjorde den samme endringen for amerikanske brukere i helgen. I Canada vises fortsatt Lake Ontario, mens brukere utenfor USA og Canada f\u00e5r opp begge navnene.<\/p>\n<p>Trump undertegnet 27. august en presidentordre som endrer navnet p\u00e5 innsj\u00f8en i amerikansk f\u00f8deral bruk. Ordren endrer ikke hva Canada eller internasjonale organer kaller innsj\u00f8en. Om lag 52 prosent av Lake Ontario ligger p\u00e5 canadisk side av grensen.<\/p>\n<p>Navneendringen kommer mens forholdet mellom USA og Canada er preget av en tilspisset handelskonflikt. Canadas statsminister Mark Carney har avvist det nye navnet.<\/p>\n<p>En Reuters\/Ipsos-m\u00e5ling viser at 63 prosent av amerikanerne er imot navneendringen, mens 14 prosent st\u00f8tter den.<\/p>\n<p>Trump ga i 2025 Mexicogolfen det amerikanske navnet \u00abGulf of America\u00bb. Ogs\u00e5 da endret b\u00e5de Apple og Google navnene i karttjenestene sine for amerikanske brukere.<\/p>\n","protected":false},"excerpt":{"rendered":"Apple har endret navnet p\u00e5 Lake Ontario til \u00abLake America\u00bb for amerikanske brukere av Apples kart etter president&hellip;\n","protected":false},"author":2,"featured_media":341682,"comment_status":"","ping_status":"","sticky":false,"template":"","format":"standard","meta":{"footnotes":"","_share_on_mastodon":"0"},"categories":[12],"tags":[20,21,1456,55,24,25,15,22,23,13,30,28,29,14,16,41,26,27,50,42,43,44,45],"class_list":["post-341681","post","type-post","status-publish","format-standard","has-post-thumbnail","category-verden","tag-breaking-news","tag-breakingnews","tag-canada","tag-donald-trump","tag-featured-news","tag-featurednews","tag-headlines","tag-latest-news","tag-latestnews","tag-news","tag-no","tag-norge","tag-norway","tag-nyheter","tag-overskrifter","tag-politikk","tag-top-stories","tag-topstories","tag-usa","tag-verden","tag-world","tag-world-news","tag-worldnews"],"share_on_mastodon":{"url":"https:\/\/pubeurope.com\/@no\/117202626021409876","error":""},"_links":{"self":[{"href":"https:\/\/www.europesays.com\/no\/wp-json\/wp\/v2\/posts\/341681","targetHints":{"allow":["GET"]}}],"collection":[{"href":"https:\/\/www.europesays.com\/no\/wp-json\/wp\/v2\/posts"}],"about":[{"href":"https:\/\/www.europesays.com\/no\/wp-json\/wp\/v2\/types\/post"}],"author":[{"embeddable":true,"href":"https:\/\/www.europesays.com\/no\/wp-json\/wp\/v2\/users\/2"}],"replies":[{"embeddable":true,"href":"https:\/\/www.europesays.com\/no\/wp-json\/wp\/v2\/comments?post=341681"}],"version-history":[{"count":0,"href":"https:\/\/www.europesays.com\/no\/wp-json\/wp\/v2\/posts\/341681\/revisions"}],"wp:featuredmedia":[{"embeddable":true,"href":"https:\/\/www.europesays.com\/no\/wp-json\/wp\/v2\/media\/341682"}],"wp:attachment":[{"href":"https:\/\/www.europesays.com\/no\/wp-json\/wp\/v2\/media?parent=341681"}],"wp:term":[{"taxonomy":"category","embeddable":true,"href":"https:\/\/www.europesays.com\/no\/wp-json\/wp\/v2\/categories?post=341681"},{"taxonomy":"post_tag","embeddable":true,"href":"https:\/\/www.europesays.com\/no\/wp-json\/wp\/v2\/tags?post=341681"}],"curies":[{"name":"wp","href":"https:\/\/api.w.org\/{rel}","templated":true}]}}