{"id":341693,"date":"2026-09-02T17:34:21","date_gmt":"2026-09-02T17:34:21","guid":{"rendered":"https:\/\/www.europesays.com\/no\/341693\/"},"modified":"2026-09-02T17:34:21","modified_gmt":"2026-09-02T17:34:21","slug":"irans-helseminister-18-drept-og-108-saret-i-amerikanske-angrep","status":"publish","type":"post","link":"https:\/\/www.europesays.com\/no\/341693\/","title":{"rendered":"Irans helseminister: 18 drept og 108 s\u00e5ret i amerikanske angrep"},"content":{"rendered":"\n<p class=\"_lead_145nj_2 _lead_6fko5_53 layout-component text-serif-m layout-normal text-serif-l layout-component layout-wide layout-padded _wide_17hqh_1 layout-padded\">Flere av dem skal v\u00e6re barn, if\u00f8lge iransk statlig TV. <\/p>\n<p><img alt=\"Dette bildet skal vise et av kraterne etter amerikanske angrep 2. september. Foto: Morteza Akhoondi \/ AP \/ NTB\" class=\"_image_jw3bv_65 layout-component layout-wide\" data-fullscreen- data-track-element-type=\"Article image fullscreen\" data-track-name=\"ImageFullscreen\" fetchpriority=\"high\" decoding=\"sync\" loading=\"eager\" height=\"4000\" itemprop=\"image\"  src=\"https:\/\/www.europesays.com\/no\/wp-content\/uploads\/2026\/09\/d654578b-b24e-30d0-a4df-ffefc9fdf680.jpeg\"  style=\"object-position:0% 0%\" width=\"6000\"\/>Dette bildet skal vise et av kraterne etter amerikanske angrep 2. september. Foto: Morteza Akhoondi \/ AP \/ NTB<\/p>\n<ul aria-hidden=\"true\" class=\"_images_ntbth_112\">\n<li><a class=\"_link_ntbth_117\" href=\"https:\/\/www.vg.no\/forfatter\/ntb\" style=\"z-index:1\" title=\"NTB\" rel=\"nofollow noopener\" target=\"_blank\"><img alt=\"Bilde av NTB\" class=\"_image_ntbth_93\" fetchpriority=\"low\" loading=\"lazy\" decoding=\"async\" itemprop=\"image\"  src=\"https:\/\/www.europesays.com\/no\/wp-content\/uploads\/2026\/09\/1788370459_372_c33980b0-5d07-4027-84a1-813f90a7c8d6.jpeg\"  width=\"480\"\/><\/a><\/li>\n<\/ul>\n<p> Oppdatert onsdag 2. september kl. 18:48     <\/p>\n<p class=\"_paragraph_145nj_4 _paragraph_6fko5_10 layout-component text-serif-m layout-normal text-serif-m layout-padded\">Landet anklager USA for krigsforbrytelser etter at en bryllupsseremoni i byen Kuhestak i fylket Sirik ble truffet av luftangrep tirsdag.<\/p>\n<p class=\"_paragraph_145nj_4 _paragraph_6fko5_10 layout-component text-serif-m layout-normal text-serif-m layout-padded\">Det opplyser Irans helseminister til iransk statlig TV onsdag. <\/p>\n<p class=\"_paragraph_145nj_4 _paragraph_6fko5_10 layout-component text-serif-m layout-normal text-serif-m layout-padded\">Denne uken ble angrepene i Midt\u00f8sten <a href=\"https:\/\/www.vg.no\/nyheter\/i\/QJOoLW\/usa-med-nye-angrep-mot-iran\" data-track-element-type=\"Link\" data-track-id=\"link:QJOoLW\" class=\"_link_145nj_39\" rel=\"nofollow noopener\" target=\"_blank\">trappet opp igjen.<\/a> <\/p>\n<p class=\"_paragraph_145nj_4 _paragraph_6fko5_10 layout-component text-serif-m layout-normal text-serif-m layout-padded\">Donald Trump kom med kraftige uttalelser mot Iran etter at USA hadde angrepet landet. <\/p>\n<p class=\"_paragraph_145nj_4 _paragraph_6fko5_10 layout-component text-serif-m layout-normal text-serif-m layout-padded\">\u2013 Hvis den mislykkede nasjonen Iran gjengjelder dette sv\u00e6rt berettigede angrepet, vil de bli rammet igjen p\u00e5 et mye hardere og h\u00f8yere niv\u00e5, skrev Trump p\u00e5 Truth Social.<\/p>\n<p class=\"_paragraph_145nj_4 _paragraph_6fko5_10 layout-component text-serif-m layout-normal text-serif-m layout-padded\"><strong class=\"_strong_145nj_25\">Han la til at det vil v\u00e6re \u00absv\u00e6rt lite igjen av Den islamske republikken Iran\u00bb etter neste angrep.<\/strong><\/p>\n<p>Oppblussing<\/p>\n<p class=\"_paragraph_145nj_4 _paragraph_6fko5_10 layout-component text-serif-m layout-normal text-serif-m layout-padded\">If\u00f8lge Centcom innledet USA angrepene tirsdag mot m\u00e5l i Iran som f\u00f8lge av oppblussing av iranske angrep p\u00e5 lasteskip.<\/p>\n<p class=\"_paragraph_145nj_4 _paragraph_6fko5_10 layout-component text-serif-m layout-normal text-serif-m layout-padded\">\u2013 I dag klokken 12.00 ET (klokken 18 norsk tid) begynte amerikanske styrker \u00e5 angripe m\u00e5l tilh\u00f8rende Irans revolusjonsgarde (IRGC) i Iran, heter det i en melding fra Centcom p\u00e5 X.<\/p>\n<p><img alt=\"Dronebilder viser skip liggende i Hormuzstredet 28. august 2026.  Foto: Stringer \/ Reuters \/ NTB\" class=\"_image_jw3bv_65 layout-component layout-normal\" data-fullscreen- data-track-element-type=\"Article image fullscreen\" data-track-name=\"ImageFullscreen\" decoding=\"async\" loading=\"lazy\" height=\"2268\" itemprop=\"image\"  src=\"https:\/\/www.europesays.com\/no\/wp-content\/uploads\/2026\/09\/f808692c-2fc3-3e62-83ee-37007fb02978.jpeg\"  style=\"object-position:0% 0%\" width=\"4032\"\/>Dronebilder viser skip liggende i Hormuzstredet 28. august 2026.  Foto: Stringer \/ Reuters \/ NTB<\/p>\n<p class=\"_paragraph_145nj_4 _paragraph_6fko5_10 layout-component text-serif-m layout-normal text-serif-m layout-padded\">\u2013 Angrepene kommer som svar p\u00e5 IRGCs nylige fors\u00f8k p\u00e5 \u00e5 angripe kommersiell skipsfart i Hormuzstredet og amerikanske soldater utplassert i regionen, st\u00e5r det videre.<\/p>\n<p class=\"_paragraph_145nj_4 _paragraph_6fko5_10 layout-component text-serif-m layout-normal text-serif-m layout-padded\">S\u00f8ndag kveld angrep USA iranske rakettutskytningsramper p\u00e5 \u00f8ya Larak i Hormuzstredet. Fra iransk side ble det meldt om to drepte og flere s\u00e5rede.<\/p>\n<p>F\u00f8rste angrep p\u00e5 en m\u00e5ned<\/p>\n<p class=\"_paragraph_145nj_4 _paragraph_6fko5_10 layout-component text-serif-m layout-normal text-serif-m layout-padded\">Angrepet mot Larak var USAs f\u00f8rste milit\u00e6re angrep mot Iran siden 29. juli. <\/p>\n<p class=\"_paragraph_145nj_4 _paragraph_6fko5_10 layout-component text-serif-m layout-normal text-serif-m layout-padded\">Det ble begrunnet med at soldater fra Revolusjonsgarden var blitt observert mens de forberedte seg p\u00e5 \u00e5 skyte raketter med sj\u00f8miner ut i Hormuzstredet.<\/p>\n<p><img alt=\"Den amerikanske presidenten g\u00e5r hardt ut mot Iran.  Foto: Evelyn Hockstein \/ Reuters \/ NTB\" class=\"_image_jw3bv_65 layout-component layout-normal\" data-fullscreen- data-track-element-type=\"Article image fullscreen\" data-track-name=\"ImageFullscreen\" decoding=\"async\" loading=\"lazy\" height=\"2829\" itemprop=\"image\"  src=\"https:\/\/www.europesays.com\/no\/wp-content\/uploads\/2026\/09\/546de66c-6ec9-3482-8879-d821df923593.jpeg\"  style=\"object-position:0% 0%\" width=\"4244\"\/>Den amerikanske presidenten g\u00e5r hardt ut mot Iran.  Foto: Evelyn Hockstein \/ Reuters \/ NTB<\/p>\n<p class=\"_paragraph_145nj_4 _paragraph_6fko5_10 layout-component text-serif-m layout-normal text-serif-m layout-padded\">President Donald Trump erkjente mandag at det kunne bli n\u00f8dvendig \u00e5 angripe Iran igjen. <\/p>\n<p class=\"_paragraph_145nj_4 _paragraph_6fko5_10 layout-component text-serif-m layout-normal text-serif-m layout-padded\">Han gjentok da at det USA og Israels bombardement har etterlatt Iran som en mislykket nasjon, at det politiske lederskapet er drept, at landets \u00f8konomi lider under \u00f8kende inflasjon, og at milit\u00e6ret er \u00f8delagt.<\/p>\n<p class=\"_paragraph_145nj_4 _paragraph_6fko5_10 layout-component text-serif-m layout-normal text-serif-m layout-padded\">\u2013 Det betyr ikke at vi ikke skal sl\u00e5 dem, vi f\u00e5r se hva som skjer, sa Trump til journalister.<\/p>\n<p>Status quo<\/p>\n<p class=\"_paragraph_145nj_4 _paragraph_6fko5_10 layout-component text-serif-m layout-normal text-serif-m layout-padded\">Etter seks m\u00e5neder med krig er det lite som tyder p\u00e5 at det kan bli en snarlig avslutning p\u00e5 konflikten. <\/p>\n<p class=\"_paragraph_145nj_4 _paragraph_6fko5_10 layout-component text-serif-m layout-normal text-serif-m layout-padded\">Hormuzstredet, der en femdel av verdens olje ble fraktet med skip f\u00f8r krigen, holdes stadig stengt av Iran. <\/p>\n<p class=\"_paragraph_145nj_4 _paragraph_6fko5_10 layout-component text-serif-m layout-normal text-serif-m layout-padded\">USA p\u00e5 sin side fortsetter blokaden av iranske havner.<\/p>\n<p class=\"_paragraph_145nj_4 _paragraph_6fko5_10 layout-component text-serif-m layout-normal text-serif-m layout-padded\">Etter s\u00f8ndagens angrep svarte Teheran med \u00e5 angripe amerikanske m\u00e5l i Jordan og De forente arabiske emirater.<\/p>\n","protected":false},"excerpt":{"rendered":"Flere av dem skal v\u00e6re barn, if\u00f8lge iransk statlig TV. Dette bildet skal vise et av kraterne etter&hellip;\n","protected":false},"author":2,"featured_media":341694,"comment_status":"","ping_status":"","sticky":false,"template":"","format":"standard","meta":{"footnotes":"","_share_on_mastodon":"0"},"categories":[12],"tags":[20,21,24,25,15,3228,18228,22,23,13,30,28,29,14,16,26,27,42,43,44,45],"class_list":["post-341693","post","type-post","status-publish","format-standard","has-post-thumbnail","category-verden","tag-breaking-news","tag-breakingnews","tag-featured-news","tag-featurednews","tag-headlines","tag-iran","tag-krigen-i-midtosten","tag-latest-news","tag-latestnews","tag-news","tag-no","tag-norge","tag-norway","tag-nyheter","tag-overskrifter","tag-top-stories","tag-topstories","tag-verden","tag-world","tag-world-news","tag-worldnews"],"share_on_mastodon":{"url":"https:\/\/pubeurope.com\/@no\/117202653896269727","error":""},"_links":{"self":[{"href":"https:\/\/www.europesays.com\/no\/wp-json\/wp\/v2\/posts\/341693","targetHints":{"allow":["GET"]}}],"collection":[{"href":"https:\/\/www.europesays.com\/no\/wp-json\/wp\/v2\/posts"}],"about":[{"href":"https:\/\/www.europesays.com\/no\/wp-json\/wp\/v2\/types\/post"}],"author":[{"embeddable":true,"href":"https:\/\/www.europesays.com\/no\/wp-json\/wp\/v2\/users\/2"}],"replies":[{"embeddable":true,"href":"https:\/\/www.europesays.com\/no\/wp-json\/wp\/v2\/comments?post=341693"}],"version-history":[{"count":0,"href":"https:\/\/www.europesays.com\/no\/wp-json\/wp\/v2\/posts\/341693\/revisions"}],"wp:featuredmedia":[{"embeddable":true,"href":"https:\/\/www.europesays.com\/no\/wp-json\/wp\/v2\/media\/341694"}],"wp:attachment":[{"href":"https:\/\/www.europesays.com\/no\/wp-json\/wp\/v2\/media?parent=341693"}],"wp:term":[{"taxonomy":"category","embeddable":true,"href":"https:\/\/www.europesays.com\/no\/wp-json\/wp\/v2\/categories?post=341693"},{"taxonomy":"post_tag","embeddable":true,"href":"https:\/\/www.europesays.com\/no\/wp-json\/wp\/v2\/tags?post=341693"}],"curies":[{"name":"wp","href":"https:\/\/api.w.org\/{rel}","templated":true}]}}