{"id":341703,"date":"2026-09-02T17:41:14","date_gmt":"2026-09-02T17:41:14","guid":{"rendered":"https:\/\/www.europesays.com\/no\/341703\/"},"modified":"2026-09-02T17:41:14","modified_gmt":"2026-09-02T17:41:14","slug":"trump-foreslar-a-endre-til-trumpstredet","status":"publish","type":"post","link":"https:\/\/www.europesays.com\/no\/341703\/","title":{"rendered":"Trump foresl\u00e5r \u00e5 endre til Trumpstredet"},"content":{"rendered":"<p class=\"kicker \" style=\"\">Hormuzstredet:<\/p>\n<p class=\"subtitle \" style=\"\">President Donald Trump gjentar at USA har full kontroll over Hormuzstredet og sp\u00f8r p\u00e5 Truth Social om ikke \u00abTrumpstredet\u00bb er et bedre navn.<\/p>\n<p>\n    President Donald Trump snakket i Det ovale kontor i Det hvite hus mandag. N\u00e5 lufter han tanken om \u00e5 endre navn p\u00e5 Hormuzstredet og kalle det opp etter ham selv. Foto: Jacquelyn Martin\/ AP \/ NTB\n  <\/p>\n<p>\u2013 N\u00e5 som vi har det under amerikansk kontroll, burde vi ikke endre navnet Hormuzstredet til TRUMPSTREDET? skriver Trump p\u00e5 sin egen <a href=\"https:\/\/truthsocial.com\/@realDonaldTrump\/posts\/117202132375758936\" rel=\"nofollow noopener\" target=\"_blank\">sosiale plattform<\/a>.<\/p>\n<p>Det er i realiteten Iran som har hatt streng kontroll over Hormuzstredet &#8211; en av verdens viktigste energikorridorer &#8211; siden USA og Israel gikk til angrep p\u00e5 landet 28. februar. Washington har siden innf\u00f8rt en marineblokade mot iranske havner.<\/p>\n<p>\u2013 Akkurat som Amerika selv, vil det v\u00e6re \u00abhetere\u00bb enn noen gang f\u00f8r, fortsetter Trump og avslutter som vanlig med \u00e5 takke for oppmerksomheten om denne saken.<\/p>\n<p>Rundt 20 prosent av verdens olje passerte gjennom stredet f\u00f8r krigen. Det er en helt annen situasjon i dag: Kun fire tank- og bulkskip passerte Hormuzstredet tirsdag, ned fra ti dagen f\u00f8r. Gjennomsnittet har v\u00e6rt rundt 13 fart\u00f8y daglig, viste forel\u00f8pige data fra skipssporingstjenesten Kpler tidligere onsdag.<\/p>\n","protected":false},"excerpt":{"rendered":"Hormuzstredet: President Donald Trump gjentar at USA har full kontroll over Hormuzstredet og sp\u00f8r p\u00e5 Truth Social om&hellip;\n","protected":false},"author":2,"featured_media":341704,"comment_status":"","ping_status":"","sticky":false,"template":"","format":"standard","meta":{"footnotes":"","_share_on_mastodon":"0"},"categories":[12],"tags":[20,21,24,25,15,22,23,13,30,28,29,14,16,26,27,766,50,412,42,43,44,45],"class_list":["post-341703","post","type-post","status-publish","format-standard","has-post-thumbnail","category-verden","tag-breaking-news","tag-breakingnews","tag-featured-news","tag-featurednews","tag-headlines","tag-latest-news","tag-latestnews","tag-news","tag-no","tag-norge","tag-norway","tag-nyheter","tag-overskrifter","tag-top-stories","tag-topstories","tag-trump","tag-usa","tag-utenriks","tag-verden","tag-world","tag-world-news","tag-worldnews"],"share_on_mastodon":{"url":"https:\/\/pubeurope.com\/@no\/117202681063746454","error":""},"_links":{"self":[{"href":"https:\/\/www.europesays.com\/no\/wp-json\/wp\/v2\/posts\/341703","targetHints":{"allow":["GET"]}}],"collection":[{"href":"https:\/\/www.europesays.com\/no\/wp-json\/wp\/v2\/posts"}],"about":[{"href":"https:\/\/www.europesays.com\/no\/wp-json\/wp\/v2\/types\/post"}],"author":[{"embeddable":true,"href":"https:\/\/www.europesays.com\/no\/wp-json\/wp\/v2\/users\/2"}],"replies":[{"embeddable":true,"href":"https:\/\/www.europesays.com\/no\/wp-json\/wp\/v2\/comments?post=341703"}],"version-history":[{"count":0,"href":"https:\/\/www.europesays.com\/no\/wp-json\/wp\/v2\/posts\/341703\/revisions"}],"wp:featuredmedia":[{"embeddable":true,"href":"https:\/\/www.europesays.com\/no\/wp-json\/wp\/v2\/media\/341704"}],"wp:attachment":[{"href":"https:\/\/www.europesays.com\/no\/wp-json\/wp\/v2\/media?parent=341703"}],"wp:term":[{"taxonomy":"category","embeddable":true,"href":"https:\/\/www.europesays.com\/no\/wp-json\/wp\/v2\/categories?post=341703"},{"taxonomy":"post_tag","embeddable":true,"href":"https:\/\/www.europesays.com\/no\/wp-json\/wp\/v2\/tags?post=341703"}],"curies":[{"name":"wp","href":"https:\/\/api.w.org\/{rel}","templated":true}]}}