{"id":341713,"date":"2026-09-02T17:52:10","date_gmt":"2026-09-02T17:52:10","guid":{"rendered":"https:\/\/www.europesays.com\/no\/341713\/"},"modified":"2026-09-02T17:52:10","modified_gmt":"2026-09-02T17:52:10","slug":"kan-vestlandet-samle-seg-mot-oslo","status":"publish","type":"post","link":"https:\/\/www.europesays.com\/no\/341713\/","title":{"rendered":"Kan Vestlandet samle seg mot Oslo?"},"content":{"rendered":"<p><img decoding=\"async\" class=\"image-asset hyperion-css-u06ts1\" data-test-tag=\"image-asset\" src=\"https:\/\/www.europesays.com\/no\/wp-content\/uploads\/2026\/09\/eb60e3e9-fef3-3b2a-86d5-bfbec67cc053.jpeg\"  alt=\"Overskriften p\u00e5 overheaden virker harml\u00f8s, men her sa Victor Norman at 800 statlige arbeidsplasser skulle ut av Oslo.  Det ble mye br\u00e5k i 2003. Ingen har senere pr\u00f8vd noe lignende.\"  loading=\"eager\" fetchpriority=\"high\" style=\"aspect-ratio:1712 \/ 1294\"\/>Overskriften p\u00e5 overheaden virker harml\u00f8s, men her sa Victor Norman at 800 statlige arbeidsplasser skulle ut av Oslo.  Det ble mye br\u00e5k i 2003. Ingen har senere pr\u00f8vd noe lignende. Foto: Tor G. Stenersen<\/p>\n<p class=\"contentWidth hyperion-css-1mepuqa\" data-test-tag=\"lead-text\">BERGEN: Kanskje f\u00e5r Bergen en dag et regjeringskvartal i miniatyr.<\/p>\n<p>Publisert: 02.09.2026 19:02<\/p>\n<p class=\"paywall hyperion-css-1j42uic\">Kan Vestlandet bli Norges Stor-Manchester?<\/p>\n<p class=\"paywall hyperion-css-1j42uic\">Storbritannias nye statsminister, Andy Burnham, har opprettet et statsministerkontor i Manchester. Her skal han v\u00e6re deler av tiden, n\u00e5r han ikke er i Downing Street 10 i London. Kontoret skal v\u00e6re p\u00e5driver for Labours nye politikk om \u00e5 flytte makt og ressurser ut til resten av Storbritannia, s\u00e6rlig nordover. M\u00e5let er \u00e5 st\u00e5 for den st\u00f8rste rebalanseringen av makt i britisk historie.<\/p>\n<p class=\"hyperion-css-1qm9e9t\">Les hele saken med abonnement<\/p>\n<p>Allerede abonnent? Logg inn<\/p>\n","protected":false},"excerpt":{"rendered":"Overskriften p\u00e5 overheaden virker harml\u00f8s, men her sa Victor Norman at 800 statlige arbeidsplasser skulle ut av Oslo.&hellip;\n","protected":false},"author":2,"featured_media":341714,"comment_status":"","ping_status":"","sticky":false,"template":"","format":"standard","meta":{"footnotes":"","_share_on_mastodon":"0"},"categories":[5],"tags":[20,21,24,25,15,19,22,23,17,18,13,30,28,29,14,16,26,27],"class_list":["post-341713","post","type-post","status-publish","format-standard","has-post-thumbnail","category-overskrifter","tag-breaking-news","tag-breakingnews","tag-featured-news","tag-featurednews","tag-headlines","tag-hovedoppslag","tag-latest-news","tag-latestnews","tag-main-news","tag-mainnews","tag-news","tag-no","tag-norge","tag-norway","tag-nyheter","tag-overskrifter","tag-top-stories","tag-topstories"],"share_on_mastodon":{"url":"","error":""},"_links":{"self":[{"href":"https:\/\/www.europesays.com\/no\/wp-json\/wp\/v2\/posts\/341713","targetHints":{"allow":["GET"]}}],"collection":[{"href":"https:\/\/www.europesays.com\/no\/wp-json\/wp\/v2\/posts"}],"about":[{"href":"https:\/\/www.europesays.com\/no\/wp-json\/wp\/v2\/types\/post"}],"author":[{"embeddable":true,"href":"https:\/\/www.europesays.com\/no\/wp-json\/wp\/v2\/users\/2"}],"replies":[{"embeddable":true,"href":"https:\/\/www.europesays.com\/no\/wp-json\/wp\/v2\/comments?post=341713"}],"version-history":[{"count":0,"href":"https:\/\/www.europesays.com\/no\/wp-json\/wp\/v2\/posts\/341713\/revisions"}],"wp:featuredmedia":[{"embeddable":true,"href":"https:\/\/www.europesays.com\/no\/wp-json\/wp\/v2\/media\/341714"}],"wp:attachment":[{"href":"https:\/\/www.europesays.com\/no\/wp-json\/wp\/v2\/media?parent=341713"}],"wp:term":[{"taxonomy":"category","embeddable":true,"href":"https:\/\/www.europesays.com\/no\/wp-json\/wp\/v2\/categories?post=341713"},{"taxonomy":"post_tag","embeddable":true,"href":"https:\/\/www.europesays.com\/no\/wp-json\/wp\/v2\/tags?post=341713"}],"curies":[{"name":"wp","href":"https:\/\/api.w.org\/{rel}","templated":true}]}}