{"id":341717,"date":"2026-09-02T17:57:25","date_gmt":"2026-09-02T17:57:25","guid":{"rendered":"https:\/\/www.europesays.com\/no\/341717\/"},"modified":"2026-09-02T17:57:25","modified_gmt":"2026-09-02T17:57:25","slug":"ikke-skjedd-pa-40-dager-spekulasjonene-hagler","status":"publish","type":"post","link":"https:\/\/www.europesays.com\/no\/341717\/","title":{"rendered":"Ikke skjedd p\u00e5 40 dager: Spekulasjonene hagler"},"content":{"rendered":"<p>    Kort fortalt<\/p>\n<p lang=\"nb-NO\">Det hvite hus manglet briefing i over 40 dager.<\/p>\n<p lang=\"nb-NO\">Trump fylte tomrommet selv med toll, Iran-trusler og Truth Social.<\/p>\n<p lang=\"nb-NO\">Canada-tollen skjerpet handelskonflikten og m\u00f8tte motstand hjemme.<\/p>\n<p lang=\"nb-NO\">En konservativ kommentator ba Trump tie mer f\u00f8r valget.<\/p>\n<p class=\"italic ai-disclaimer\" data-lab-italic=\"italic\">Sammendraget er laget av ChatGPT og godkjent av B\u00f8rsen.<\/p>\n<p>      Vis mer<br \/>\n      Vis mindre<\/p>\n<p>I over 40 dager har pressepodiet i Det hvite hus st\u00e5tt tomt.<\/p>\n<p>Donald Trump har ikke hatt noen problemer med \u00e5 fylle stillheten selv.<\/p>\n<p>Mens Karoline Leavitt har v\u00e6rt p\u00e5 vei ut d\u00f8ra, har Trump holdt koken slik bare han kan:<\/p>\n<p>Han har fyrt opp en ny tollkrig, sendt trusler mot Iran, p\u00f8st ut ville KI-videoer og hamret l\u00f8s p\u00e5 Truth Social tidlig og seint.<\/p>\n<p>N\u00e5 mener selv en konservativ kommentator at Trump b\u00f8r l\u00e6re seg \u00e9n ting:<\/p>\n<p class=\"font-weight-bold m-font-weight-bold\" data-lab-font_weight=\"font-weight-bold\">\u00c5 holde kjeft.<\/p>\n<p>        <img loading=\"lazy\" decoding=\"async\" src=\"https:\/\/www.europesays.com\/no\/wp-content\/uploads\/2026\/09\/1788371838_801_85097361.webp\" width=\"688\" height=\"393\" alt=\"\" class=\"\" style=\"--aspect-ratio-image: 1.75; \"\/><\/p>\n<p>\n        SISTE BRIEFING: Dav\u00e6rende pressesjef Karoline Leavitt m\u00f8ter journalistene i Det hvite hus 16. juli 2026. Foto: Julia Demaree Nikhinson \/ AP\n    <\/p>\n<p>Uten sikkerhetsventil\t<\/p>\n<p>Torsdag skal Det hvite hus igjen holde en ordin\u00e6r pressebriefing \u2013 for f\u00f8rste gang siden 23. juli.<\/p>\n<p>En pressesjef skal ikke bare st\u00e5 bak et podium og svare p\u00e5 sp\u00f8rsm\u00e5l. Jobben er ogs\u00e5 \u00e5 holde presidenten litt i \u00f8rene, s\u00f8rge for at budskapet sitter og, p\u00e5 godt norsk: Redde r\u00e6va hans n\u00e5r det r\u00f8yner p\u00e5.<\/p>\n<p>Den sikkerhetsventilen har Trump i stor grad v\u00e6rt uten.<\/p>\n<p>I stedet har presidenten f\u00e5tt boltre seg, uten at pressesjefen jevnlig har m\u00e5ttet m\u00f8te journalistene og rydde opp i, forklare eller forsvare utspillene hans.<\/p>\n<p>        <img loading=\"lazy\" decoding=\"async\" src=\"https:\/\/www.europesays.com\/no\/wp-content\/uploads\/2026\/09\/85050970.webp\" width=\"686\" height=\"460\" alt=\"\" class=\"\" style=\"--aspect-ratio-image: 1.49; \"\/><\/p>\n<p>\n        TETT P\u00c5 TRUMP: Dav\u00e6rende pressesjef Karoline Leavitt snakker med president Donald Trump under korrespondentmiddagen i Washington 24. juli 2026. Foto: Jonathan Ernst \/ Reuters\n    <\/p>\n<p>Forsvinner ikke helt\t<\/p>\n<p>Leavitt varslet i august at hun gir seg som pressesjef for \u00e5 f\u00e5 mer tid med familien,\u00a0bare kort tid etter at hun kom tilbake fra foreldrepermisjon. <\/p>\n<p>Hun hadde sin siste arbeidsdag 27. august, men forsvinner ikke helt fra Trump-verdenen. Hun fortsetter som ekstern r\u00e5dgiver for presidenten.<\/p>\n<p>    <a itemprop=\"url\" href=\"https:\/\/www.dagbladet.no\/nyheter\/trump-leavitt-slutter\/85008875\" rel=\"nofollow noopener\" target=\"_blank\"><\/p>\n<p>        <img loading=\"lazy\" decoding=\"async\" src=\"https:\/\/www.europesays.com\/no\/wp-content\/uploads\/2026\/09\/85008895.webp\" width=\"147\" height=\"98\" alt=\"\" class=\"lazyload\" style=\"--aspect-ratio-image: 1.50; \"\/><\/p>\n<p>        Trump: Leavitt slutter<\/p>\n<p>    <\/a><\/p>\n<p>Trump tok selv farvel med henne p\u00e5 Trump-vis.<\/p>\n<p class=\"font-weight-bold m-font-weight-bold\" data-lab-font_weight=\"font-weight-bold\">&#8211; Jeg har nettopp f\u00e5tt vite at hun elsker babyen mer enn hun elsker Donald Trump, og jeg er veldig sint p\u00e5 henne, sp\u00f8kte han under et folkem\u00f8te 21. august.<\/p>\n<p>Trump har ogs\u00e5 kalt Leavitt en av sine mest betrodde medarbeidere og en av de beste pressesjefene i Det hvite hus&#8217; historie.<\/p>\n<p>Men med \u00e5 finne arvtakeren har presidenten hatt mindre hastverk.<\/p>\n<p>        BARKER SAMMEN: Det ble full krangel mellom Det hvite hus&#8217; pressesekret\u00e6r Karoline Leavitt og en reporter under en pressekonferanse om situasjonen i Iran onsdag kveld norsk tid. Reporter: Edward Stenlund. Video: Reuters<\/p>\n<p>&#8211; Kan g\u00e5 uker\t<\/p>\n<p>Som Dagbladet skrev tidligere onsdag, mener USA-ekspert og Civita-r\u00e5dgiver Eirik L\u00f8kke at <a href=\"https:\/\/www.dagbladet.no\/nyheter\/kan-avslores-snart-et-absolutt-krav\/85097255\" rel=\"nofollow noopener\" target=\"_blank\">Trump godt kan la stolen st\u00e5 tom en stund til<\/a>.<\/p>\n<p>&#8211; Mitt inntrykk er at Trump ikke har det travelt, og det kan g\u00e5 dager, s\u00e5gar uker f\u00f8r en erstatter blir offentliggjort, sier L\u00f8kke til Dagbladet.<\/p>\n<p>    <a itemprop=\"url\" href=\"https:\/\/www.dagbladet.no\/nyheter\/kan-avslores-snart-et-absolutt-krav\/85097255\" rel=\"nofollow noopener\" target=\"_blank\"><\/p>\n<p>        <img loading=\"lazy\" decoding=\"async\" src=\"https:\/\/www.europesays.com\/no\/wp-content\/uploads\/2026\/09\/85097278.webp\" width=\"180\" height=\"81\" alt=\"\" class=\"lazyload\" style=\"--aspect-ratio-image: 2.22; \"\/><\/p>\n<p>        Kan avsl\u00f8res snart: &#8211; Et absolutt krav<\/p>\n<p>    <\/a><\/p>\n<p>Det passer kanskje Trump ganske godt.<\/p>\n<p>P\u00e5 sin siste arbeidsdag kom Leavitt selv med forklaringen:<\/p>\n<p>&#8211; President Trump er sin egen beste talsperson.<\/p>\n<p>Hun fortalte at hun og kommunikasjonsdirekt\u00f8r Steven Cheung sp\u00f8ker med at Trump egentlig er b\u00e5de kommunikasjonsdirekt\u00f8r og pressesjef i Det hvite hus.<\/p>\n<p>    <a itemprop=\"url\" href=\"https:\/\/borsen.dagbladet.no\/nyheter\/fa-dager-igjen-ingen-vet\/85087255\" rel=\"nofollow noopener\" target=\"_blank\"><\/p>\n<p>        <img loading=\"lazy\" decoding=\"async\" src=\"https:\/\/www.europesays.com\/no\/wp-content\/uploads\/2026\/09\/85087311.webp\" width=\"180\" height=\"81\" alt=\"\" class=\"lazyload\" style=\"--aspect-ratio-image: 2.22; \"\/><\/p>\n<p>        F\u00e5 dager igjen: \u00abIngen\u00bb vet<\/p>\n<p>    <\/a><\/p>\n<p>Full fyr p\u00e5 Truth Social\t<\/p>\n<p>Trump trenger ikke et pressepodium for \u00e5 f\u00e5 ut budskapet sitt. Han har Truth Social.<\/p>\n<p>Mens podiet i Det hvite hus har st\u00e5tt tomt, har det v\u00e6rt full fyr p\u00e5 presidentens egen konto.<\/p>\n<p>18. august kom gladmeldingen:<\/p>\n<p>Trump skrev at han hadde satt den varslede 50-prosenttollen mot Canada p\u00e5 pause fordi USA og Canada hadde en \u00abAVTALE!\u00bb.<\/p>\n<p>    <a itemprop=\"url\" href=\"https:\/\/borsen.dagbladet.no\/nyheter\/snur-etter-18-ar\/85092175\" rel=\"nofollow noopener\" target=\"_blank\"><\/p>\n<p>        <img loading=\"lazy\" decoding=\"async\" src=\"https:\/\/www.europesays.com\/no\/wp-content\/uploads\/2026\/09\/1788371841_421_85092193.webp\" width=\"180\" height=\"81\" alt=\"\" class=\"lazyload\" style=\"--aspect-ratio-image: 2.22; \"\/><\/p>\n<p>        Snur etter 18 \u00e5r<\/p>\n<p>    <\/a><\/p>\n<p>Tre dager seinere var jubelen borte.<\/p>\n<p>Forhandlingene kollapset, og Trump innf\u00f8rte 50 prosent toll p\u00e5 canadiske varer med en \u00e5rlig importverdi p\u00e5 20 milliarder dollar \u2013 rundt 200 milliarder kroner.<\/p>\n<p>        <img loading=\"lazy\" decoding=\"async\" src=\"https:\/\/www.europesays.com\/no\/wp-content\/uploads\/2026\/09\/85060113.webp\" width=\"688\" height=\"393\" alt=\"\" class=\"\" style=\"--aspect-ratio-image: 1.75; \"\/><\/p>\n<p>\n        TOLLKRANGEL: USAs president Donald Trump og Canadas statsminister Mark Carney snakker sammen under G7-toppm\u00f8tet i \u00c9vian-les-Bains i Frankrike 16. juni 2026. Foto: Christopher Katsarov \/ The Canadian Press\n    <\/p>\n<p>\u00abDet vanskeligste og mest urimelige\u00bb\t<\/p>\n<p>Canada svarte med toll p\u00e5 amerikanske varer for omtrent samme bel\u00f8p.<\/p>\n<p>Trump svarte p\u00e5 Truth Social:\u00a0<\/p>\n<p>&#8211; Canada har \u00abrundlurt\u00bb USA i flere ti\u00e5r.<\/p>\n<p>Han kalte Canada \u00abdet klart vanskeligste og mest urimelige\u00bb landet \u00e5 forholde seg til og hevdet at USA i gjennomsnitt har tapt 60 milliarder dollar i \u00e5ret p\u00e5 Canada.<\/p>\n<p>Det stoppet ikke der.<\/p>\n<p>Trump har ogs\u00e5 foresl\u00e5tt \u00e5 d\u00f8pe om Lake Ontario til \u00abLake America\u00bb og lagt ut et KI-generert bilde av canadagjess med Trump-sveis marsjerende under amerikanske flagg.<\/p>\n<p>        <img loading=\"lazy\" decoding=\"async\" src=\"https:\/\/www.europesays.com\/no\/wp-content\/uploads\/2026\/09\/85098502.webp\" width=\"686\" height=\"515\" alt=\"\" class=\"\" style=\"--aspect-ratio-image: 1.33; \"\/><\/p>\n<p>\n        KI-KAOS: Trump publiserte en KI-generert video med canadagjess med hans karakteristiske sveis. Foto: Truth Social \/ Donald Trump\n    <\/p>\n<p>Til slutt fikk Canadas statsminister Mark Carney nok.<\/p>\n<p>Tirsdag sa han at USA m\u00e5 begynne \u00e5 opptre seri\u00f8st og slutte \u00e5 pr\u00f8ve \u00e5 v\u00e6re t\u00f8ffe dersom handelsforhandlingene skal komme i gang igjen.<\/p>\n<p>    <a itemprop=\"url\" href=\"https:\/\/borsen.dagbladet.no\/nyheter\/toppsjef-gar-pa-dagen\/85092997\" rel=\"nofollow noopener\" target=\"_blank\"><\/p>\n<p>        <img loading=\"lazy\" decoding=\"async\" src=\"https:\/\/www.europesays.com\/no\/wp-content\/uploads\/2026\/09\/1788371843_744_85093027.webp\" width=\"180\" height=\"81\" alt=\"\" class=\"lazyload\" style=\"--aspect-ratio-image: 2.22; \"\/><\/p>\n<p>        Toppsjef g\u00e5r p\u00e5 dagen<\/p>\n<p>    <\/a><\/p>\n<p>&#8211; Jeg elsker toll\t<\/p>\n<p>Midt i tollkrangelen har Trump fortsatt \u00e5 dyrke et av favorittordene sine:<\/p>\n<p>Toll.<\/p>\n<p>&#8211; Jeg elsker toll. Jeg elsker ordet. Det har gjort oss s\u00f8kkrike, sa Trump under et folkem\u00f8te 21. august.<\/p>\n<p class=\"font-weight-bold m-font-weight-bold\" data-lab-font_weight=\"font-weight-bold\">Ute i den amerikanske \u00f8konomien er bildet mindre festlig.<\/p>\n<p>Veksten i amerikansk industri bremset i august, if\u00f8lge ferske tall fra den amerikanske bransjeorganisasjonen <a href=\"https:\/\/ecommerce.ismworld.org\/SSO\/Login.aspx?DPLF=Y&amp;vi=10&amp;vt=40b49f0cb252341193d8cbd1e02b0738d6656e6d268e5b3a66a6cb7a83882b9a07ca488f21195a1b2215db02073f59e9557e90a119d6e293bf26dd54fe7c1338a401a9cd64f62d07acadf62d1e85c5f129bef7258efe9e650775998057cbe12e0f38cb6c6a7e593942cf4b8bdbf3f6263d48c739e1ec6df688057801e7735dee322057ed7a3a1ae68a14fc6357e69595\" rel=\"nofollow noopener\" target=\"_blank\">Institute for Supply Management<\/a>.<\/p>\n<p>Bedriftene melder om h\u00f8ye priser p\u00e5 blant annet st\u00e5l, aluminium, kobber og halvledere.<\/p>\n<p>        FERDIG: Karoline Leavitt gir seg som pressesekret\u00e6r i Det hvite hus. Her er noen av hennes mest kjente \u00f8yeblikk foran pressen. Video: X \/ AP. Reporter: Christian T. Castberg.<\/p>\n<p>Prispresset er ogs\u00e5 d\u00e5rlig nytt for amerikanere som h\u00e5per p\u00e5 lavere rente.<\/p>\n<p>Markedet priser n\u00e5 inn rundt 66 prosent sannsynlighet for at den amerikanske sentralbanken hever renta med 0,25 prosentpoeng i september.<\/p>\n<p>Velgerne er heller ikke overbevist. En <a href=\"https:\/\/www.reuters.com\/world\/us\/majority-americans-oppose-trumps-new-canada-tariffs-renaming-lake-ontario-2026-09-01\/?\" rel=\"nofollow noopener\" target=\"_blank\">fersk Reuters\/Ipsos-m\u00e5ling<\/a> viser at bare 20 prosent st\u00f8tter Trumps nye Canada-toll.<\/p>\n<p>57 prosent er imot.<\/p>\n<p>        <img loading=\"lazy\" decoding=\"async\" src=\"https:\/\/www.europesays.com\/no\/wp-content\/uploads\/2026\/09\/85097599.webp\" width=\"688\" height=\"393\" alt=\"\" class=\"\" style=\"--aspect-ratio-image: 1.75; \"\/><\/p>\n<p>\n        SAMLET TROPPENE: Donald Trump med utenriksminister Marco Rubio og forsvarsminister Pete Hegseth under et regjeringsm\u00f8te p\u00e5 Camp David i Maryland 31. juli. Foto: Daniel Heuer \/ Reuters\n    <\/p>\n<p>&#8211; Hold kjeft\t<\/p>\n<p>Det er ikke bare politiske motstandere som mener Trumps ordflom kan bli et problem.<\/p>\n<p>I en kommentar publisert hos\u00a0det amerikanske politikknettstedet\u00a0<a href=\"https:\/\/www.realclearpolitics.com\/articles\/2026\/08\/24\/mr_president_sometimes_silence_is_golden_154438.html?\" rel=\"nofollow noopener\" target=\"_blank\">RealClearPolitics<\/a> 24. august g\u00e5r den profilerte konservative kommentatoren Frank Miele l\u00f8s p\u00e5 presidentens mange utspill.<\/p>\n<p class=\"font-weight-bold m-font-weight-bold\" data-lab-font_weight=\"font-weight-bold\">Budskapet ligger allerede i tittelen: \u00abHerr president, noen ganger er taushet gull.\u00bb<\/p>\n<p>Miele mener Trumps stadige forn\u00e6rmelser, overdrivelser og provokasjoner kan skade Republikanerne foran mellomvalget.<\/p>\n<p>\u00abHerr president, du har brukt ti \u00e5r p\u00e5 \u00e5 bevise at ingen kan f\u00e5 deg til \u00e5 holde kjeft. Bevis n\u00e5 at du av og til kan f\u00e5 deg selv til \u00e5 holde kjeft,\u00bb skriver han.<\/p>\n<p>    <a itemprop=\"url\" href=\"https:\/\/www.dagbladet.no\/nyheter\/nokkelpersoner-forlater-trump-ikke-et-godt-tegn\/85050908\" rel=\"nofollow noopener\" target=\"_blank\"><\/p>\n<p>        <img loading=\"lazy\" decoding=\"async\" src=\"https:\/\/www.europesays.com\/no\/wp-content\/uploads\/2026\/09\/1788371844_911_85050970.webp\" width=\"147\" height=\"98\" alt=\"\" class=\"lazyload\" style=\"--aspect-ratio-image: 1.50; \"\/><\/p>\n<p>        N\u00f8kkelpersoner forlater Trump: &#8211; Ikke et godt tegn<\/p>\n<p>    <\/a><\/p>\n<p>&#8211; Snakker for mye\t<\/p>\n<p>Miele er langt fra den eneste som synes presidenten kunne hatt godt av \u00e5 skru ned volumet.<\/p>\n<p>23. august kom den kontante beskjeden fra Irans fungerende forsvarsminister Majid Ebnolreza.<\/p>\n<p>&#8211; Trump snakker for mye.<\/p>\n<p>        STERKE REAKSJONER: Under et interju med Fox News ville ikke pressetalskvinne Karoline Leavitt avvise at Trump kan gjeninnf\u00f8re verneplikt i krigen mot Iran. Video: X. Reporter: Christian T. Castberg<\/p>\n<p>Irans viseutenriksminister Saeed Khatibzadeh hadde allerede kommet til samme konklusjon:<\/p>\n<p>&#8211; Det er typisk Trump-snakk. Han snakker for mye.<\/p>\n<p>Da Trump selv sa \u00abvi snakker for mye\u00bb om Iran i juni, grep den amerikanske spaltisten Ruben Navarrette Jr. muligheten:<\/p>\n<p>&#8211; Det kan v\u00e6re det f\u00f8rste sanne Trump har sagt om denne krigen. Trump snakker veldig mye.<\/p>\n<p>Han avsluttet enda tydeligere:<\/p>\n<p>&#8211; For guds skyld, slutt \u00e5 snakke om denne krigen.<\/p>\n<p>        <img loading=\"lazy\" decoding=\"async\" src=\"https:\/\/www.europesays.com\/no\/wp-content\/uploads\/2026\/09\/85098651.webp\" width=\"667\" height=\"534\" alt=\"\" class=\"\" style=\"--aspect-ratio-image: 1.25; \"\/><\/p>\n<p>\n        RYKTENE SVIRRER: Anna Kelly er het kandidat til \u00e5 bli Donald Trumps nye pressetalsperson. Foto: Det hvite hus\n    <\/p>\n<p>\u00abAbsolutt krav\u00bb\t<\/p>\n<p>F\u00f8r eller seinere skal noen andre igjen f\u00e5 jobben med \u00e5 st\u00e5 bak podiet og forklare hva presidenten egentlig mener.<\/p>\n<p>Spekulasjonene om Leavitts etterf\u00f8lger har haglet i Washington i flere uker.<\/p>\n<p>CNN-kommentator Scott Jennings og assisterende pressesekret\u00e6r Anna Kelly er blant navnene som trekkes fram.<\/p>\n<p>Eirik L\u00f8kke holder en knapp p\u00e5 nettopp disse to.<\/p>\n<p>Men den som f\u00e5r jobben, trenger if\u00f8lge ham en helt spesiell egenskap.<\/p>\n<p>Om Kelly sier han:<\/p>\n<p>&#8211; Hun er Trump-lojal og er i likhet med Leavitt ung, pen og kvinne. Sp\u00f8rsm\u00e5let er om hun er en like effektiv l\u00f8gner som Leavitt. \u00c5 v\u00e6re god p\u00e5 \u00e5 lyve er et absolutt krav hvis man skal v\u00e6re pressetalskvinne for Trump.<\/p>\n","protected":false},"excerpt":{"rendered":"Kort fortalt Det hvite hus manglet briefing i over 40 dager. Trump fylte tomrommet selv med toll, Iran-trusler&hellip;\n","protected":false},"author":2,"featured_media":341718,"comment_status":"","ping_status":"","sticky":false,"template":"","format":"standard","meta":{"footnotes":"","_share_on_mastodon":"0"},"categories":[12],"tags":[20,21,1456,55,24,25,15,22,23,13,30,28,29,14,16,365,26,27,42,43,44,45],"class_list":["post-341717","post","type-post","status-publish","format-standard","has-post-thumbnail","category-verden","tag-breaking-news","tag-breakingnews","tag-canada","tag-donald-trump","tag-featured-news","tag-featurednews","tag-headlines","tag-latest-news","tag-latestnews","tag-news","tag-no","tag-norge","tag-norway","tag-nyheter","tag-overskrifter","tag-toll","tag-top-stories","tag-topstories","tag-verden","tag-world","tag-world-news","tag-worldnews"],"share_on_mastodon":{"url":"https:\/\/pubeurope.com\/@no\/117202744644244908","error":""},"_links":{"self":[{"href":"https:\/\/www.europesays.com\/no\/wp-json\/wp\/v2\/posts\/341717","targetHints":{"allow":["GET"]}}],"collection":[{"href":"https:\/\/www.europesays.com\/no\/wp-json\/wp\/v2\/posts"}],"about":[{"href":"https:\/\/www.europesays.com\/no\/wp-json\/wp\/v2\/types\/post"}],"author":[{"embeddable":true,"href":"https:\/\/www.europesays.com\/no\/wp-json\/wp\/v2\/users\/2"}],"replies":[{"embeddable":true,"href":"https:\/\/www.europesays.com\/no\/wp-json\/wp\/v2\/comments?post=341717"}],"version-history":[{"count":0,"href":"https:\/\/www.europesays.com\/no\/wp-json\/wp\/v2\/posts\/341717\/revisions"}],"wp:featuredmedia":[{"embeddable":true,"href":"https:\/\/www.europesays.com\/no\/wp-json\/wp\/v2\/media\/341718"}],"wp:attachment":[{"href":"https:\/\/www.europesays.com\/no\/wp-json\/wp\/v2\/media?parent=341717"}],"wp:term":[{"taxonomy":"category","embeddable":true,"href":"https:\/\/www.europesays.com\/no\/wp-json\/wp\/v2\/categories?post=341717"},{"taxonomy":"post_tag","embeddable":true,"href":"https:\/\/www.europesays.com\/no\/wp-json\/wp\/v2\/tags?post=341717"}],"curies":[{"name":"wp","href":"https:\/\/api.w.org\/{rel}","templated":true}]}}