{"id":341721,"date":"2026-09-02T17:59:13","date_gmt":"2026-09-02T17:59:13","guid":{"rendered":"https:\/\/www.europesays.com\/no\/341721\/"},"modified":"2026-09-02T17:59:13","modified_gmt":"2026-09-02T17:59:13","slug":"uber-arbeidsliv-uber-sparker-10-prosent-av-de-ansatte-verden-over","status":"publish","type":"post","link":"https:\/\/www.europesays.com\/no\/341721\/","title":{"rendered":"Uber, Arbeidsliv | Uber sparker 10 prosent av de ansatte verden over"},"content":{"rendered":"\n<p>Det opplyser administrerende direkt\u00f8r Dara Khosrowshahi i en intern melding onsdag if\u00f8lge nyhetsbyr\u00e5et AFP. Uber har 34.000 ansatte globalt og drift i over 70 land, if\u00f8lge det amerikanske finanstilsynet (SEC).<\/p>\n<p>\u2013 I dag vil vi gjennomf\u00f8re en betydelig organisatorisk omstrukturering i Uber. Som resultat av det vil vi redusere st\u00f8rrelsen p\u00e5 staben med om lag 10 prosent, het det i meldingen til de ansatte.<\/p>\n<p><b>Les ogs\u00e5:\u00a0<\/b><a class=\"simple-relation related-teaser article--c-eBQpMJ\" href=\"https:\/\/www.nettavisen.no\/nyheter\/endringer-for-wideroe-legger-ned-direkteruter\/s\/80-95-50003\" rel=\"nofollow noopener\" target=\"_blank\">Endringer for Wider\u00f8e: Legger ned direkteruter<\/a><\/p>\n<p>If\u00f8lge Khosrowshahi skal omleggingen gj\u00f8re plattformen \u00abenklere og raskere\u00bb.<\/p>\n<p>Siden skysstjenesten ble grunnlagt i 2009, har driften spredt seg til store deler av verden og inkluderer n\u00e5 ogs\u00e5 matleveringstjenesten Uber Eats.<\/p>\n<p>Uber-sj\u00e5f\u00f8rer er ikke ansatt i selskapet, men arbeider p\u00e5 oppdragskontrakter som selvstendig n\u00e6ringsdrivende og bruker egne kj\u00f8ret\u00f8yer.<\/p>\n<p>Godtgj\u00f8relsen som Uber-sj\u00e5f\u00f8r varierer mye fra land til land, og mange har uttrykt misn\u00f8ye med betalingen fra skyssgiganten.<\/p>\n<p>Uber meddelte ogs\u00e5 at de vil stenge all drift i Nigeria og Uganda med umiddelbar virkning onsdag. Tidligere i \u00e5r trakk selskapet seg ut av Tanzania.<\/p>\n<p><b>Les ogs\u00e5:\u00a0<\/b><a class=\"simple-relation related-teaser article--c-eBQpMJ\" href=\"https:\/\/www.nettavisen.no\/nyheter\/zelenskyj-advarer-ukrainske-droner-vil-stenge-russisk-luftrom\/s\/80-95-47396\" rel=\"nofollow noopener\" target=\"_blank\">Varsler stenging av russisk luftrom<\/a><\/p>\n<p>(\u00a9NTB)<\/p>\n","protected":false},"excerpt":{"rendered":"Det opplyser administrerende direkt\u00f8r Dara Khosrowshahi i en intern melding onsdag if\u00f8lge nyhetsbyr\u00e5et AFP. Uber har 34.000 ansatte&hellip;\n","protected":false},"author":2,"featured_media":341722,"comment_status":"","ping_status":"","sticky":false,"template":"","format":"standard","meta":{"footnotes":"","_share_on_mastodon":"0"},"categories":[5],"tags":[20,21,24,25,15,19,22,23,17,18,13,30,28,29,14,16,26,27],"class_list":["post-341721","post","type-post","status-publish","format-standard","has-post-thumbnail","category-overskrifter","tag-breaking-news","tag-breakingnews","tag-featured-news","tag-featurednews","tag-headlines","tag-hovedoppslag","tag-latest-news","tag-latestnews","tag-main-news","tag-mainnews","tag-news","tag-no","tag-norge","tag-norway","tag-nyheter","tag-overskrifter","tag-top-stories","tag-topstories"],"share_on_mastodon":{"url":"https:\/\/pubeurope.com\/@no\/117202751481262704","error":""},"_links":{"self":[{"href":"https:\/\/www.europesays.com\/no\/wp-json\/wp\/v2\/posts\/341721","targetHints":{"allow":["GET"]}}],"collection":[{"href":"https:\/\/www.europesays.com\/no\/wp-json\/wp\/v2\/posts"}],"about":[{"href":"https:\/\/www.europesays.com\/no\/wp-json\/wp\/v2\/types\/post"}],"author":[{"embeddable":true,"href":"https:\/\/www.europesays.com\/no\/wp-json\/wp\/v2\/users\/2"}],"replies":[{"embeddable":true,"href":"https:\/\/www.europesays.com\/no\/wp-json\/wp\/v2\/comments?post=341721"}],"version-history":[{"count":0,"href":"https:\/\/www.europesays.com\/no\/wp-json\/wp\/v2\/posts\/341721\/revisions"}],"wp:featuredmedia":[{"embeddable":true,"href":"https:\/\/www.europesays.com\/no\/wp-json\/wp\/v2\/media\/341722"}],"wp:attachment":[{"href":"https:\/\/www.europesays.com\/no\/wp-json\/wp\/v2\/media?parent=341721"}],"wp:term":[{"taxonomy":"category","embeddable":true,"href":"https:\/\/www.europesays.com\/no\/wp-json\/wp\/v2\/categories?post=341721"},{"taxonomy":"post_tag","embeddable":true,"href":"https:\/\/www.europesays.com\/no\/wp-json\/wp\/v2\/tags?post=341721"}],"curies":[{"name":"wp","href":"https:\/\/api.w.org\/{rel}","templated":true}]}}