{"id":341731,"date":"2026-09-02T18:06:19","date_gmt":"2026-09-02T18:06:19","guid":{"rendered":"https:\/\/www.europesays.com\/no\/341731\/"},"modified":"2026-09-02T18:06:19","modified_gmt":"2026-09-02T18:06:19","slug":"kong-haralds-gravferd-kan-bli-norges-storste-sikkerhetsoperasjon","status":"publish","type":"post","link":"https:\/\/www.europesays.com\/no\/341731\/","title":{"rendered":"Kong Haralds gravferd kan bli Norges st\u00f8rste sikkerhetsoperasjon"},"content":{"rendered":"<p>N\u00e5r b\u00e5de kongefamilien, prominente gjester fra inn- og utland og det norske folk skal ta farvel med kong Harald neste onsdag, er gravferden omsluttet av den st\u00f8rste sikkerhetsoperasjonen ledet i Norge noensinne.\u00a0\u00a0<\/p>\n<p>Hvilket sikkerhetsniv\u00e5 det ender p\u00e5, avhenger av gjestelisten, opplyser politiet til Dagbladet.\u00a0<\/p>\n<p>Som leder av ordensavdelingen i Oslopolitiet, var det Ellen Holager Anden\u00e6s som ledet politioperasjonen under kong Olavs gravferd i 1991.\u00a0<\/p>\n<p>Sikkerhetsopplegget ble den gang omtalt som det st\u00f8rste politidistriktet hadde hatt.\u00a0<\/p>\n<p class=\"font-weight-bold m-font-weight-bold\" data-lab-font_weight=\"font-weight-bold\">&#8211; Det var nervepirrende. Jeg trakk et lettelsens sukk da siste gjest forlot Fornebu, forteller hun til Dagbladet 35 \u00e5r seinere.\u00a0<\/p>\n<p>        <img loading=\"lazy\" decoding=\"async\" src=\"https:\/\/www.europesays.com\/no\/wp-content\/uploads\/2026\/09\/85099870.webp\" width=\"688\" height=\"393\" alt=\"\" class=\"\" style=\"--aspect-ratio-image: 1.75; \"\/><\/p>\n<p>\n        \u00d8VERSTE LEDER: Som leder av ordensavdelingen i Oslopolitiet i 1991, ledet Ellen Holager Anden\u00e6s sikkerhetsoperasjonen rundt kong Olavs gravferd. I dag er hun en kjent forsvarsadvokat. Foto: Nina Hansen \/ Dagbladet\n    <\/p>\n<p>Blant andre deltok b\u00e5de den amerikanske og sovjetiske visepresidenten i gravferden.\u00a0<\/p>\n<p>&#8211; Det var et voldsomt sikkerhetsoppbud, sier Holager Anden\u00e6s og legger til:\u00a0<\/p>\n<p class=\"font-weight-bold m-font-weight-bold\" data-lab-font_weight=\"font-weight-bold\">&#8211; Det er ganske sikkert ikke mindre krevende i dag, og man kan g\u00e5 ut fra at dette er en formidabel oppgave for Oslopolitiet. Det er det ingen tvil om.\u00a0<\/p>\n<p class=\"italic m-italic\" data-lab-italic=\"italic\">&#8211; Hva var du mest redd for den gangen?\u00a0<\/p>\n<p>&#8211; Attentat.\u00a0<\/p>\n<p>        <img loading=\"lazy\" decoding=\"async\" src=\"https:\/\/www.europesays.com\/no\/wp-content\/uploads\/2026\/09\/85099932.webp\" width=\"667\" height=\"381\" alt=\"\" class=\"\" style=\"--aspect-ratio-image: 1.75; \"\/><\/p>\n<p>\n        FULGTE B\u00c5REN: Kong Harald og kronprins Haakon fulgte b\u00e5ren til avd\u00f8de kong Olav i 1991. Ogs\u00e5 prinsesse M\u00e4rtha Louise og dronning Sonja fulgte b\u00e5ren, ikledd i s\u00f8rgesl\u00f8r..Foto: Per Erik Knive \/ NTB\n    <\/p>\n<p>&#8211; Ikke enkelt\t<\/p>\n<p>S\u00e6rlig var det prosesjonen fra Slottet og ned til domkirken som skapte hodebry. Av NTB ble den den gangen omtalt som \u00abden st\u00f8rste\u00a0prosesjon\u00a0av statsmenn og kongelige p\u00e5 norsk jord noensinne\u00bb. Langs ruta sto anslagsvis 100 000 folk.\u00a0<\/p>\n<p>Ogs\u00e5 denne gang skal kongens b\u00e5re bli fraktet i en stor\u00a0prosesjon\u00a0fra Slottet til domkirken. Det er ventet at familie, representanter fra det offentlige Norge og en rekke gjester fra inn- og utland deltar i prosesjonen.<\/p>\n<p>    <a itemprop=\"url\" href=\"https:\/\/www.dagbladet.no\/kjendis\/dette-vet-vi-om-gravferden\/85098557\" rel=\"nofollow noopener\" target=\"_blank\"><\/p>\n<p>        <img loading=\"lazy\" decoding=\"async\" src=\"https:\/\/www.europesays.com\/no\/wp-content\/uploads\/2026\/09\/85099015.webp\" width=\"180\" height=\"81\" alt=\"\" class=\"lazyload\" style=\"--aspect-ratio-image: 2.22; \"\/><\/p>\n<p>        Dette vet vi om gravferden<\/p>\n<p>    <\/a><\/p>\n<p>Etter seremonien i domkirken vil prosesjonen fortsette til Akershus slottskirke, hvor det vil bli holdt en privat minnestund.<\/p>\n<p class=\"font-weight-bold m-font-weight-bold\" data-lab-font_weight=\"font-weight-bold\">&#8211; Et slikt scenario er det ikke enkelt \u00e5 forholde seg til. N\u00e5r s\u00e5 mange prominente gjester g\u00e5r i meget sakte tempo ned en s\u00e5nn strekning, sier Holager Anden\u00e6s.<\/p>\n<p>For \u00e5 unng\u00e5 at et attentat kunne skje, ble omr\u00e5der i sentrum av Oslo gjennoms\u00f8kt b\u00e5de over og under bakken. Kumlokk ble sveiset igjen for \u00e5 hindre at noen kunne ta seg ned, eller at noe kunne plasseres i kloakksystemet.\u00a0<\/p>\n<p>        EDSAVLEGGELSE: Kong Haakon har avlagt ed for Stortinget. Dronning Mette-Marit kunne ikke stille. Video: NRK \/ Dagbladet TV<\/p>\n<p>Det ble ogs\u00e5 plassert snikskyttere p\u00e5 takene rundt om i sentrum.\u00a0<\/p>\n<p>&#8211; Man m\u00e5 s\u00f8rge for at det er sikkert, s\u00e5 langt som det er overhodet mulig. Uten at jeg skal g\u00e5 mer i detalj enn det.\u00a0<\/p>\n<p class=\"italic m-italic\" data-lab-italic=\"italic\">&#8211; Hvor sikkert er det mulig \u00e5 f\u00e5 det, n\u00e5r s\u00e5 mange prominente gjester er samlet p\u00e5 et s\u00e5pass lite omr\u00e5de?<\/p>\n<p>&#8211; Det er vanskelig \u00e5 si, men vi f\u00f8lte at vi hadde veldig god kontroll. Det var mye politifolk i folkemengden, ogs\u00e5 i sivil, som fulgte \u00e5rv\u00e5kent med p\u00e5 alt som skjedde rundt dem.\u00a0<\/p>\n<p>        <img loading=\"lazy\" decoding=\"async\" src=\"https:\/\/www.europesays.com\/no\/wp-content\/uploads\/2026\/09\/85099991.webp\" width=\"688\" height=\"393\" alt=\"\" class=\"\" style=\"--aspect-ratio-image: 1.75; \"\/><\/p>\n<p>\n        \u00c5PEN BIL: Ogs tirsdag var det innf\u00f8rt sikkerhetstiltak i Oslo da kong Haakon dro fra Slottet til Stortinget i \u00e5pen bil for \u00e5 avlegge ed. Foto: Nina Hansen \/ Dagbladet\n    <\/p>\n<p>&#8211; Ikke iverksatt\t<\/p>\n<p>Dagbladet har spurt Oslopolitiet om det er aktuelt \u00e5 sveise igjen kumlokk og gjennoms\u00f8ke kloakksystem, kontorer og forretninger i omr\u00e5det i forkant av kong Haralds gravferd.\u00a0<\/p>\n<p> &#8211; Vi har planer for \u00e5 ta imot gjester som krever ulike sikkerhetstiltak. Per n\u00e5 er ikke noe av det du nevner iverksatt. Men det kan ikke utelukkes at det vil bli iverksatt, sier innsatsleder Tomm Berger i Oslo politidistrikt, som ikke \u00f8nsker \u00e5 utdype dette ytterligere.<\/p>\n<p>    <a itemprop=\"url\" href=\"https:\/\/www.dagbladet.no\/nyheter\/ekspert-om-kongens-gravferd-blir-vilt\/85085818\" rel=\"nofollow noopener\" target=\"_blank\"><\/p>\n<p>        <img loading=\"lazy\" decoding=\"async\" src=\"https:\/\/www.europesays.com\/no\/wp-content\/uploads\/2026\/09\/1788372377_265_85086078.webp\" width=\"180\" height=\"81\" alt=\"\" class=\"lazyload\" style=\"--aspect-ratio-image: 2.22; \"\/><\/p>\n<p>        Ekspert om kongens gravferd: &#8211; Blir vilt<\/p>\n<p>    <\/a><\/p>\n<p>Ogs\u00e5 da president Bill Clinton og president Barack Obama gjestet Oslo, i henholdsvis 1999 og 2009, ble kumlokkene i hovedstaden sveiset igjen av sikkerhetshensyn.\u00a0<\/p>\n<p> &#8211; Det er ikke sikkert at det som er n\u00f8dvendig denne gangen er sammenliknbart med det som var n\u00f8dvendig for 15 \u00e5r og lenger siden, sier Berger.\u00a0<\/p>\n<p>        <img loading=\"lazy\" decoding=\"async\" src=\"https:\/\/www.europesays.com\/no\/wp-content\/uploads\/2026\/09\/85100004.webp\" width=\"688\" height=\"393\" alt=\"\" class=\"\" style=\"--aspect-ratio-image: 1.75; \"\/><\/p>\n<p>\n        OBAMA-FORBEREDELSER: 430 kumlokk i Oslo sentrum ble sveiset igjen i forkant av president Barack Obamas bes\u00f8k til Oslo i 2009. Foto: Morten Holm \/ NTB\n    <\/p>\n<p> Oslo vann- og avl\u00f8psetat som tidligere har utf\u00f8rt sveisearbeidet, sier til Dagbladet at det forel\u00f8pig ikke er avklart hva slags sikkerhetstiltak de skal gjennomf\u00f8re. <\/p>\n<p>&#8211; Vi er involvert, men det er ikke avklart hva slags sikkerhetstiltak vi skal gjennomf\u00f8re enda. Det er Beredskapsetaten som sitter med ansvaret, s\u00e5 vi venter p\u00e5 instrukser fra dem, sier kommunikasjonsr\u00e5dgiver i Oslo vann- og avl\u00f8psetat, Simen Strand J\u00f8rgensen, til Dagbladet.\u00a0<\/p>\n<p class=\"italic m-italic\" data-lab-italic=\"italic\">&#8211; Hva vil det i s\u00e5 fall v\u00e6re aktuelt \u00e5 bidra med?\u00a0<\/p>\n<p>&#8211; Det er kummer og s\u00e5nt vi er ansvarlige for, s\u00e5 i s\u00e5 fall det. Men det vil komme en avklaring sannsynligvis denne uka.\u00a0<\/p>\n<p>    <a itemprop=\"url\" href=\"https:\/\/www.dagbladet.no\/kjendis\/brot-fotoforbudet-jeg-beklager-sa-mye\/85099376\" rel=\"nofollow noopener\" target=\"_blank\"><\/p>\n<p>        <img loading=\"lazy\" decoding=\"async\" src=\"https:\/\/www.europesays.com\/no\/wp-content\/uploads\/2026\/09\/85099399.webp\" width=\"180\" height=\"81\" alt=\"\" class=\"lazyload\" style=\"--aspect-ratio-image: 2.22; \"\/><\/p>\n<p>        Br\u00f8t fotoforbudet: &#8211; Jeg beklager s\u00e5 mye<\/p>\n<p>    <\/a><\/p>\n<p>Langt fler enn i 1991\t<\/p>\n<p>For politiet er m\u00e5let at Oslo sentrum og seremoniene skal holdes s\u00e5 \u00e5pent og tilgjengelig for publikum som mulig, sier Berger.\u00a0<\/p>\n<p> &#8211; Vi fors\u00f8ker \u00e5 gj\u00f8re sikkerhetsavtrykket minst mulig. Men selvf\u00f8lgelig m\u00e5 vi iverksette n\u00f8dvendige tiltak. <\/p>\n<p>I tillegg til omr\u00e5der rundt Slottet, strekningen for prosesjonen, og rundt domkirken, gjelder dette ogs\u00e5 for stedene hvor prominente gjester skal bo. Ogs\u00e5 dette sikkerhetsopplegget er avhengig av gjestelisten, forklarer Berger.\u00a0<\/p>\n<p>        TAR FARVEL: Onsdag morgen defilerer regjeringen ved kongens b\u00e5re. Video: NRK \/ Dagbladet TV<\/p>\n<p>Politiet har allerede bekreftet at det vil bli langt mer politi i gatene enn det var i 1991, hvor rundt 1500 fra politiet var i sving under kong Olavs gravferd.\u00a0<\/p>\n<p>&#8211;\u00a0 Alle landets politidistrikt vil bist\u00e5 oss med personell eller utstyr n\u00e5r vi n\u00e6rmer oss gravferdsdagen, sier Berger.\u00a0<\/p>\n<p>&#8211; Vi g\u00e5r ikke ut med hvor mange det blir, og det antallet er uansett ikke klart. Ogs\u00e5 det planverket vil skaleres etter gjesteliste og andre faktorer. Men at det blir flere enn det var i 1991, er sikkert, legger han til.\u00a0<\/p>\n<p>Berger begrunner behovet for ytterligere personell med at vi n\u00e5 er i en helt annen tid enn i 1991, med krig i Europa, stor teknologisk utvikling og en helt annen sikkerhetspolitisk situasjon.\u00a0<\/p>\n<p>&#8211; S\u00e5 det er vanskelig \u00e5 sammenlikne kong Olavs gravferd og kong Haralds gravferd, sier han.\u00a0<\/p>\n<p>Onsdag bekrefter <a href=\"https:\/\/www.dagbladet.no\/studio\/92397-kong-harald-er-d%C3%B8d\/12360631-dansk-politi-bekrefter-skal-bist%C3%A5-norsk-politi\" target=\"_blank\" rel=\"nofollow noopener\">dansk politi til Dagbladet at de skal bist\u00e5<\/a> Oslo politidistrikt i forbindelse med kong Haralds begravelse.\u00a0Tidligere denne uka bekreftet ogs\u00e5 svensk politi overfor Dagbladet at de skal bidra.\u00a0<\/p>\n","protected":false},"excerpt":{"rendered":"N\u00e5r b\u00e5de kongefamilien, prominente gjester fra inn- og utland og det norske folk skal ta farvel med kong&hellip;\n","protected":false},"author":2,"featured_media":341732,"comment_status":"","ping_status":"","sticky":false,"template":"","format":"standard","meta":{"footnotes":"","_share_on_mastodon":"0"},"categories":[5],"tags":[20,21,24,25,15,19,2539,26069,22,23,17,18,13,30,28,29,14,16,26,27],"class_list":["post-341731","post","type-post","status-publish","format-standard","has-post-thumbnail","category-overskrifter","tag-breaking-news","tag-breakingnews","tag-featured-news","tag-featurednews","tag-headlines","tag-hovedoppslag","tag-innenriks","tag-kong-harald-dod","tag-latest-news","tag-latestnews","tag-main-news","tag-mainnews","tag-news","tag-no","tag-norge","tag-norway","tag-nyheter","tag-overskrifter","tag-top-stories","tag-topstories"],"share_on_mastodon":{"url":"https:\/\/pubeurope.com\/@no\/117202780080027688","error":""},"_links":{"self":[{"href":"https:\/\/www.europesays.com\/no\/wp-json\/wp\/v2\/posts\/341731","targetHints":{"allow":["GET"]}}],"collection":[{"href":"https:\/\/www.europesays.com\/no\/wp-json\/wp\/v2\/posts"}],"about":[{"href":"https:\/\/www.europesays.com\/no\/wp-json\/wp\/v2\/types\/post"}],"author":[{"embeddable":true,"href":"https:\/\/www.europesays.com\/no\/wp-json\/wp\/v2\/users\/2"}],"replies":[{"embeddable":true,"href":"https:\/\/www.europesays.com\/no\/wp-json\/wp\/v2\/comments?post=341731"}],"version-history":[{"count":0,"href":"https:\/\/www.europesays.com\/no\/wp-json\/wp\/v2\/posts\/341731\/revisions"}],"wp:featuredmedia":[{"embeddable":true,"href":"https:\/\/www.europesays.com\/no\/wp-json\/wp\/v2\/media\/341732"}],"wp:attachment":[{"href":"https:\/\/www.europesays.com\/no\/wp-json\/wp\/v2\/media?parent=341731"}],"wp:term":[{"taxonomy":"category","embeddable":true,"href":"https:\/\/www.europesays.com\/no\/wp-json\/wp\/v2\/categories?post=341731"},{"taxonomy":"post_tag","embeddable":true,"href":"https:\/\/www.europesays.com\/no\/wp-json\/wp\/v2\/tags?post=341731"}],"curies":[{"name":"wp","href":"https:\/\/api.w.org\/{rel}","templated":true}]}}