{"id":341755,"date":"2026-09-02T18:31:26","date_gmt":"2026-09-02T18:31:26","guid":{"rendered":"https:\/\/www.europesays.com\/no\/341755\/"},"modified":"2026-09-02T18:31:26","modified_gmt":"2026-09-02T18:31:26","slug":"mottok-farevarsel-flere-mil-unna-dette-sier-politiet-agderposten-no","status":"publish","type":"post","link":"https:\/\/www.europesays.com\/no\/341755\/","title":{"rendered":"Mottok farevarsel flere mil unna: Dette sier politiet &#8211; agderposten.no"},"content":{"rendered":"<ol>\n<li><a href=\"https:\/\/news.google.com\/rss\/articles\/CBMiwAFBVV95cUxNSUZGUGJMZy1TZjVwcHRfSFJMdktIMVptc3pKd2tmQTVKTmRuQzc1c0FjX2RETng0RThVcXZaNVVMZXg3dy1yRXdoY3NGMDYtdzNTVDdlTTRHREJHWnVhSjNWV05SZmJQRGZyR19mTWhoRThmS1lyRFY2a0pPaXZwdXpyMHBtYW9pdzNZSWtXVFRiVVdkODVzWi1uZ1JnZGVrVVgtNWhqcng4NHdPSjIwYU50SzZRUDdnY2ZuMnZaajk?oc=5\" target=\"_blank\" rel=\"nofollow noopener\">Mottok farevarsel flere mil unna: Dette sier politiet<\/a>&nbsp;&nbsp;agderposten.no<\/li>\n<li><a href=\"https:\/\/news.google.com\/rss\/articles\/CBMie0FVX3lxTE1NclV4MmV2bTNvemVuMTNsOTczUktGZ3dDWVJMQ2wyX3psblFoZk5uemtoelVXdFU1X1h4b0NsR09WU3gya3A0Rm1UNkZMLTI1Rk9QMDJpem5lbUpJMFlNS0Z5eU1mX0ZlbjMxWWRDQUlRZlZsVEgyRERKTQ?oc=5\" target=\"_blank\" rel=\"nofollow noopener\">Slik skal brannen ha startet: \u2013 Rett etterp\u00e5 var det full fyr<\/a>&nbsp;&nbsp;fvn.no<\/li>\n<li><a href=\"https:\/\/news.google.com\/rss\/articles\/CBMiqgFBVV95cUxQSV9QcDBsdm5JZW1KS2ZWOVpxNjFiNlRHNjVpNEU5REozNUV0T0cwbnJ2V2RTRTFpcVhXOXRJay1CSXR0QmQ5MnNwUnAzbUUtMFJwZ0stdzZCNERaa0pTT1M5OWhvYkRheUV1TWhxam5oYXNNcHNUSWd6SDQ0M0haTkFQT19RVUoydGVfamNRTDRGSTZ3RmEzQjB3eGp1czVqd2NWNUo1TXlRUQ?oc=5\" target=\"_blank\" rel=\"nofollow noopener\">Kirkens Bymisjon Tvedestrand | Byen stilte opp for S\u00f8lvi og gjengen: \u2013 M\u00e5 jo ha et sted \u00e5 g\u00e5<\/a>&nbsp;&nbsp;Tvedestrandsposten<\/li>\n<li><a href=\"https:\/\/news.google.com\/rss\/articles\/CBMirgFBVV95cUxNcDFEdTE0WF9NUE90ZUtFcnVRRlhHd1hIYTlUak4yX3F4TG1YOGRwcUR5VF9SaGl2bHlwazJmWWVHYUxIb2pRSEUtN1RoY2trM25vOXdic1VxYTVfSUkwaXE3bEpyaUlZVUtXdTdhZmhKRW85VzBJalhjRWhJYkN4ZUdaZWctN1hQODJiQVduTVV3SzZMUk12eWFoMXJVWEJZdWRheUdabVU0S2dybVE?oc=5\" target=\"_blank\" rel=\"nofollow noopener\">Evakuering av bygninger i Tvedestrand<\/a>&nbsp;&nbsp;Nettavisen<\/li>\n<li><a href=\"https:\/\/news.google.com\/rss\/articles\/CBMizAFBVV95cUxQVldzdHZQN1hQd3NtVmozMERxczlDbG1ZdlBsM2R2UWozWUJYcHRhalNoWm0zMjczMTZpODBzVjB5U1YyaFZzaVh1ZHVFZVpia3lyckdHTGROV2tSelVacHZTZFNpRG1uREY4UGRHNVp4ekNyVTN3c1ByTFd4Q1NpSmRSN1IxbDhnUU1GcVp4Njd3QklkQWZGQXd2QllnLXFHUVM5aGFZWDNzZUw4ZlJxWGtaaVJoZDlvdXhnRnRMTzN5TlZ4MVRKLUpBeXQ?oc=5\" target=\"_blank\" rel=\"nofollow noopener\">Tvedestrand sentrum | Forvirring rundt n\u00f8dvarsel: \u2013 Forst\u00e5r at det kan oppleves b\u00e5de ubehagelig og un\u00f8dvendig<\/a>&nbsp;&nbsp;Tvedestrandsposten<\/li>\n<\/ol>\n","protected":false},"excerpt":{"rendered":"Mottok farevarsel flere mil unna: Dette sier politiet&nbsp;&nbsp;agderposten.no Slik skal brannen ha startet: \u2013 Rett etterp\u00e5 var det&hellip;\n","protected":false},"author":2,"featured_media":341756,"comment_status":"","ping_status":"","sticky":false,"template":"","format":"standard","meta":{"footnotes":"","_share_on_mastodon":"0"},"categories":[5],"tags":[20,21,24,25,15,19,22,23,17,18,13,30,28,29,14,16,26,27],"class_list":["post-341755","post","type-post","status-publish","format-standard","has-post-thumbnail","category-overskrifter","tag-breaking-news","tag-breakingnews","tag-featured-news","tag-featurednews","tag-headlines","tag-hovedoppslag","tag-latest-news","tag-latestnews","tag-main-news","tag-mainnews","tag-news","tag-no","tag-norge","tag-norway","tag-nyheter","tag-overskrifter","tag-top-stories","tag-topstories"],"share_on_mastodon":{"url":"https:\/\/pubeurope.com\/@no\/117202877579487750","error":""},"_links":{"self":[{"href":"https:\/\/www.europesays.com\/no\/wp-json\/wp\/v2\/posts\/341755","targetHints":{"allow":["GET"]}}],"collection":[{"href":"https:\/\/www.europesays.com\/no\/wp-json\/wp\/v2\/posts"}],"about":[{"href":"https:\/\/www.europesays.com\/no\/wp-json\/wp\/v2\/types\/post"}],"author":[{"embeddable":true,"href":"https:\/\/www.europesays.com\/no\/wp-json\/wp\/v2\/users\/2"}],"replies":[{"embeddable":true,"href":"https:\/\/www.europesays.com\/no\/wp-json\/wp\/v2\/comments?post=341755"}],"version-history":[{"count":0,"href":"https:\/\/www.europesays.com\/no\/wp-json\/wp\/v2\/posts\/341755\/revisions"}],"wp:featuredmedia":[{"embeddable":true,"href":"https:\/\/www.europesays.com\/no\/wp-json\/wp\/v2\/media\/341756"}],"wp:attachment":[{"href":"https:\/\/www.europesays.com\/no\/wp-json\/wp\/v2\/media?parent=341755"}],"wp:term":[{"taxonomy":"category","embeddable":true,"href":"https:\/\/www.europesays.com\/no\/wp-json\/wp\/v2\/categories?post=341755"},{"taxonomy":"post_tag","embeddable":true,"href":"https:\/\/www.europesays.com\/no\/wp-json\/wp\/v2\/tags?post=341755"}],"curies":[{"name":"wp","href":"https:\/\/api.w.org\/{rel}","templated":true}]}}