{"id":341761,"date":"2026-09-02T18:40:21","date_gmt":"2026-09-02T18:40:21","guid":{"rendered":"https:\/\/www.europesays.com\/no\/341761\/"},"modified":"2026-09-02T18:40:21","modified_gmt":"2026-09-02T18:40:21","slug":"guttas-drom-mann-fekk-strengare-straff-i-lagmannsretten-nrk-buskerud-lokale-nyheter-tv-og-radio","status":"publish","type":"post","link":"https:\/\/www.europesays.com\/no\/341761\/","title":{"rendered":"\u00abGuttas dr\u00f8m\u00bb: Mann fekk strengare straff i lagmannsretten \u2013 NRK Buskerud \u2013 Lokale nyheter, TV og radio"},"content":{"rendered":"<p>Mannen i tjue\u00e5ra vart funnen skuldig i grov utpressing og fors\u00f8k p\u00e5 grov utpressing mot 1200 forn\u00e6rma, og dessutan grov biletdeling, skriv <a href=\"https:\/\/www.vg.no\/nyheter\/i\/n1XWnd\/guttas-droem-saken-faar-fire-maaneder-lenger-fengsel\" ec-id=\"https:\/\/www.vg.no\/nyheter\/i\/n1XWnd\/guttas-droem-saken-faar-fire-maaneder-lenger-fengsel\" ec-name=\"VG\" rel=\"nofollow noopener\" target=\"_blank\">VG<\/a>.<\/p>\n<p>Han har <a href=\"https:\/\/www.nrk.no\/buskerud\/etterforsker-omfattende-deling-av-intime-bilder-og-filmer-med-et-stort-antall-fornaermede-1.17378227\" ec-id=\"pp:article:1.17378227\" ec-name=\"erkjent straffskuld for \u00e5 ha oppretta kanalen \u00abGuttas dr\u00f8m\u00bb\" rel=\"nofollow noopener\" target=\"_blank\">erkjent straffskuld for \u00e5 ha oppretta kanalen \u00abGuttas dr\u00f8m\u00bb<\/a> og selt bileta via Discord-plattforma. Over 1800 sal av mapper med privat innhald fr\u00e5 560 jenter og kvinner vart avdekte. Fleire var under 18 \u00e5r.<\/p>\n<p><img decoding=\"async\"   src=\"data:image\/gif;base64,R0lGODlhAQABAIAAAAAAAP\/\/\/yH5BAEAAAAALAAAAAABAAEAAAIBRAA7\" loading=\"eager\" alt=\"en kvinne som holder et papir\" title=\"Foto: Laila Nguyen Engebretsen \/ NRK\"\/><\/p>\n<p class=\"\">Politiadvokat Hildegunn Teigen.<\/p>\n<p>Foto: Laila Nguyen Engebretsen \/ NRK<\/p>\n<p>Straffa i lagmannsretten er <a href=\"https:\/\/www.nrk.no\/buskerud\/domt-til-over-tre-ars-fengsel-i-_guttas-drom_-saken-1.17773076\" ec-id=\"pp:article:1.17773076\" ec-name=\"fire m\u00e5nader lenger enn i tingretten\" rel=\"nofollow noopener\" target=\"_blank\">fire m\u00e5nader lenger enn i tingretten<\/a>. Retten p\u00e5peikar at saka er unik og at det manglar rettspraksis fr\u00e5 H\u00f8gsterett p\u00e5 omr\u00e5det.<\/p>\n<p>Aktor Hildegunn Teigen er forn\u00f8gd med domfellinga.<\/p>\n<p><strong>\u2013 P\u00e5talemakta vil vurdere anke vedr\u00f8rande straffutm\u00e5linga, sj\u00f8lv om det er positivt at straffa er skjerpa isolert for biletdelinga, seier ho til VG.<\/strong><\/p>\n<p><img decoding=\"async\"   src=\"data:image\/gif;base64,R0lGODlhAQABAIAAAAAAAP\/\/\/yH5BAEAAAAALAAAAAABAAEAAAIBRAA7\" loading=\"eager\" alt=\"En bistandsadvokat kikker ned p\u00e5 papirene sine i en rettssal\" title=\"Foto: Laila Nguyen Engebretsen \/ NRK\"\/><\/p>\n<p class=\"\">Randulf Schumann Hansen er bistandsadvokat i saka.<\/p>\n<p>Foto: Laila Nguyen Engebretsen \/ NRK<\/p>\n<p>Forsvararen til mannen, Stian M\u00e6land, opplyser at dei vil g\u00e5 grundig gjennom dommen f\u00f8r dei tek stilling til kva dei gjer vidare.<\/p>\n<p>Bistandsadvokat Randulf Schumann Hansen registrerer skjerpinga.<\/p>\n<p><strong>\u2013 Dette kan ha noko \u00e5 seie for utm\u00e5linga av erstatninga til klientane mine, seier han til VG, og legg til at erstatningskrava blir behandla i ei eiga sak hausten 2027.<\/strong><\/p>\n<p>(NTB)<\/p>\n<p><a class=\"login-banner-hack\" href=\"https:\/\/www.nrk.no\/logginn?context=article-plug\" style=\"padding: 0; border: none; display: none\" rel=\"nofollow noopener\" target=\"_blank\"><\/p>\n<p>            <img decoding=\"async\"   src=\"data:image\/gif;base64,R0lGODlhAQABAIAAAAAAAP\/\/\/yH5BAEAAAAALAAAAAABAAEAAAIBRAA7\" alt=\"Oppfordring til \u00e5 logge p\u00e5 NRKs tjenester\" title=\"Foto: Odd Arne Olderbakk\"\/><\/p>\n<p>            <img decoding=\"async\"   src=\"data:image\/gif;base64,R0lGODlhAQABAIAAAAAAAP\/\/\/yH5BAEAAAAALAAAAAABAAEAAAIBRAA7\" alt=\"Oppfordring til \u00e5 logge p\u00e5 NRKs tjenester\" title=\"Foto: Odd Arne Olderbakk\"\/><\/p>\n<p><\/a><\/p>\n<p>Publisert<\/p>\n<p>02.09.2026, kl. 15.09<\/p>\n","protected":false},"excerpt":{"rendered":"Mannen i tjue\u00e5ra vart funnen skuldig i grov utpressing og fors\u00f8k p\u00e5 grov utpressing mot 1200 forn\u00e6rma, og&hellip;\n","protected":false},"author":2,"featured_media":341762,"comment_status":"","ping_status":"","sticky":false,"template":"","format":"standard","meta":{"footnotes":"","_share_on_mastodon":"0"},"categories":[5],"tags":[20,21,24,25,15,19,22,23,17,18,13,30,28,29,14,16,26,27],"class_list":["post-341761","post","type-post","status-publish","format-standard","has-post-thumbnail","category-overskrifter","tag-breaking-news","tag-breakingnews","tag-featured-news","tag-featurednews","tag-headlines","tag-hovedoppslag","tag-latest-news","tag-latestnews","tag-main-news","tag-mainnews","tag-news","tag-no","tag-norge","tag-norway","tag-nyheter","tag-overskrifter","tag-top-stories","tag-topstories"],"share_on_mastodon":{"url":"https:\/\/pubeurope.com\/@no\/117202912979354580","error":""},"_links":{"self":[{"href":"https:\/\/www.europesays.com\/no\/wp-json\/wp\/v2\/posts\/341761","targetHints":{"allow":["GET"]}}],"collection":[{"href":"https:\/\/www.europesays.com\/no\/wp-json\/wp\/v2\/posts"}],"about":[{"href":"https:\/\/www.europesays.com\/no\/wp-json\/wp\/v2\/types\/post"}],"author":[{"embeddable":true,"href":"https:\/\/www.europesays.com\/no\/wp-json\/wp\/v2\/users\/2"}],"replies":[{"embeddable":true,"href":"https:\/\/www.europesays.com\/no\/wp-json\/wp\/v2\/comments?post=341761"}],"version-history":[{"count":0,"href":"https:\/\/www.europesays.com\/no\/wp-json\/wp\/v2\/posts\/341761\/revisions"}],"wp:featuredmedia":[{"embeddable":true,"href":"https:\/\/www.europesays.com\/no\/wp-json\/wp\/v2\/media\/341762"}],"wp:attachment":[{"href":"https:\/\/www.europesays.com\/no\/wp-json\/wp\/v2\/media?parent=341761"}],"wp:term":[{"taxonomy":"category","embeddable":true,"href":"https:\/\/www.europesays.com\/no\/wp-json\/wp\/v2\/categories?post=341761"},{"taxonomy":"post_tag","embeddable":true,"href":"https:\/\/www.europesays.com\/no\/wp-json\/wp\/v2\/tags?post=341761"}],"curies":[{"name":"wp","href":"https:\/\/api.w.org\/{rel}","templated":true}]}}