{"id":341773,"date":"2026-09-02T18:50:33","date_gmt":"2026-09-02T18:50:33","guid":{"rendered":"https:\/\/www.europesays.com\/no\/341773\/"},"modified":"2026-09-02T18:50:33","modified_gmt":"2026-09-02T18:50:33","slug":"kjendisene-ankommer-chicago-premieren-i-oslo","status":"publish","type":"post","link":"https:\/\/www.europesays.com\/no\/341773\/","title":{"rendered":"Kjendisene ankommer \u00abChicago\u00bb-premieren i Oslo"},"content":{"rendered":"<p class=\"kicker \" style=\"\">\u00abCHICAGO\u00bb:\u00a0<\/p>\n<p class=\"subtitle t30\" style=\"\">Onsdag kveld er det duket for premieren av musikalen\u00a0\u00abCHICAGO\u00bb.<\/p>\n<p>\n    GLEDER SEG: Wenche Myhre sammen med Anders Eljas og barnebarn. Foto: Andreas Fadum \/ Se og H\u00f8r\n  <\/p>\n<p> CHATEAU NEUF (Se og H\u00f8r): Jarle Bernhoft gj\u00f8r sin musikalske teaterdebut n\u00e5r \u00abCHICAGO\u00bb har premiere p\u00e5 Chateau Neuf i Oslo onsdag kveld.\u00a0<\/p>\n<p>En rekke kjendiser har tatt turen ut i h\u00f8stsola for \u00e5 f\u00e5 med seg den aller f\u00f8rste forestillingen. I tillegg til Bernhoft, finner vi ogs\u00e5 Heidi Ruud Ellingsen og Silya Nymoen i hovedrollene.\u00a0<\/p>\n<p>Det er\u00a0 Marie Blokhus som er regiss\u00f8r for musikalen.\u00a0<\/p>\n<p>Blant de som har tatt turen er Fjellhytta-vinnerne Espen Br\u00e5then Kristoffersen og Sindre Fl\u00f8istad.<\/p>\n<p>        <img loading=\"lazy\" decoding=\"async\" src=\"https:\/\/www.europesays.com\/no\/wp-content\/uploads\/2026\/09\/85102550.webp\" width=\"667\" height=\"381\" alt=\"\" class=\"\" style=\"--aspect-ratio-image: 1.75; \"\/><\/p>\n<p>\n        Espen Br\u00e5ten Kristoffersen og Sindre Fl\u00f8istad. Foto: Andreas Fadum \/ Se og H\u00f8r\n    <\/p>\n<p>&#8211; Vi er veldig spente. Musikal-Norge er ikke s\u00e5 stort. Vi f\u00f8ler vi skal heie frem vennene v\u00e5re og da er det ekstra stas, sier Kristoffersen.<\/p>\n<p>Ogs\u00e5 artist Wenche Myhre gleder seg stort. Hun har tatt med seg samboer Anders Eljas og barnebarn.<\/p>\n<p>&#8211; Jeg kjenner jo dette stykket fra langt tilbake. Jeg har til og med f\u00e5tt to foresp\u00f8rseler om \u00e5 v\u00e6re med tidligere. Dette er et veldig stilig stykke. De setter det opp s\u00e5 fint her p\u00e5 Chateu Neuf s\u00e5 jeg gleder meg veldig, sier Myhre.<\/p>\n<p>        <img loading=\"lazy\" decoding=\"async\" src=\"https:\/\/www.europesays.com\/no\/wp-content\/uploads\/2026\/09\/85102728.webp\" width=\"667\" height=\"494\" alt=\"\" class=\"\" style=\"--aspect-ratio-image: 1.35; \"\/><\/p>\n<p>\n        Wenche Myhre, Anders Eljas og barnebarnet. Foto: Andreas Fadum \/ Se og H\u00f8r\n    <\/p>\n<p>\u00abSkal vi danse\u00bb-profil Merete M\u00f8rk Lingj\u00e6rde forteller at hun har et n\u00e6rt forhold til teaterstykket.<\/p>\n<p>&#8211; For det f\u00f8rste i mitt felt i jazzdans er jo Bob Fosse en ikonisk figur som har denne originaloppsettingen og manuset. Han som koreograf er helt spesiell for oss i v\u00e5r bransje. Derfor har jeg selvf\u00f8lgelig sett originalversjonen flere ganger, som er veldig nedtonet og utrolig fin.<\/p>\n<p>        <img loading=\"lazy\" decoding=\"async\" src=\"https:\/\/www.europesays.com\/no\/wp-content\/uploads\/2026\/09\/85102698.webp\" width=\"667\" height=\"761\" alt=\"\" class=\"\" style=\"--aspect-ratio-image: 0.88; \"\/><\/p>\n<p>\n        Merete M\u00f8rk Lingj\u00e6rde og Anders Lingj\u00e6rde M\u00f8rk. Foto: Andreas Fadum \/ Se og H\u00f8r\n    <\/p>\n<p>&#8211; S\u00e5 s\u00e5 jeg den f\u00f8rste oppsettingen i Norge, den synes jeg var helt fantastisk. S\u00e5 gjorde de en til her i Norge, og n\u00e5 skal jeg se denne versjonen. <\/p>\n<p class=\"italic m-italic\" data-lab-italic=\"italic\">Se bilder av kjendisene her:<\/p>\n<p>        <img loading=\"lazy\" decoding=\"async\" src=\"https:\/\/www.europesays.com\/no\/wp-content\/uploads\/2026\/09\/85102908.webp\" width=\"667\" height=\"834\" alt=\"\" class=\"\" style=\"--aspect-ratio-image: 0.80; \"\/><\/p>\n<p>\n        Nadia Hasnaoui og datteren. Foto: Andreas Fadum \/ Se og H\u00f8\n    <\/p>\n<p>        <img loading=\"lazy\" decoding=\"async\" src=\"https:\/\/www.europesays.com\/no\/wp-content\/uploads\/2026\/09\/85102888.webp\" width=\"667\" height=\"894\" alt=\"\" class=\"\" style=\"--aspect-ratio-image: 0.75; \"\/><\/p>\n<p>\n        Bertine Zetlitz og datteren. Foto: Andreas Fadum \/ Se og H\u00f8r\n    <\/p>\n<p>        <img loading=\"lazy\" decoding=\"async\" src=\"https:\/\/www.europesays.com\/no\/wp-content\/uploads\/2026\/09\/85102885.webp\" width=\"667\" height=\"848\" alt=\"\" class=\"\" style=\"--aspect-ratio-image: 0.79; \"\/><\/p>\n<p>\n        Liv Ullmann. Foto: Andreas Fadum \/ Se og H\u00f8r\n    <\/p>\n<p>        <img loading=\"lazy\" decoding=\"async\" src=\"https:\/\/www.europesays.com\/no\/wp-content\/uploads\/2026\/09\/85102869.webp\" width=\"667\" height=\"781\" alt=\"\" class=\"\" style=\"--aspect-ratio-image: 0.85; \"\/><\/p>\n<p>\n        Odd-Magnus Williamson med datteren Ziggy. Foto: Andreas Fadum \/ Se og H\u00f8r\n    <\/p>\n<p>        <img loading=\"lazy\" decoding=\"async\" src=\"https:\/\/www.europesays.com\/no\/wp-content\/uploads\/2026\/09\/85102861.webp\" width=\"667\" height=\"861\" alt=\"\" class=\"\" style=\"--aspect-ratio-image: 0.77; \"\/><\/p>\n<p>\n        Helene B\u00f8ksle med datteren. Foto: Andreas Fadum \/ Se og H\u00f8r\n    <\/p>\n<p>        <img loading=\"lazy\" decoding=\"async\" src=\"https:\/\/www.europesays.com\/no\/wp-content\/uploads\/2026\/09\/85102868.webp\" width=\"667\" height=\"801\" alt=\"\" class=\"\" style=\"--aspect-ratio-image: 0.83; \"\/><\/p>\n<p>\n        Robert Stoltenberg og Christian Gr\u00f8nvold. Foto: Andreas Fadum \/ Se og H\u00f8r\n    <\/p>\n<p>        <img loading=\"lazy\" decoding=\"async\" src=\"https:\/\/www.europesays.com\/no\/wp-content\/uploads\/2026\/09\/85102853.webp\" width=\"667\" height=\"894\" alt=\"\" class=\"\" style=\"--aspect-ratio-image: 0.75; \"\/><\/p>\n<p>\n        Trine Skei Grande med grandnev\u00f8 Ferdinan. Foto: Andreas Fadum \/ Se og H\u00f8r\n    <\/p>\n<p>        <img loading=\"lazy\" decoding=\"async\" src=\"https:\/\/www.europesays.com\/no\/wp-content\/uploads\/2026\/09\/85102859.webp\" width=\"667\" height=\"894\" alt=\"\" class=\"\" style=\"--aspect-ratio-image: 0.75; \"\/><\/p>\n<p>\n        Tshawe Baqwa med datter Malina og niese Aela. Foto: Andreas Fadum \/ Se og H\u00f8r\n    <\/p>\n<p>        <img loading=\"lazy\" decoding=\"async\" src=\"https:\/\/www.europesays.com\/no\/wp-content\/uploads\/2026\/09\/85102849.webp\" width=\"667\" height=\"854\" alt=\"\" class=\"\" style=\"--aspect-ratio-image: 0.78; \"\/><\/p>\n<p>\n        Anders Baasmo Christiansen og Marie Blokhus. Foto: Andreas Fadum \/ Se og H\u00f8r\n    <\/p>\n<p>        <img loading=\"lazy\" decoding=\"async\" src=\"https:\/\/www.europesays.com\/no\/wp-content\/uploads\/2026\/09\/85102835.webp\" width=\"667\" height=\"814\" alt=\"\" class=\"\" style=\"--aspect-ratio-image: 0.82; \"\/><\/p>\n<p>\n        Christine Koht. Foto: Andreas Fadum \/ Se og H\u00f8r\n    <\/p>\n<p>        <img loading=\"lazy\" decoding=\"async\" src=\"https:\/\/www.europesays.com\/no\/wp-content\/uploads\/2026\/09\/85102831.webp\" width=\"667\" height=\"834\" alt=\"\" class=\"\" style=\"--aspect-ratio-image: 0.80; \"\/><\/p>\n<p>\n        Henriette Lien. Foto: Andreas Fadum \/ Se og H\u00f8r\n    <\/p>\n<p>        <img loading=\"lazy\" decoding=\"async\" src=\"https:\/\/www.europesays.com\/no\/wp-content\/uploads\/2026\/09\/85102827.webp\" width=\"667\" height=\"808\" alt=\"\" class=\"\" style=\"--aspect-ratio-image: 0.83; \"\/><\/p>\n<p>\n        Alexandra Rotan og Markus Maaren Bast\u00f8e. Foto: Andreas Fadum \/ Se og H\u00f8r\n    <\/p>\n<p>        <img loading=\"lazy\" decoding=\"async\" src=\"https:\/\/www.europesays.com\/no\/wp-content\/uploads\/2026\/09\/85102802.webp\" width=\"667\" height=\"814\" alt=\"\" class=\"\" style=\"--aspect-ratio-image: 0.82; \"\/><\/p>\n<p>\n        Linni Meister. Foto: Andreas Fadum \/ Se og H\u00f8r\n    <\/p>\n<p>        <img loading=\"lazy\" decoding=\"async\" src=\"https:\/\/www.europesays.com\/no\/wp-content\/uploads\/2026\/09\/85102793.webp\" width=\"667\" height=\"854\" alt=\"\" class=\"\" style=\"--aspect-ratio-image: 0.78; \"\/><\/p>\n<p>\n        Thorbj\u00f8rn Harr og Tai Victoria Grung. Foto: Andreas Fadum \/ Se og H\u00f8r\n    <\/p>\n<p>        <img loading=\"lazy\" decoding=\"async\" src=\"https:\/\/www.europesays.com\/no\/wp-content\/uploads\/2026\/09\/85102781.webp\" width=\"667\" height=\"781\" alt=\"\" class=\"\" style=\"--aspect-ratio-image: 0.85; \"\/><\/p>\n<p>\n        Alexander Rybak og Ebba Lejonclou. Foto: Andreas Fadum \/ Se og H\u00f8r\n    <\/p>\n<p>        <img loading=\"lazy\" decoding=\"async\" src=\"https:\/\/www.europesays.com\/no\/wp-content\/uploads\/2026\/09\/85102680.webp\" width=\"667\" height=\"828\" alt=\"\" class=\"\" style=\"--aspect-ratio-image: 0.81; \"\/><\/p>\n<p>\n        Inger Lise Rypdal. Foto: Andreas Fadum \/ Se og H\u00f8r\n    <\/p>\n<p>        <img loading=\"lazy\" decoding=\"async\" src=\"https:\/\/www.europesays.com\/no\/wp-content\/uploads\/2026\/09\/85102575.webp\" width=\"667\" height=\"841\" alt=\"\" class=\"\" style=\"--aspect-ratio-image: 0.79; \"\/><\/p>\n<p>\n        Nadya Khamitskaya og Mads Andersen. Foto: Andreas Fadum \/ Se og H\u00f8r\n    <\/p>\n<p>        <img loading=\"lazy\" decoding=\"async\" src=\"https:\/\/www.europesays.com\/no\/wp-content\/uploads\/2026\/09\/1788375032_175_85102550.webp\" width=\"667\" height=\"808\" alt=\"\" class=\"\" style=\"--aspect-ratio-image: 0.83; \"\/><\/p>\n<p>\n        Espen Br\u00e5ten Kristoffersen og Sindre Fl\u00f8istad. Foto: Andreas Fadum \/ Se og H\u00f8r\n    <\/p>\n<p>        <img loading=\"lazy\" decoding=\"async\" src=\"https:\/\/www.europesays.com\/no\/wp-content\/uploads\/2026\/09\/85102758.webp\" width=\"667\" height=\"874\" alt=\"\" class=\"\" style=\"--aspect-ratio-image: 0.76; \"\/><\/p>\n<p>\n        Tor Arne Ranghus og Lilli Bendriss. Foto: Andreas Fadum \/ Se og H\u00f8r\n    <\/p>\n<p>        <img loading=\"lazy\" decoding=\"async\" src=\"https:\/\/www.europesays.com\/no\/wp-content\/uploads\/2026\/09\/85102722.webp\" width=\"667\" height=\"921\" alt=\"\" class=\"\" style=\"--aspect-ratio-image: 0.72; \"\/><\/p>\n<p>\n        Jakob Sch\u00f8yen Andersen og Caroline Navestad. Foto: Andreas Fadum \/ Se og H\u00f8r\n    <\/p>\n","protected":false},"excerpt":{"rendered":"\u00abCHICAGO\u00bb:\u00a0 Onsdag kveld er det duket for premieren av musikalen\u00a0\u00abCHICAGO\u00bb. GLEDER SEG: Wenche Myhre sammen med Anders Eljas&hellip;\n","protected":false},"author":2,"featured_media":341774,"comment_status":"","ping_status":"","sticky":false,"template":"","format":"standard","meta":{"footnotes":"","_share_on_mastodon":"0"},"categories":[58],"tags":[3091,71,479,30,28,29,2915,72],"class_list":["post-341773","post","type-post","status-publish","format-standard","has-post-thumbnail","category-underholdning","tag-chicago","tag-entertainment","tag-kjendis","tag-no","tag-norge","tag-norway","tag-premiere","tag-underholdning"],"share_on_mastodon":{"url":"https:\/\/pubeurope.com\/@no\/117202953163516722","error":""},"_links":{"self":[{"href":"https:\/\/www.europesays.com\/no\/wp-json\/wp\/v2\/posts\/341773","targetHints":{"allow":["GET"]}}],"collection":[{"href":"https:\/\/www.europesays.com\/no\/wp-json\/wp\/v2\/posts"}],"about":[{"href":"https:\/\/www.europesays.com\/no\/wp-json\/wp\/v2\/types\/post"}],"author":[{"embeddable":true,"href":"https:\/\/www.europesays.com\/no\/wp-json\/wp\/v2\/users\/2"}],"replies":[{"embeddable":true,"href":"https:\/\/www.europesays.com\/no\/wp-json\/wp\/v2\/comments?post=341773"}],"version-history":[{"count":0,"href":"https:\/\/www.europesays.com\/no\/wp-json\/wp\/v2\/posts\/341773\/revisions"}],"wp:featuredmedia":[{"embeddable":true,"href":"https:\/\/www.europesays.com\/no\/wp-json\/wp\/v2\/media\/341774"}],"wp:attachment":[{"href":"https:\/\/www.europesays.com\/no\/wp-json\/wp\/v2\/media?parent=341773"}],"wp:term":[{"taxonomy":"category","embeddable":true,"href":"https:\/\/www.europesays.com\/no\/wp-json\/wp\/v2\/categories?post=341773"},{"taxonomy":"post_tag","embeddable":true,"href":"https:\/\/www.europesays.com\/no\/wp-json\/wp\/v2\/tags?post=341773"}],"curies":[{"name":"wp","href":"https:\/\/api.w.org\/{rel}","templated":true}]}}