{"id":341787,"date":"2026-09-02T19:04:14","date_gmt":"2026-09-02T19:04:14","guid":{"rendered":"https:\/\/www.europesays.com\/no\/341787\/"},"modified":"2026-09-02T19:04:14","modified_gmt":"2026-09-02T19:04:14","slug":"storfilmen-pressure-far-norsk-kritikk","status":"publish","type":"post","link":"https:\/\/www.europesays.com\/no\/341787\/","title":{"rendered":"Storfilmen \u00abPressure\u00bb f\u00e5r norsk kritikk:"},"content":{"rendered":"<p class=\"kicker \" style=\"\">Storfilmen \u00abPressure\u00bb:<\/p>\n<p class=\"subtitle \" style=\"\">Norge er utelatt fra krigshistorien i ny Hollywood-storfilm. &#8211; Jeg er litt skuffet, sier\u00a0statsmeteorolog John Smits.<\/p>\n<p>\n    KRITISERES: Skuespilleren Andrew Scott spiller den britiske meteorologen James Stagg i \u00abPressure\u00bb. N\u00e5 reagerer flere p\u00e5 at norske Sverre Petterssen ikke er med i filmen. Foto: Focus Features\n  <\/p>\n<p> Hollywood-storfilmen \u00abPressure\u00bb ruller for tida over norske kinolerreter. <\/p>\n<p>Filmen skildrer de dramatiske 72 timene som ledet fram til D-dagen\u00a0i 1944, da meteorologenes v\u00e6rprognoser var avgj\u00f8rende for skjebnen til hele invasjonen.<\/p>\n<p>Flere norske fagpersoner reagerer n\u00e5 p\u00e5 at Norge er skrevet ut av krigshistorien &#8211; og at s\u00e6rlig en n\u00f8kkelperson mangler:<\/p>\n<p class=\"font-weight-bold m-font-weight-bold\" data-lab-font_weight=\"font-weight-bold\">Nordmannen Sverre Petterssen er nemlig utelatt.\u00a0<\/p>\n<p class=\"font-weight-normal m-font-weight-normal\" data-lab-font_weight=\"font-weight-normal\">&#8211;\u00a0Jeg synes det er veldig fint at det lages en film om historiens viktigste v\u00e6rvarsel. Men det er trist med alt de bommer p\u00e5 &#8211; s\u00e6rlig sett med norske \u00f8yne. Mannen som faktisk fikk D-dagen utsatt, er en nordmann, sier historiker Magnus Vollset.<\/p>\n<p>        <img loading=\"lazy\" decoding=\"async\" itemprop=\"image\" src=\"https:\/\/www.europesays.com\/no\/wp-content\/uploads\/2026\/09\/85101661.webp\" width=\"180\" height=\"180\" alt=\"\"\/><\/p>\n<p>                    Magnus Vollset<br \/>\n                        Magnus<br \/>\n                        Vollset<\/p>\n<p>F\u00f8rsteamanuensis ved UiB og forfatter av boka \u00abVinden dreier\u00bb om meteorologiens historie i Norge<\/p>\n<p>Petterssen var nemlig meteorologen som ble avgj\u00f8rende da de allierte skulle avgj\u00f8re n\u00e5r D-dagen kunne gjennomf\u00f8res, if\u00f8lge eksperter.<\/p>\n<p>&#8211; Det var Petterssens v\u00e6rvarsel som s\u00e5 luken mellom de to stormsentrene og som sa at vi hadde en mulighet den 6. juni, sier Vollset.<\/p>\n<p>Det var <a href=\"https:\/\/tv.nrk.no\/serie\/nyhetsmorgen-tv\/sesong\/202609\/episode\/NNFA05090226\" rel=\"nofollow noopener\" target=\"_blank\">NRK<\/a> som f\u00f8rst omtalte saken.<\/p>\n<p>        <img loading=\"lazy\" decoding=\"async\" src=\"https:\/\/www.europesays.com\/no\/wp-content\/uploads\/2026\/09\/85099900.webp\" width=\"667\" height=\"688\" alt=\"\" class=\"\" style=\"--aspect-ratio-image: 0.97; \"\/><\/p>\n<p>\n        SENTRAL: Den norske meteorologen Sverre Petterssen (1898-1974) spilte en sentral rolle i v\u00e6rvurderingene f\u00f8r D-dagen. Han d\u00f8de i London 31. desember 1974.\n    <\/p>\n<p>&#8211; Litt skuffet\t<\/p>\n<p>Ogs\u00e5 John Smits, statsmeteorolog og v\u00e6rmelder p\u00e5 NRK over 20 \u00e5r, mener Petterssen burde hatt en plass i filmen.<\/p>\n<p>&#8211; Jeg er litt skuffet over at han ikke er med. Det er ikke noen stor sak for oss, vi lever selvsagt med det. Folk m\u00e5 f\u00e5 lage filmer og skrive som de vil. Men vi synes at han burde v\u00e6rt med, og jeg personlig tror at filmen hadde v\u00e6rt enda bedre hvis han hadde v\u00e6rt med, sier han.<\/p>\n<p>        <img loading=\"lazy\" decoding=\"async\" src=\"https:\/\/www.europesays.com\/no\/wp-content\/uploads\/2026\/09\/85101236.webp\" width=\"667\" height=\"487\" alt=\"\" class=\"\" style=\"--aspect-ratio-image: 1.37; \"\/><\/p>\n<p>\n        &#8211; KRIGSHELT: John Smits, statsmeteorolog og kjent NRK-v\u00e6rmelder, er skuffet over at Sverre Petterssen er utelatt fra \u00abPressure\u00bb. Foto: Tore Meek \/ NTB\n    <\/p>\n<p class=\"font-weight-bold m-font-weight-bold\" data-lab-font_weight=\"font-weight-bold\">Smits regner ham som en av Norges fremste krigshelter.<\/p>\n<p>&#8211; Husk at krigshelter ikke alltid er de med gev\u00e6r og granater, avgj\u00f8rende innsats kan utf\u00f8res p\u00e5 mange m\u00e5ter. Det er liten tvil om at Petterssens innsats forut D-dagen sparte tusenvis av menneskeliv og materiell og kan ha bidratt til \u00e5 forandre verdenshistorien, sier han.<\/p>\n<p>    Dette er D-dagen:<\/p>\n<ul>\n<li>D-dagen er betegnelsen p\u00e5 de alliertes landgang i Normandie i Frankrike 6. juni 1944.<\/li>\n<li>Operasjonen markerte starten p\u00e5 frigj\u00f8ringen av Vest-Europa fra tysk okkupasjon under andre verdenskrig.<\/li>\n<li>Om lag 156 000 allierte soldater gikk i land p\u00e5 fem strender langs den franske kysten.<\/li>\n<li>V\u00e6ret var avgj\u00f8rende for om invasjonen kunne gjennomf\u00f8res. D\u00e5rlige forhold kunne ha satt hele operasjonen i fare.<\/li>\n<li>Den norske meteorologen Sverre Petterssen var en del av v\u00e6rteamet som ga r\u00e5d til den allierte ledelsen om n\u00e5r invasjonen burde finne sted. Flere historikere mener hans analyser bidro til \u00e5 identifisere v\u00e6rvinduet som gjorde landgangen mulig.<\/li>\n<\/ul>\n<p>      Vis mer<br \/>\n      Vis mindre<\/p>\n<p>&#8211; Hadde en sv\u00e6rt vanskelig jobb\t<\/p>\n<p> Filmen er opprinnelig basert p\u00e5 et skuespill med samme navn fra 2014. Det var allerede i denne versjonen at Petterssen ble skrevet ut av historien, if\u00f8lge historiker Vollset.<\/p>\n<p>I filmens fortelling st\u00e5r den britiske meteorologen James Stagg i sentrum. I virkeligheten hadde han rollen som koordinator mellom tre uavhengige v\u00e6rgrupper, der Petterssen ledet \u00e9n av dem.<\/p>\n<p> De tre gruppene utarbeidet hver sine v\u00e6rvarsler, som Stagg samlet og presenterte for den allierte overkommandoen.<\/p>\n<p class=\"font-weight-normal m-font-weight-normal\" data-lab-font_weight=\"font-weight-normal\">&#8211;\u00a0Stagg var ikke en meteorolog med s\u00e6rlig varslingserfaring og han hadde heller ikke noe eget meteorologisk kontor \u00e5 st\u00f8tte seg p\u00e5. S\u00e5 han hadde nok en sv\u00e6rt vanskelig jobb med \u00e5 vurdere og forene tre til dels forskjellige v\u00e6rvarsler, sier meteorolog Smits.<\/p>\n<p>        <img loading=\"lazy\" decoding=\"async\" src=\"https:\/\/www.europesays.com\/no\/wp-content\/uploads\/2026\/09\/85101439.webp\" width=\"667\" height=\"467\" alt=\"\" class=\"\" style=\"--aspect-ratio-image: 1.43; \"\/><\/p>\n<p>\n        HOVEDROLLE: Den britiske meteorologen James Stagg, spilt av Andrew Scott, st\u00e5r sentralt i den nye Hollywood-filmen \u00abPressure\u00bb. Foto: Focus Features\n    <\/p>\n<p>De tre gruppene var sv\u00e6rt uenig om v\u00e6rvarselet for 5. juni 1944.<\/p>\n<p>&#8211; Den amerikanske varslingsgruppen mente det skulle bli rolige forhold. Gruppen til Petterssen og Douglas og den tredje varslingsgruppen holdt p\u00e5 at v\u00e6ret ble for\u00a0d\u00e5rlig.\u00a0Det var godt at Stagg h\u00f8rte mest p\u00e5 dem og mindre p\u00e5 amerikanerne den dagen, sier Smits.<\/p>\n<p>Han fortsetter:<\/p>\n<p>&#8211; Petterssen var den fremste fagmannen og den mest erfarne meteorologen i disse varslingsgruppene, muligens sidestilt med Douglas p\u00e5 noen omr\u00e5der. Men slik jeg oppfatter det var Pettersen atskillig mer talef\u00f8r enn Douglas, og mer p\u00e5g\u00e5ende, s\u00e5nn som jeg klarer \u00e5 lese kildene. Han var nok ikke en mann som ga seg.<\/p>\n<p>        <img loading=\"lazy\" decoding=\"async\" src=\"https:\/\/www.europesays.com\/no\/wp-content\/uploads\/2026\/09\/85100990.webp\" width=\"667\" height=\"454\" alt=\"\" class=\"\" style=\"--aspect-ratio-image: 1.47; \"\/><\/p>\n<p>\n        STJERNESPEKKET: Skuespillerne Damian Lewis, Andrew Scott og Brendan Fraser p\u00e5 den europeiske premieren til \u00abPressure\u00bb i London 1. september 2026. Foto: Lounisphotography \/ SplashNews.com\n    <\/p>\n<p>&#8211; Det er merkelig\t<\/p>\n<p>Historiker Vollset mener det er feil \u00e5 utelate en s\u00e5 viktig person som Petterssen.<\/p>\n<p>&#8211; N\u00e5r de skal lage en h\u00f8ybudsjettsfilm om dette, tenker jeg at valget om \u00e5 kutte bort Petterssen er vanskelig \u00e5 forsvare, sier han og legger til:<\/p>\n<p>&#8211; Stagg hadde en administrativ rolle og tegnet ikke v\u00e6rkart. Hans jobb var \u00e5 koordinere de ulike v\u00e6rvarselsentralene.<\/p>\n<p data-lab-italic=\"italic\" class=\"italic m-italic\">&#8211; Synes du det blir historieforfalskning?<\/p>\n<p>&#8211; Det er merkelig at Stagg blir presentert som en v\u00e6rkartsekspert. Det gj\u00f8res noen dramaturgiske grep som gir mening i et skuespill p\u00e5 en scene, mens det etter min mening ikke gir mening i en h\u00f8ybudsjettskrigsfilm. Petterssen mener jeg er en s\u00e5 viktig person at han med respekt burde f\u00e5tt en rolle i filmen, sier Vollset.<\/p>\n","protected":false},"excerpt":{"rendered":"Storfilmen \u00abPressure\u00bb: Norge er utelatt fra krigshistorien i ny Hollywood-storfilm. &#8211; Jeg er litt skuffet, sier\u00a0statsmeteorolog John Smits.&hellip;\n","protected":false},"author":2,"featured_media":341788,"comment_status":"","ping_status":"","sticky":false,"template":"","format":"standard","meta":{"footnotes":"","_share_on_mastodon":"0"},"categories":[12],"tags":[20,21,24,25,15,80,2539,26262,22,23,3656,13,30,28,29,14,16,26,27,42,43,44,45],"class_list":["post-341787","post","type-post","status-publish","format-standard","has-post-thumbnail","category-verden","tag-breaking-news","tag-breakingnews","tag-featured-news","tag-featurednews","tag-headlines","tag-hollywood","tag-innenriks","tag-john-smits","tag-latest-news","tag-latestnews","tag-meteorologi","tag-news","tag-no","tag-norge","tag-norway","tag-nyheter","tag-overskrifter","tag-top-stories","tag-topstories","tag-verden","tag-world","tag-world-news","tag-worldnews"],"share_on_mastodon":{"url":"https:\/\/pubeurope.com\/@no\/117203007702169928","error":""},"_links":{"self":[{"href":"https:\/\/www.europesays.com\/no\/wp-json\/wp\/v2\/posts\/341787","targetHints":{"allow":["GET"]}}],"collection":[{"href":"https:\/\/www.europesays.com\/no\/wp-json\/wp\/v2\/posts"}],"about":[{"href":"https:\/\/www.europesays.com\/no\/wp-json\/wp\/v2\/types\/post"}],"author":[{"embeddable":true,"href":"https:\/\/www.europesays.com\/no\/wp-json\/wp\/v2\/users\/2"}],"replies":[{"embeddable":true,"href":"https:\/\/www.europesays.com\/no\/wp-json\/wp\/v2\/comments?post=341787"}],"version-history":[{"count":0,"href":"https:\/\/www.europesays.com\/no\/wp-json\/wp\/v2\/posts\/341787\/revisions"}],"wp:featuredmedia":[{"embeddable":true,"href":"https:\/\/www.europesays.com\/no\/wp-json\/wp\/v2\/media\/341788"}],"wp:attachment":[{"href":"https:\/\/www.europesays.com\/no\/wp-json\/wp\/v2\/media?parent=341787"}],"wp:term":[{"taxonomy":"category","embeddable":true,"href":"https:\/\/www.europesays.com\/no\/wp-json\/wp\/v2\/categories?post=341787"},{"taxonomy":"post_tag","embeddable":true,"href":"https:\/\/www.europesays.com\/no\/wp-json\/wp\/v2\/tags?post=341787"}],"curies":[{"name":"wp","href":"https:\/\/api.w.org\/{rel}","templated":true}]}}