{"id":341793,"date":"2026-09-02T19:07:14","date_gmt":"2026-09-02T19:07:14","guid":{"rendered":"https:\/\/www.europesays.com\/no\/341793\/"},"modified":"2026-09-02T19:07:14","modified_gmt":"2026-09-02T19:07:14","slug":"nye-problemer-for-kolstad-vi-er-naive","status":"publish","type":"post","link":"https:\/\/www.europesays.com\/no\/341793\/","title":{"rendered":"Nye problemer for Kolstad: \u2013 Vi er naive"},"content":{"rendered":"\n<p class=\"_lead_145nj_2 _lead_6fko5_53 layout-component text-serif-m layout-normal text-serif-l layout-component layout-wide layout-padded _wide_17hqh_1 layout-padded\">Christian Berges nye lag starter sesongen i minus.<\/p>\n<p><img alt=\"NULL POENG: Christian Berge og Kolstad st\u00e5r uten poeng etter tap og poengtrekk. Foto: Fredrik Varfjell \/ NTB\" class=\"_image_jw3bv_65 layout-component layout-wide\" data-fullscreen- data-track-element-type=\"Article image fullscreen\" data-track-name=\"ImageFullscreen\" fetchpriority=\"high\" decoding=\"sync\" loading=\"eager\" height=\"3576\" itemprop=\"image\"  src=\"https:\/\/www.europesays.com\/no\/wp-content\/uploads\/2026\/09\/2ae39e1c-ea69-32cf-b163-4e99b04267d9.jpeg\"  style=\"object-position:0% 0%\" width=\"5360\"\/>NULL POENG: Christian Berge og Kolstad st\u00e5r uten poeng etter tap og poengtrekk. Foto: Fredrik Varfjell \/ NTB<\/p>\n<ul aria-hidden=\"true\" class=\"_images_ntbth_112\">\n<li><a class=\"_link_ntbth_117\" href=\"https:\/\/www.vg.no\/forfatter\/jostein-overvik\" style=\"z-index:1\" title=\"Jostein Overvik\" rel=\"nofollow noopener\" target=\"_blank\"><img alt=\"Bilde av Jostein Overvik\" class=\"_image_ntbth_93\" fetchpriority=\"low\" loading=\"lazy\" decoding=\"async\" itemprop=\"image\"  src=\"https:\/\/www.europesays.com\/no\/wp-content\/uploads\/2026\/09\/1788376034_415_2c83b037-9b1d-4000-8af3-135f5fb7897e.jpeg\"  width=\"480\"\/><\/a><\/li>\n<\/ul>\n<p> Oppdatert onsdag 2. september kl. 20:28    <\/p>\n<ul class=\"_list_145nj_3 _list_64s2r_85 _unordered_145nj_106 text-sans-m\">\n<li class=\"_item_145nj_30\">Kolstad gikk inn i sesongen med to poeng i minus for brudd p\u00e5 lisensreglene.<\/li>\n<li class=\"_item_145nj_30\">F\u00f8rste hjemmekamp endte med klart tap mot Runar.<\/li>\n<li class=\"_item_145nj_30\">Trener Christian Berge sier laget har mye \u00e5 jobbe med og mangler flere profiler fra forrige sesong.<\/li>\n<li class=\"_item_145nj_30\">Kolstad st\u00e5r uten poeng etter to serierunder.<\/li>\n<\/ul>\n<p>Vis mer <\/p>\n<p class=\"_paragraph_145nj_4 _paragraph_6fko5_10 layout-component text-serif-m layout-normal text-serif-m layout-padded\">Kolstad ble allerede f\u00f8r sesongen trukket to poeng for brudd p\u00e5 lisensreglene. <a href=\"https:\/\/www.vg.no\/sport\/i\/XMM5A7\/kolstad-kan-bli-degradert\" data-track-element-type=\"Link\" data-track-id=\"link:XMM5A7\" class=\"_link_145nj_39\" rel=\"nofollow noopener\" target=\"_blank\">Klubben fryktet degradering til 1. divisjon grunnet ni million i negativ egenkapital.<\/a> Kolstad gikk 2,9 millioner kroner i minus p\u00e5 fjor\u00e5rets regnskap.<\/p>\n<p class=\"_paragraph_145nj_4 _paragraph_6fko5_10 layout-component text-serif-m layout-normal text-serif-m layout-padded\">Den f\u00f8rste hjemmekampen denne sesongen endte med klart tap for Runar, som sist sesong slo Kolstad i cupfinalen.<\/p>\n<p class=\"_paragraph_145nj_4 _paragraph_6fko5_10 layout-component text-serif-m layout-normal text-serif-m layout-padded\">\u2013 Vi har mye \u00e5 jobbe med, erkjenner trener Christian Berge. Han mangler mange av profilene <a href=\"https:\/\/www.vg.no\/sport\/i\/xrOwRX\/kolstad-klar-for-champions-league-banket-drammen-i-sluttspillfinalen\" data-track-element-type=\"Link\" data-track-id=\"link:xrOwRX\" class=\"_link_145nj_39\" rel=\"nofollow noopener\" target=\"_blank\">som slo Drammen i sluttspillfinalen for tre m\u00e5neder siden<\/a>.<\/p>\n<p class=\"_paragraph_145nj_4 _paragraph_6fko5_10 layout-component text-serif-m layout-normal text-serif-m layout-padded\">\u2013 Det er over hode ingen krise, men dette kommer til \u00e5 ta litt tid, sier Berge til TV 2.<\/p>\n<p class=\"_paragraph_145nj_4 _paragraph_6fko5_10 layout-component text-serif-m layout-normal text-serif-m layout-padded\">\u2013 Vi tapte fullt fortjent, mener G\u00f8ran Johannessen og fortsetter:<\/p>\n<p class=\"_paragraph_145nj_4 _paragraph_6fko5_10 layout-component text-serif-m layout-normal text-serif-m layout-padded\">\u2013 Vi er naive. Vi skyter for tidlig i angrepet og gj\u00f8r for enkle tekniske feil.<\/p>\n<p class=\"_paragraph_145nj_4 _paragraph_6fko5_10 layout-component text-serif-m layout-normal text-serif-m layout-padded\">Nykommer Bergs\u00f8y ble sl\u00e5tt i serie\u00e5pningen sist helg, men hjemme i Kolstad Arena fungerte det ikke mot et av topplagene.<\/p>\n<p class=\"_paragraph_145nj_4 _paragraph_6fko5_10 layout-component text-serif-m layout-normal text-serif-m layout-padded\">Dermed st\u00e5r den regjerende mesteren uten poeng etter de to f\u00f8rste serierundene.<\/p>\n<p><img decoding=\"async\" alt=\"Bilde av Christoffer Rambo\" class=\"_image_148z4_25\" height=\"64\" itemprop=\"image\" loading=\"lazy\"  src=\"https:\/\/www.europesays.com\/no\/wp-content\/uploads\/2026\/09\/202b9a98-85d2-3f22-80c4-8cce3620aec7.jpeg\"  width=\"40\"\/><strong class=\"_name_148z4_34 title-serif-xs\">Christoffer Rambo<\/strong><\/p>\n<p class=\"_paragraph_145nj_4 text-sans-m _description_148z4_39\">Toppscorer i Runar<\/p>\n<p class=\"_paragraph_145nj_4 _paragraph_6fko5_10 layout-component text-serif-m layout-normal text-serif-m layout-padded\">\u2013 Det er viktig \u00e5 holde Kolstad p\u00e5 null poeng, sier Christoffer Rambo (36). Veteranen scoret ni m\u00e5l p\u00e5 Kolstad-keeperne. Hjemmelagets m\u00e5lvakter reddet ikke et skudd i 2. omgang.<\/p>\n<p class=\"_paragraph_145nj_4 _paragraph_6fko5_10 layout-component text-serif-m layout-normal text-serif-m layout-padded\">Den svenske landslagskeeperen Andreas Palicka forsvant allerede midt i siste sesong sammen med landslagets Simen Lyse. <\/p>\n<p class=\"_paragraph_145nj_4 _paragraph_6fko5_10 layout-component text-serif-m layout-normal text-serif-m layout-padded\">Etter sesongen dro ogs\u00e5 Sigvaldi Gudjonsson, Martin Hovde, Magnus S\u00f8nden\u00e5 og Benedikt Oskarsson fra Trondheim.<\/p>\n<p class=\"_paragraph_145nj_4 _paragraph_6fko5_10 layout-component text-serif-m layout-normal text-serif-m layout-padded\">Det er n\u00e5 seks \u00e5r siden Kolstad startet satsingen der ambisjonen var \u00e5 hevde seg blant de beste klubbene i Champions League. Veldig mange av stjernene har forsvunnet p\u00e5 veien.<\/p>\n<p class=\"_paragraph_145nj_4 _paragraph_6fko5_10 layout-component text-serif-m layout-normal text-serif-m layout-padded\">Sist sesong endte Kolstad sist i gruppespillet med fire poeng p\u00e5 14 kamper.<\/p>\n<p class=\"_paragraph_145nj_4 _paragraph_6fko5_10 layout-component text-serif-m layout-normal text-serif-m layout-padded\">Denne sesongen starter mot Bundesliga-mester Magdeburg p\u00e5 bortebane 9. september.<\/p>\n","protected":false},"excerpt":{"rendered":"Christian Berges nye lag starter sesongen i minus. NULL POENG: Christian Berge og Kolstad st\u00e5r uten poeng etter&hellip;\n","protected":false},"author":2,"featured_media":341794,"comment_status":"","ping_status":"","sticky":false,"template":"","format":"standard","meta":{"footnotes":"","_share_on_mastodon":"0"},"categories":[59],"tags":[105,4195,30,28,29,83,82],"class_list":["post-341793","post","type-post","status-publish","format-standard","has-post-thumbnail","category-sport","tag-handball","tag-kolstad-handball","tag-no","tag-norge","tag-norway","tag-sport","tag-sports"],"share_on_mastodon":{"url":"https:\/\/pubeurope.com\/@no\/117203019360482851","error":""},"_links":{"self":[{"href":"https:\/\/www.europesays.com\/no\/wp-json\/wp\/v2\/posts\/341793","targetHints":{"allow":["GET"]}}],"collection":[{"href":"https:\/\/www.europesays.com\/no\/wp-json\/wp\/v2\/posts"}],"about":[{"href":"https:\/\/www.europesays.com\/no\/wp-json\/wp\/v2\/types\/post"}],"author":[{"embeddable":true,"href":"https:\/\/www.europesays.com\/no\/wp-json\/wp\/v2\/users\/2"}],"replies":[{"embeddable":true,"href":"https:\/\/www.europesays.com\/no\/wp-json\/wp\/v2\/comments?post=341793"}],"version-history":[{"count":0,"href":"https:\/\/www.europesays.com\/no\/wp-json\/wp\/v2\/posts\/341793\/revisions"}],"wp:featuredmedia":[{"embeddable":true,"href":"https:\/\/www.europesays.com\/no\/wp-json\/wp\/v2\/media\/341794"}],"wp:attachment":[{"href":"https:\/\/www.europesays.com\/no\/wp-json\/wp\/v2\/media?parent=341793"}],"wp:term":[{"taxonomy":"category","embeddable":true,"href":"https:\/\/www.europesays.com\/no\/wp-json\/wp\/v2\/categories?post=341793"},{"taxonomy":"post_tag","embeddable":true,"href":"https:\/\/www.europesays.com\/no\/wp-json\/wp\/v2\/tags?post=341793"}],"curies":[{"name":"wp","href":"https:\/\/api.w.org\/{rel}","templated":true}]}}