{"id":341795,"date":"2026-09-02T19:08:15","date_gmt":"2026-09-02T19:08:15","guid":{"rendered":"https:\/\/www.europesays.com\/no\/341795\/"},"modified":"2026-09-02T19:08:15","modified_gmt":"2026-09-02T19:08:15","slug":"trump-om-prins-harry-og-meghan-jeg-var-ingen-fan","status":"publish","type":"post","link":"https:\/\/www.europesays.com\/no\/341795\/","title":{"rendered":"Trump om prins Harry og Meghan: \u2013 Jeg var ingen fan"},"content":{"rendered":"\n<p class=\"_lead_145nj_2 _lead_6fko5_53 layout-component text-serif-m layout-normal text-serif-l layout-component layout-wide layout-padded _wide_17hqh_1 layout-padded\">USAs president forteller at han er glad for at de forlot landet. <\/p>\n<p><img alt=\"FLYTTET: Hertuginnen og hertugen av Sussex bor ikke lenger i USA. Foto: ANDREW KELLY \/ Reuters\" class=\"_image_jw3bv_65 layout-component layout-wide\" data-fullscreen- data-track-element-type=\"Article image fullscreen\" data-track-name=\"ImageFullscreen\" fetchpriority=\"high\" decoding=\"sync\" loading=\"eager\" height=\"2509\" itemprop=\"image\"  src=\"https:\/\/www.europesays.com\/no\/wp-content\/uploads\/2026\/09\/74390726-c50c-3671-9fac-a59e9c61c52c.jpeg\"  style=\"object-position:50.597768331562165% 45.296931048226384%\" width=\"3764\"\/>FLYTTET: Hertuginnen og hertugen av Sussex bor ikke lenger i USA. Foto: ANDREW KELLY \/ Reuters<\/p>\n<ul aria-hidden=\"true\" class=\"_images_ntbth_112\">\n<li><a class=\"_link_ntbth_117\" href=\"https:\/\/www.vg.no\/forfatter\/ida-brun\" style=\"z-index:1\" title=\"Ida Brun\" rel=\"nofollow noopener\" target=\"_blank\"><img alt=\"Bilde av Ida Brun\" class=\"_image_ntbth_93\" fetchpriority=\"low\" loading=\"lazy\" decoding=\"async\" itemprop=\"image\"  src=\"https:\/\/www.europesays.com\/no\/wp-content\/uploads\/2026\/09\/1788376092_359_78bc21fe-8bc7-43e9-80ad-fe809ccc8aac.jpeg\"  width=\"480\"\/><\/a><\/li>\n<\/ul>\n<p> Oppdatert onsdag 2. september kl. 20:54     <\/p>\n<p class=\"_paragraph_145nj_4 _paragraph_6fko5_10 layout-component text-serif-m layout-normal text-serif-m layout-padded\"><a href=\"https:\/\/www.vg.no\/tag\/donald-trump-2?utm_source=vg-article&amp;utm_medium=auto-tagger&amp;utm_campaign=d4P4MB\" class=\"_link_145nj_39\" rel=\"nofollow noopener\" target=\"_blank\">Donald Trump<\/a> sa onsdag at han er \u00abglad\u00bb for at prins Harry og familien hans har forlatt USA og flyttet tilbake til Storbritannia, melder Reuters. <\/p>\n<p class=\"_paragraph_145nj_4 _paragraph_6fko5_10 layout-component text-serif-m layout-normal text-serif-m layout-padded\">\u2013 Jeg er glad for det. Jeg var ingen fan, sa Trump i Det ovale kontor da han ble spurt om den nylige kunngj\u00f8ringen fra prins Harry og Meghan, hertugen og hertuginnen av Sussex, om at de planla \u00e5 forlate California etter seks \u00e5r.<\/p>\n<p class=\"_paragraph_145nj_4 _paragraph_6fko5_10 layout-component text-serif-m layout-normal text-serif-m layout-padded\">\u2013 Jeg synes de behandlet kongefamilien med stor respektl\u00f8shet. Det likte jeg ikke, sa Trump.<\/p>\n<p class=\"_paragraph_145nj_4 _paragraph_6fko5_10 layout-component text-serif-m layout-normal text-serif-m layout-padded\">\u2013 Hvis jeg var kongefamilien, ville jeg ikke ha tatt dem tilbake.<\/p>\n<p><img alt=\"USAs president forteller i Det ovale kontor at han ikke var fan av prins Harry og Meghan.  Foto: Evelyn Hockstein \/ Reuters \/ NTB\" class=\"_image_jw3bv_65 layout-component layout-normal\" data-fullscreen- data-track-element-type=\"Article image fullscreen\" data-track-name=\"ImageFullscreen\" decoding=\"async\" loading=\"lazy\" height=\"3335\" itemprop=\"image\"  src=\"https:\/\/www.europesays.com\/no\/wp-content\/uploads\/2026\/09\/816d2eb2-6b57-314c-a4e1-337a4288d5b9.jpeg\"  style=\"object-position:58.48% 42.4287856071964%\" width=\"5000\"\/>USAs president forteller i Det ovale kontor at han ikke var fan av prins Harry og Meghan.  Foto: Evelyn Hockstein \/ Reuters \/ NTB<\/p>\n<p class=\"_paragraph_145nj_4 _paragraph_6fko5_10 layout-component text-serif-m layout-normal text-serif-m layout-padded\"><a href=\"https:\/\/www.vg.no\/tag\/prins-harry?utm_source=vg-article&amp;utm_medium=auto-tagger&amp;utm_campaign=ArQeA5\" class=\"_link_145nj_39\" rel=\"nofollow noopener\" target=\"_blank\">Prins Harry<\/a>, Meghan og deres to barn, Archie og Lilibet, <a href=\"https:\/\/www.vg.no\/rampelys\/i\/ArQeA5\/prins-harry-og-meghan-flytter-til-storbritannia-i-dag\" data-track-element-type=\"Link\" data-track-id=\"link:ArQeA5\" class=\"_link_145nj_39\" rel=\"nofollow noopener\" target=\"_blank\">ankom Storbritannia i forrige uke<\/a>. <\/p>\n<p class=\"_paragraph_145nj_4 _paragraph_6fko5_10 layout-component text-serif-m layout-normal text-serif-m layout-padded\">Det antas at familien skal sl\u00e5 seg ned p\u00e5 en privat eiendom utenfor London, i Cotswold-omr\u00e5det. Barna er allerede meldt inn p\u00e5 skole, og skole\u00e5ret starter neste uke.<\/p>\n<p class=\"_paragraph_145nj_4 _paragraph_6fko5_10 layout-component text-serif-m layout-normal text-serif-m layout-padded\">Harry har gjentatte ganger uttrykt at han gjerne vil ha barna med til Storbritannia, men har sagt at han er bekymret for sikkerheten deres.<\/p>\n<p class=\"_paragraph_145nj_4 _paragraph_6fko5_10 layout-component text-serif-m layout-normal text-serif-m layout-padded\">Paret skal ikke tilbake til offisielle oppgaver som arbeidende medlemmer av kongefamilien. I stedet flytter de tilbake til hjemlandet som privatpersoner.<\/p>\n<p class=\"_paragraph_145nj_4 _paragraph_6fko5_10 layout-component text-serif-m layout-normal text-serif-m layout-padded\">Prins Harry og Meghan forlot Storbritannia og <a href=\"https:\/\/www.vg.no\/i\/4qK48a\" data-track-element-type=\"Link\" data-track-id=\"link:4qK48a\" class=\"_link_145nj_39\" rel=\"nofollow noopener\" target=\"_blank\">trakk seg tilbake fra sine kongelige plikter<\/a> tidlig i 2020, f\u00f8r de slo seg ned i California i mars samme \u00e5r.<\/p>\n<p class=\"_paragraph_145nj_4 _paragraph_6fko5_10 layout-component text-serif-m layout-normal text-serif-m layout-padded\">Kong Charles m\u00f8tte barnebarna sine for f\u00f8rste gang siden 2022, da familien bes\u00f8kte Storbritannia tidligere i sommer.<\/p>\n<p class=\"_paragraph_145nj_4 _paragraph_6fko5_10 layout-component text-serif-m layout-normal text-serif-m layout-padded\"><a href=\"https:\/\/www.vg.no\/i\/xrV66j\" data-track-element-type=\"Link\" data-track-id=\"link:xrV66j\" class=\"_link_145nj_39\" rel=\"nofollow noopener\" target=\"_blank\">Tidligere denne m\u00e5neden<\/a> ble det kjent at ekteparet skulle flytte tilbake til Storbritannia, men datoen var ikke fastsatt.<\/p>\n<p>       <img decoding=\"async\" alt=\"Tips oss illustrasjon\" src=\"https:\/\/www.europesays.com\/no\/wp-content\/uploads\/2026\/09\/1788376095_258_pssst-small.webp\"\/>    <\/p>\n<p class=\"title-serif-s\">Har du tips?<\/p>\n<p class=\"text-sans-m\">Send oss informasjon, bilder eller video.<\/p>\n<p>  <a href=\"https:\/\/www.vg.no\/tips-oss\" rel=\"nofollow noopener\" target=\"_blank\"> Tips oss <\/a>      <\/p>\n","protected":false},"excerpt":{"rendered":"USAs president forteller at han er glad for at de forlot landet. FLYTTET: Hertuginnen og hertugen av Sussex&hellip;\n","protected":false},"author":2,"featured_media":341796,"comment_status":"","ping_status":"","sticky":false,"template":"","format":"standard","meta":{"footnotes":"","_share_on_mastodon":"0"},"categories":[58],"tags":[31,55,71,30,28,29,75,865,72],"class_list":["post-341795","post","type-post","status-publish","format-standard","has-post-thumbnail","category-underholdning","tag-breaking","tag-donald-trump","tag-entertainment","tag-no","tag-norge","tag-norway","tag-prins-harry","tag-storbritannia","tag-underholdning"],"share_on_mastodon":{"url":"https:\/\/pubeurope.com\/@no\/117203023301971201","error":""},"_links":{"self":[{"href":"https:\/\/www.europesays.com\/no\/wp-json\/wp\/v2\/posts\/341795","targetHints":{"allow":["GET"]}}],"collection":[{"href":"https:\/\/www.europesays.com\/no\/wp-json\/wp\/v2\/posts"}],"about":[{"href":"https:\/\/www.europesays.com\/no\/wp-json\/wp\/v2\/types\/post"}],"author":[{"embeddable":true,"href":"https:\/\/www.europesays.com\/no\/wp-json\/wp\/v2\/users\/2"}],"replies":[{"embeddable":true,"href":"https:\/\/www.europesays.com\/no\/wp-json\/wp\/v2\/comments?post=341795"}],"version-history":[{"count":0,"href":"https:\/\/www.europesays.com\/no\/wp-json\/wp\/v2\/posts\/341795\/revisions"}],"wp:featuredmedia":[{"embeddable":true,"href":"https:\/\/www.europesays.com\/no\/wp-json\/wp\/v2\/media\/341796"}],"wp:attachment":[{"href":"https:\/\/www.europesays.com\/no\/wp-json\/wp\/v2\/media?parent=341795"}],"wp:term":[{"taxonomy":"category","embeddable":true,"href":"https:\/\/www.europesays.com\/no\/wp-json\/wp\/v2\/categories?post=341795"},{"taxonomy":"post_tag","embeddable":true,"href":"https:\/\/www.europesays.com\/no\/wp-json\/wp\/v2\/tags?post=341795"}],"curies":[{"name":"wp","href":"https:\/\/api.w.org\/{rel}","templated":true}]}}