{"id":341813,"date":"2026-09-02T19:22:15","date_gmt":"2026-09-02T19:22:15","guid":{"rendered":"https:\/\/www.europesays.com\/no\/341813\/"},"modified":"2026-09-02T19:22:15","modified_gmt":"2026-09-02T19:22:15","slug":"tv-2-erfarer-ny-overgangsbombe-bjordal-pa-vei-til-viking","status":"publish","type":"post","link":"https:\/\/www.europesays.com\/no\/341813\/","title":{"rendered":"TV 2 erfarer: Ny overgangsbombe \u2013 Bj\u00f8rdal p\u00e5 vei til Viking"},"content":{"rendered":"<p>Viking n\u00f8yer seg nemlig ikke bare med signeringen av Erik Botheim \u2013 et kj\u00f8p som har sendt sjokkb\u00f8lger gjennom fotball-Norge i dag.<\/p>\n<p>    <a class=\"article__link\" data-ga-active-label=\"\" data-ga-active-label-animation=\"\" href=\"https:\/\/www.tv2.no\/sport\/tv-2-erfarer-overgangsbombe-viking-vil-hente-erik-botheim\/19186742\/\" rel=\"nofollow noopener\" target=\"_blank\"><\/p>\n<p>    <img class=\"image__img lazyload\" itemprop=\"image\" title=\"\" alt=\"\" width=\"978\" height=\"411\" bad-src=\"https:\/\/www.europesays.com\/no\/wp-content\/uploads\/2026\/09\/18467152.webp\" fetchpriority=\"auto\" \/><\/p>\n<p>\n            TV 2 erfarer: Overgangsbombe \u2013 Viking vil hente Erik Botheim\n        <\/p>\n<p>    <\/a><\/p>\n<p>TV 2 f\u00e5r nemlig opplyst at Viking sent onsdag kveld, f\u00e5 timer f\u00f8r overgangsvinduet stenger, jobber med \u00e5 signere V\u00e5lerengas kaptein Henrik Bj\u00f8rdal.<\/p>\n<p>Det er et kj\u00f8p som vekker oppsikt: 29-\u00e5ringen er V\u00e5lerengas kaptein og har lenge blitt sett p\u00e5 som en av klubbens absolutt viktigste spillere.<br \/>Men n\u00e5 er alts\u00e5 Viking klar for \u00e5 bla opp for midtbanespilleren.<\/p>\n<p>TV 2 har tidligere omtalt interessen for Bj\u00f8rdal, men lenge virket det hele utenkelig.<\/p>\n<p>\u2013 For en tragedie for V\u00e5lerenga. Lederen og kapteinen. Dette er et kjempenederlag for V\u00e5lerenga, sier kommentator Petter B\u00f8 Tosterud under TV 2s Deadline day-sending, som du kan se direkte n\u00e5.\u00a0<\/p>\n<p>\u2013 Hvis de selger kapteinen midt i sesongen, s\u00e5 faller det mange tungt for hjertet, f\u00f8lger kollega Yaw Amankwah opp.<\/p>\n<p>    <a class=\"article__link\" data-ga-active-label=\"\" data-ga-active-label-animation=\"\" href=\"https:\/\/www.tv2.no\/sport\/tv-2-erfarer-overgang-kollapset-for-vif-stjerne\/19188997\/\" rel=\"nofollow noopener\" target=\"_blank\"><\/p>\n<p>    <img class=\"image__img lazyload\" itemprop=\"image\" title=\"\" alt=\"N\u00c6R USA-OVERGANG: Brice Ambinas overgang til San Jose gikk fl\u00f8yten.\" width=\"978\" height=\"411\" bad-src=\"https:\/\/www.europesays.com\/no\/wp-content\/uploads\/2026\/09\/17615038.webp\" fetchpriority=\"auto\" \/><\/p>\n<p>\n            TV 2 erfarer: Overgang kollapset for VIF-stjerne\n        <\/p>\n<p>    <\/a><\/p>\n<p>En viktig \u00e5rsak til at overgangen plutselig har blitt aktuell igjen, er at et ventet salg for V\u00e5lerengas del har g\u00e5tt i vasken.<\/p>\n<p>I det skjulte har V\u00e5lerenga i det siste jobbet med et salg av Brice Ambina til den amerikanske klubben San Jose.<\/p>\n<p>Partene var enige om en overgangspakke, men slik TV 2 forst\u00e5r det kollapset overgangen sent tirsdag kveld.<\/p>\n<p>Dermed har V\u00e5lerenga myknet opp med tanke p\u00e5 \u00e5 f\u00e5 penger inn \u2013 og konklusjonen er at summen Viking er villige til \u00e5 betale for Henrik Bj\u00f8rdal er for god til \u00e5 si nei til.<\/p>\n","protected":false},"excerpt":{"rendered":"Viking n\u00f8yer seg nemlig ikke bare med signeringen av Erik Botheim \u2013 et kj\u00f8p som har sendt sjokkb\u00f8lger&hellip;\n","protected":false},"author":2,"featured_media":341814,"comment_status":"","ping_status":"","sticky":false,"template":"","format":"standard","meta":{"footnotes":"","_share_on_mastodon":"0"},"categories":[5],"tags":[20,21,24,25,15,19,22,23,17,18,13,30,28,29,14,16,26,27],"class_list":["post-341813","post","type-post","status-publish","format-standard","has-post-thumbnail","category-overskrifter","tag-breaking-news","tag-breakingnews","tag-featured-news","tag-featurednews","tag-headlines","tag-hovedoppslag","tag-latest-news","tag-latestnews","tag-main-news","tag-mainnews","tag-news","tag-no","tag-norge","tag-norway","tag-nyheter","tag-overskrifter","tag-top-stories","tag-topstories"],"share_on_mastodon":{"url":"https:\/\/pubeurope.com\/@no\/117203078192504621","error":""},"_links":{"self":[{"href":"https:\/\/www.europesays.com\/no\/wp-json\/wp\/v2\/posts\/341813","targetHints":{"allow":["GET"]}}],"collection":[{"href":"https:\/\/www.europesays.com\/no\/wp-json\/wp\/v2\/posts"}],"about":[{"href":"https:\/\/www.europesays.com\/no\/wp-json\/wp\/v2\/types\/post"}],"author":[{"embeddable":true,"href":"https:\/\/www.europesays.com\/no\/wp-json\/wp\/v2\/users\/2"}],"replies":[{"embeddable":true,"href":"https:\/\/www.europesays.com\/no\/wp-json\/wp\/v2\/comments?post=341813"}],"version-history":[{"count":0,"href":"https:\/\/www.europesays.com\/no\/wp-json\/wp\/v2\/posts\/341813\/revisions"}],"wp:featuredmedia":[{"embeddable":true,"href":"https:\/\/www.europesays.com\/no\/wp-json\/wp\/v2\/media\/341814"}],"wp:attachment":[{"href":"https:\/\/www.europesays.com\/no\/wp-json\/wp\/v2\/media?parent=341813"}],"wp:term":[{"taxonomy":"category","embeddable":true,"href":"https:\/\/www.europesays.com\/no\/wp-json\/wp\/v2\/categories?post=341813"},{"taxonomy":"post_tag","embeddable":true,"href":"https:\/\/www.europesays.com\/no\/wp-json\/wp\/v2\/tags?post=341813"}],"curies":[{"name":"wp","href":"https:\/\/api.w.org\/{rel}","templated":true}]}}