{"id":341839,"date":"2026-09-02T19:37:14","date_gmt":"2026-09-02T19:37:14","guid":{"rendered":"https:\/\/www.europesays.com\/no\/341839\/"},"modified":"2026-09-02T19:37:14","modified_gmt":"2026-09-02T19:37:14","slug":"sport-oren-sjokkovergang-henter-tidligere-sif-profil","status":"publish","type":"post","link":"https:\/\/www.europesays.com\/no\/341839\/","title":{"rendered":"Sport, \u00d8ren | Sjokkovergang \u2013 henter tidligere SIF-profil"},"content":{"rendered":"\n<p><b>\u00d8REN: <\/b>Onsdag ettermiddag kom den overraskende nyheten om at tidligere SIF-spiller Francisco Junior (34) er klar for DBK i 4. divisjon.<\/p>\n<p>Klubben slapp nyheten p\u00e5 sin egen Facebook-konto.<\/p>\n<p><b>\u2013 Francisco har trent med oss siden f\u00f8r sommeren og har allerede f\u00e5tt en rolle rundt juniorlaget v\u00e5rt. Det er med stor glede og stolthet vi tar imot en spiller av dette kaliberet, skriver klubben.<\/b><\/p>\n<p>Bosatt i Drammen<\/p>\n<p>Midtbanespilleren fra Guinea-Bissau er bosatt i Drammen og meldte til Drammens Tidende f\u00f8r jul i fjor at han \u00f8nsket et nytt opphold i Godset.\u00a0<\/p>\n<p>Da henvendte MIF seg og Junior trente litt med MIF i oppkj\u00f8ringen til \u00e5rets sesong.\u00a0<\/p>\n<p>\u2013 Jeg ble invitert til \u00e5 komme p\u00e5 trening og jeg trenger en klubb \u00e5 trene med. Jeg trenger \u00e5 komme i form, s\u00e5 derfor er jeg her, sa Junior til Drammens Tidende p\u00e5 MIF-trening i januar.<\/p>\n<p>Overgangen ble aldri noe av, men n\u00e5 har han likevel funnet seg en klubb i n\u00e6romr\u00e5det.<\/p>\n<p>   <img decoding=\"async\" width=\"2048\" height=\"1357\" fetchpriority=\"low\"  loading=\"lazy\"  src=\"https:\/\/www.europesays.com\/no\/wp-content\/uploads\/2026\/09\/28b8e7b4-6852-4a66-bc25-2aa29c8c5874.jpg\" alt=\"\" class=\"brick-c-cFOWSL\" style=\"--brick-image-ratio: 2048 \/ 1357;\"\/><\/p>\n<p>      MIF-TRENING: Dette bildet ble tatt da DT m\u00f8tte Junior p\u00e5 MIF-trening i januar.<br \/>\n      Foto: Jostein Nilsen\n    <\/p>\n<p>  Profilert<\/p>\n<p>I en lang og innholdsrik karriere har Junior spilt for store klubber som Everton, Wigan Athletic og nederlandske Vitesse. 34-\u00e5ringen har ogs\u00e5 spilt for klubber i b\u00e5de Danmark og Israel.<\/p>\n<p>En artig liten faktaopplysning om Junior er at han i sin eneste f\u00f8rstelagskamp for Everton ble byttet ut til fordel for Manchester United-legenden .<\/p>\n<p>Han har kamper for b\u00e5de U19 og U21-landslaget til Portugal, f\u00f8r han senere fikk fire A-landskamper for Guinea-Bissau, der tre av disse kom i Afrikamesterskapet.<\/p>\n<p><b>I Drammen husker nok mange 34-\u00e5ringen for perioden i Str\u00f8msgodset, f\u00f8rst p\u00e5 l\u00e5n fra Premier League-klubben Everton i 2014, f\u00f8r han senere kom permanent mellom 2016 og 2018. Totalt spilte han 90 kamper for SIF.<\/b><\/p>\n<p>Junior spilte sist i rumensk eliteserie og klubben Botosani som han forlot i juni i fjor. N\u00e5 skal han alts\u00e5 spille i 4. divisjon avdeling Buskerud.<\/p>\n<p>Overgangen er ogs\u00e5 bekreftet p\u00e5 hjemmesidene til NFF.<\/p>\n<p>  <a href=\"https:\/\/www.dt.no\/80-57-991\" class=\"related-teaser has-image article--c-MkAkR\" rel=\"nofollow noopener\" target=\"_blank\"><\/p>\n<p>    <img decoding=\"async\" width=\"155\"  loading=\"lazy\"  src=\"https:\/\/www.europesays.com\/no\/wp-content\/uploads\/2026\/09\/5_57_2009411 28 spo magne nilsen 12.jpg\" alt=\"\" class=\"brick-c-cFOWSL\" style=\"\"\/><\/p>\n<p>\n            Les ogs\u00e5<\/p>\n<p>            Godset pantsetter for titalls millioner: Avviser pengeproblemer\n        <\/p>\n<p>  <\/a><\/p>\n","protected":false},"excerpt":{"rendered":"\u00d8REN: Onsdag ettermiddag kom den overraskende nyheten om at tidligere SIF-spiller Francisco Junior (34) er klar for DBK&hellip;\n","protected":false},"author":2,"featured_media":341840,"comment_status":"","ping_status":"","sticky":false,"template":"","format":"standard","meta":{"footnotes":"","_share_on_mastodon":"0"},"categories":[59],"tags":[36,15913,30,28,29,26264,83,82,1510,3325],"class_list":["post-341839","post","type-post","status-publish","format-standard","has-post-thumbnail","category-sport","tag-art","tag-drammens-ballklubb","tag-no","tag-norge","tag-norway","tag-oren","tag-sport","tag-sports","tag-story","tag-stromsgodset"],"share_on_mastodon":{"url":"https:\/\/pubeurope.com\/@no\/117203137843124631","error":""},"_links":{"self":[{"href":"https:\/\/www.europesays.com\/no\/wp-json\/wp\/v2\/posts\/341839","targetHints":{"allow":["GET"]}}],"collection":[{"href":"https:\/\/www.europesays.com\/no\/wp-json\/wp\/v2\/posts"}],"about":[{"href":"https:\/\/www.europesays.com\/no\/wp-json\/wp\/v2\/types\/post"}],"author":[{"embeddable":true,"href":"https:\/\/www.europesays.com\/no\/wp-json\/wp\/v2\/users\/2"}],"replies":[{"embeddable":true,"href":"https:\/\/www.europesays.com\/no\/wp-json\/wp\/v2\/comments?post=341839"}],"version-history":[{"count":0,"href":"https:\/\/www.europesays.com\/no\/wp-json\/wp\/v2\/posts\/341839\/revisions"}],"wp:featuredmedia":[{"embeddable":true,"href":"https:\/\/www.europesays.com\/no\/wp-json\/wp\/v2\/media\/341840"}],"wp:attachment":[{"href":"https:\/\/www.europesays.com\/no\/wp-json\/wp\/v2\/media?parent=341839"}],"wp:term":[{"taxonomy":"category","embeddable":true,"href":"https:\/\/www.europesays.com\/no\/wp-json\/wp\/v2\/categories?post=341839"},{"taxonomy":"post_tag","embeddable":true,"href":"https:\/\/www.europesays.com\/no\/wp-json\/wp\/v2\/tags?post=341839"}],"curies":[{"name":"wp","href":"https:\/\/api.w.org\/{rel}","templated":true}]}}