{"id":341915,"date":"2026-09-02T20:39:17","date_gmt":"2026-09-02T20:39:17","guid":{"rendered":"https:\/\/www.europesays.com\/no\/341915\/"},"modified":"2026-09-02T20:39:17","modified_gmt":"2026-09-02T20:39:17","slug":"tyler-robinson-23-skal-mote-i-retten-etter-drapet-pa-charlie-kirk","status":"publish","type":"post","link":"https:\/\/www.europesays.com\/no\/341915\/","title":{"rendered":"Tyler Robinson (23) skal m\u00f8te i retten etter drapet p\u00e5 Charlie Kirk"},"content":{"rendered":"\n<ul class=\"_list_145nj_3 _list_64s2r_85 _unordered_145nj_106 text-sans-m\">\n<li class=\"_item_145nj_30\">Tyler Robinson (23) m\u00e5 m\u00f8te i retten nesten ett \u00e5r etter drapet p\u00e5 Charlie Kirk.<\/li>\n<li class=\"_item_145nj_30\">P\u00e5talemyndigheten vil kreve d\u00f8dsstraff dersom Robinson blir d\u00f8mt.<\/li>\n<li class=\"_item_145nj_30\">Forsvaret utfordrer aktoratets bevis og fors\u00f8ker \u00e5 f\u00e5 d\u00f8dsstraff avvist.<\/li>\n<li class=\"_item_145nj_30\">Kirk-familien omtaler rettens avgj\u00f8relse som \u00abet viktig skritt\u00bb mot rettferdighet.<\/li>\n<\/ul>\n<p>Vis mer <\/p>\n<p class=\"_paragraph_145nj_4 _paragraph_6fko5_10 layout-component text-serif-m layout-normal text-serif-m layout-padded\">10. september 2025 ble Charlie Kirk skutt og drept mens han talte ved Utah Valley University. <\/p>\n<p class=\"_paragraph_145nj_4 _paragraph_6fko5_10 layout-component text-serif-m layout-normal text-serif-m layout-padded\">Tirsdag 1. september, nesten ett \u00e5r etter drapet, avgjorde dommer Tony Graf at saken mot Tyler Robinson kan g\u00e5 videre til rettssak.<\/p>\n<p class=\"_paragraph_145nj_4 _paragraph_6fko5_10 layout-component text-serif-m layout-normal text-serif-m layout-padded\">Robinsons forsvarer erkl\u00e6rte ham ikke skyldig i alle syv tiltalepunkter, melder\u00a0<a href=\"https:\/\/www.bbc.com\/news\/articles\/cj4jn9q7evpo\" class=\"_link_145nj_39\" rel=\"nofollow noopener\" target=\"_blank\">BBC<\/a>.<\/p>\n<p class=\"_paragraph_145nj_4 _paragraph_6fko5_10 layout-component text-serif-m layout-normal text-serif-m layout-padded\">P\u00e5talemyndighetenP\u00e5talemyndighetenP\u00e5talemyndigheten er den offentlige myndigheten som har ansvar for \u00e5 etterforske og f\u00f8re straffesaker for retten. varslet samtidig at den vil kreve d\u00f8dsstraffd\u00f8dsstraffD\u00f8dsstraff er en straff der en person som er d\u00f8mt for en alvorlig forbrytelse, blir henrettet. dersom Robinson blir d\u00f8mt. <\/p>\n<p class=\"_paragraph_145nj_4 _paragraph_6fko5_10 layout-component text-serif-m layout-normal text-serif-m layout-padded\">\u2013 Han spilte, i praksis, ballistisk rulett, sa aktor Chad Grunander i retten, med referanse til at Kirk var omringet av flere andre mennesker som kunne blitt drept.<\/p>\n<p><img alt=\"Tyler Robinson, som er tiltalt for drapet p\u00e5 Charlie Kirk, snakker med forsvarsadvokat Staci Visser 1. september.  Foto: Francisco Kjolseth \/ Reuters \/ NTB\" class=\"_image_jw3bv_65 layout-component layout-normal\" data-fullscreen- data-track-element-type=\"Article image fullscreen\" data-track-name=\"ImageFullscreen\" decoding=\"async\" loading=\"lazy\" height=\"1867\" itemprop=\"image\"  src=\"https:\/\/www.europesays.com\/no\/wp-content\/uploads\/2026\/09\/f6c80496-2c3d-3b53-bfa0-1e2bf0afe42f.jpeg\"  style=\"object-position:0% 0%\" width=\"2800\"\/>Tyler Robinson, som er tiltalt for drapet p\u00e5 Charlie Kirk, snakker med forsvarsadvokat Staci Visser 1. september.  Foto: Francisco Kjolseth \/ Reuters \/ NTB\u2013 Et fjell av bevis<\/p>\n<p class=\"_paragraph_145nj_4 _paragraph_6fko5_10 layout-component text-serif-m layout-normal text-serif-m layout-padded\">\u2013 Det har g\u00e5tt 356 dager siden Tyler Robinson myrdet Charlie Kirk, sa Grunander da Robinson m\u00f8tte i retten i Provo tirsdag 1. september, if\u00f8lge BBC.<\/p>\n<p><img alt=\"Aktor Ryan McBride peker p\u00e5 Tyler Robinson idet han innleder sluttprosedyren under den innledende h\u00f8ringen i saken mot Robinson 1. september.  Foto: Francisco Kjolseth \/ Reuters \/ NTB\" class=\"_image_jw3bv_65 layout-component layout-normal\" data-fullscreen- data-track-element-type=\"Article image fullscreen\" data-track-name=\"ImageFullscreen\" decoding=\"async\" loading=\"lazy\" height=\"1974\" itemprop=\"image\"  src=\"https:\/\/www.europesays.com\/no\/wp-content\/uploads\/2026\/09\/97d7caef-e431-334a-8041-611eea5eaa2c.jpeg\"  style=\"object-position:0% 0%\" width=\"2800\"\/>Aktor Ryan McBride peker p\u00e5 Tyler Robinson idet han innleder sluttprosedyren under den innledende h\u00f8ringen i saken mot Robinson 1. september.  Foto: Francisco Kjolseth \/ Reuters \/ NTB<\/p>\n<p class=\"_paragraph_145nj_4 _paragraph_6fko5_10 layout-component text-serif-m layout-normal text-serif-m layout-padded\">Tirsdagens sluttprosedyrer fulgte etter en fem dager lang innledende h\u00f8ring i juli, der aktoratetaktoratetAktoratet er gruppen av advokater som representerer staten i en straffesak og pr\u00f8ver \u00e5 bevise at den tiltalte er skyldig. la frem bevisene de mener knytter Robinson til drapet.<\/p>\n<p class=\"_paragraph_145nj_4 _paragraph_6fko5_10 layout-component text-serif-m layout-normal text-serif-m layout-padded\">\u2013 Det finnes et fjell av bevis som viser at han er skytteren, sa aktor Ryan McBride i retten.<\/p>\n<p class=\"_paragraph_145nj_4 _paragraph_6fko5_10 layout-component text-serif-m layout-normal text-serif-m layout-padded\">Materiale viser angivelig Robinson p\u00e5 universitetsomr\u00e5det flere ganger den dagen Kirk ble drept. If\u00f8lge aktor skal han blant annet ha v\u00e6rt i kontakt med medlemmer av Turning Point USA, som Kirk var medgrunnlegger av, f\u00f8r han senere kom tilbake if\u00f8rt andre kl\u00e6r.<\/p>\n<p class=\"_paragraph_145nj_4 _paragraph_6fko5_10 layout-component text-serif-m layout-normal layout-padded\"><strong class=\"_strong_145nj_25\">Les ogs\u00e5:<\/strong> <a href=\"https:\/\/www.vg.no\/i\/43WR5E\" data-track-element-type=\"Link\" data-track-id=\"link:43WR5E\" class=\"_link_145nj_39\" rel=\"nofollow noopener\" target=\"_blank\">Ekskj\u00e6reste fortalte at tiltalte i Kirk-drapet angret etter skytingen<\/a><\/p>\n<p><img alt=\"Et bilde av en rifle som aktoratet hevder ble funnet av etterforskere i n\u00e6rheten av Utah Valley University, vises under den innledende h\u00f8ringen i saken.  Foto: Spenser Heaps \/ Reuters \/ NTB\" class=\"_image_jw3bv_65 layout-component layout-normal\" data-fullscreen- data-track-element-type=\"Article image fullscreen\" data-track-name=\"ImageFullscreen\" decoding=\"async\" loading=\"lazy\" height=\"3333\" itemprop=\"image\"  src=\"https:\/\/www.europesays.com\/no\/wp-content\/uploads\/2026\/09\/bf10bef0-955b-3f14-ac67-e0b50c9b9460.jpeg\"  style=\"object-position:0% 0%\" width=\"5000\"\/>Et bilde av en rifle som aktoratet hevder ble funnet av etterforskere i n\u00e6rheten av Utah Valley University, vises under den innledende h\u00f8ringen i saken.  Foto: Spenser Heaps \/ Reuters \/ NTB<\/p>\n<p class=\"_paragraph_145nj_4 _paragraph_6fko5_10 layout-component text-serif-m layout-normal text-serif-m layout-padded\">McBride hevdet tirsdag at Robinson blant annet skal ha tatt p\u00e5 seg lange bukser for \u00e5 skjule en rifle. <\/p>\n<p class=\"_paragraph_145nj_4 _paragraph_6fko5_10 layout-component text-serif-m layout-normal text-serif-m layout-padded\">If\u00f8lge vitneforklaringer fra h\u00f8ringen i juli ble Robinsons DNA funnet p\u00e5 bestefarens rifle, som ble funnet skjult i et skogholt i n\u00e6rheten av universitetsomr\u00e5det. DNA-et hans skal ogs\u00e5 ha blitt funnet p\u00e5 et h\u00e5ndkle riflen var pakket inn i, og p\u00e5 en skrutrekker funnet p\u00e5 \u00e5stedet.<\/p>\n<p><img alt=\"Aktor Ryan McBride viser til fire patroner under sluttprosedyren i den innledende h\u00f8ringen.  Foto: POOL \/ AFP \/ NTB\" class=\"_image_jw3bv_65 layout-component layout-normal\" data-fullscreen- data-track-element-type=\"Article image fullscreen\" data-track-name=\"ImageFullscreen\" decoding=\"async\" loading=\"lazy\" height=\"2000\" itemprop=\"image\"  src=\"https:\/\/www.europesays.com\/no\/wp-content\/uploads\/2026\/09\/5b37ff36-d487-3015-8e39-1d02f9cb2750.jpeg\"  style=\"object-position:0% 0%\" width=\"3000\"\/>Aktor Ryan McBride viser til fire patroner under sluttprosedyren i den innledende h\u00f8ringen.  Foto: POOL \/ AFP \/ NTB<\/p>\n<p class=\"_paragraph_145nj_4 _paragraph_6fko5_10 layout-component text-serif-m layout-normal text-serif-m layout-padded\">AktoratetAktoratetAktoratet er gruppen av advokater som representerer staten i en straffesak og pr\u00f8ver \u00e5 bevise at den tiltalte er skyldig. hevder ogs\u00e5 at graveringer p\u00e5 patronhylstre fra skytingen samsvarer med et Dremel-verkt\u00f8y som ble funnet i boligen Robinson delte med Lance Twiggs.<\/p>\n<p class=\"_paragraph_145nj_4 _paragraph_6fko5_10 layout-component text-serif-m layout-normal text-serif-m layout-padded\">I et videoavh\u00f8r som ble spilt av i retten i juli, fortalte Twiggs at Robinson skal ha innr\u00f8mmet skytingen overfor ham. If\u00f8lge forklaringen gr\u00e5t Robinson og sa at han skulle \u00f8nske han ikke hadde gjort det.<\/p>\n<p><img alt=\"Et bilde som if\u00f8lge aktoratet viser en tekstmeldingsutveksling mellom Tyler Robinson og romkameraten Lance Twiggs.  Foto: POOL \/ AFP \/ NTB\" class=\"_image_jw3bv_65 layout-component layout-normal\" data-fullscreen- data-track-element-type=\"Article image fullscreen\" data-track-name=\"ImageFullscreen\" decoding=\"async\" loading=\"lazy\" height=\"3333\" itemprop=\"image\"  src=\"https:\/\/www.europesays.com\/no\/wp-content\/uploads\/2026\/09\/385a6bae-23b1-34a7-abf9-fca9c98c72da.jpeg\"  style=\"object-position:0% 0%\" width=\"5000\"\/>Et bilde som if\u00f8lge aktoratet viser en tekstmeldingsutveksling mellom Tyler Robinson og romkameraten Lance Twiggs.  Foto: POOL \/ AFP \/ NTB<\/p>\n<p class=\"_paragraph_145nj_4 _paragraph_6fko5_10 layout-component text-serif-m layout-normal text-serif-m layout-padded\">Robinson meldte seg ogs\u00e5 for politiet dagen etter drapet, sammen med familien og en nabo.<\/p>\n<p class=\"_paragraph_145nj_4 _paragraph_6fko5_10 layout-component text-serif-m layout-normal text-serif-m layout-padded\">\u2013 Vi vet at tiltalte er gjerningsmannen. For det f\u00f8rste p\u00e5 grunn av videobevisene, for det andre p\u00e5 grunn av DNA-et, for det tredje p\u00e5 grunn av innr\u00f8mmelsene hans og for det fjerde p\u00e5 grunn av indisieneindisieneIndisier er indirekte bevis som kan antyde at noen er skyldige, men som ikke er avgj\u00f8rende alene., sa McBride.<\/p>\n<p class=\"_paragraph_145nj_4 _paragraph_6fko5_10 layout-component text-serif-m layout-normal text-serif-m layout-padded\">Aktoratet hevder at Robinson mislikte Kirks konservative standpunkter, s\u00e6rlig synspunktene hans i sp\u00f8rsm\u00e5l om transpersoner, og mener dette kan ha v\u00e6rt motivet for drapet.<\/p>\n<p>Forsvaret utfordrer bevisene<\/p>\n<p class=\"_paragraph_145nj_4 _paragraph_6fko5_10 layout-component text-serif-m layout-normal text-serif-m layout-padded\">Forsvarerne har p\u00e5 sin side fors\u00f8kt \u00e5 f\u00e5 d\u00f8dsstraff tatt av bordet og s\u00e5dde tvil om deler av aktoratets bevisf\u00f8ring. <\/p>\n<p class=\"_paragraph_145nj_4 _paragraph_6fko5_10 layout-component text-serif-m layout-normal text-serif-m layout-padded\">Under h\u00f8ringen i juli stilte de blant annet sp\u00f8rsm\u00e5l ved prosedyrene som ble fulgt og kvalifikasjonene til enkelte av ekspertene som vitnet.<\/p>\n<p><img alt=\"Forsvarsadvokat Staci Visser avslutter sin sluttprosedyre under den innledende h\u00f8ringen i saken mot Tyler Robinson.  Foto: POOL \/ AFP \/ NTB\" class=\"_image_jw3bv_65 layout-component layout-normal\" data-fullscreen- data-track-element-type=\"Article image fullscreen\" data-track-name=\"ImageFullscreen\" decoding=\"async\" loading=\"lazy\" height=\"2007\" itemprop=\"image\"  src=\"https:\/\/www.europesays.com\/no\/wp-content\/uploads\/2026\/09\/ed000ca0-5bc8-38d8-a31b-da9781f67b64.jpeg\"  style=\"object-position:0% 0%\" width=\"2800\"\/>Forsvarsadvokat Staci Visser avslutter sin sluttprosedyre under den innledende h\u00f8ringen i saken mot Tyler Robinson.  Foto: POOL \/ AFP \/ NTB<\/p>\n<p class=\"_paragraph_145nj_4 _paragraph_6fko5_10 layout-component text-serif-m layout-normal text-serif-m layout-padded\">Forsvaret har ogs\u00e5 gjentatte ganger protestert mot at rettsm\u00f8tene blir direktesendtdirektesendt Direktesending er n\u00e5r en hendelse blir sendt live p\u00e5 TV eller internett mens den skjer.. Graf behandlet sp\u00f8rsm\u00e5let p\u00e5 nytt under en lukket h\u00f8ring tirsdag morgen, men besluttet at rettsm\u00f8tene fortsatt skal v\u00e6re \u00e5pne for direktesending. <\/p>\n<p class=\"_paragraph_145nj_4 _paragraph_6fko5_10 layout-component text-serif-m layout-normal text-serif-m layout-padded\">Aktoratet mener ogs\u00e5 at omstendighetene rundt skytingen gj\u00f8r d\u00f8dsstraff aktuelt.<\/p>\n<p class=\"_paragraph_145nj_4 _paragraph_6fko5_10 layout-component text-serif-m layout-normal text-serif-m layout-padded\">Neste rettsm\u00f8te er berammet til 23. oktober. Det er ventet at datoen for selve rettssaken da vil bli fastsatt.<\/p>\n<p>Erika Kirk: \u2013 Et viktig skritt<\/p>\n<p class=\"_paragraph_145nj_4 _paragraph_6fko5_10 layout-component text-serif-m layout-normal text-serif-m layout-padded\">Kirks enke, Erika Kirk, og foreldrene hans var ogs\u00e5 til stede i retten tirsdag. <\/p>\n<p><img alt=\"Erika Kirk forlater Fourth District Courthouse 6. juli 2026.  Foto: Marielle Scott \/ AP \/ NTB\" class=\"_image_jw3bv_65 layout-component layout-normal\" data-fullscreen- data-track-element-type=\"Article image fullscreen\" data-track-name=\"ImageFullscreen\" decoding=\"async\" loading=\"lazy\" height=\"1551\" itemprop=\"image\"  src=\"https:\/\/www.europesays.com\/no\/wp-content\/uploads\/2026\/09\/0fe18f53-dd5c-3318-9f26-8f8251c2ae4c.jpeg\"  style=\"object-position:0% 0%\" width=\"2326\"\/>Erika Kirk forlater Fourth District Courthouse 6. juli 2026.  Foto: Marielle Scott \/ AP \/ NTB<\/p>\n<p class=\"_paragraph_145nj_4 _paragraph_6fko5_10 layout-component text-serif-m layout-normal text-serif-m layout-padded\">I en uttalelse etter h\u00f8ringen beskrev Kirk-familien dommerens avgj\u00f8relse som \u00abet viktig skritt\u00bb i jakten p\u00e5 rettferdighet.<\/p>\n<p class=\"_paragraph_145nj_4 _paragraph_6fko5_10 layout-component text-serif-m layout-normal text-serif-m layout-padded\">\u2013 Hvert steg i denne prosessen b\u00e6rer vekten av alt drapet p\u00e5 Charlie har tatt fra familien hans, spesielt barna hans, som vil vokse opp uten faren sin, het det videre i uttalelsen.<\/p>\n","protected":false},"excerpt":{"rendered":"Tyler Robinson (23) m\u00e5 m\u00f8te i retten nesten ett \u00e5r etter drapet p\u00e5 Charlie Kirk. P\u00e5talemyndigheten vil kreve&hellip;\n","protected":false},"author":2,"featured_media":341916,"comment_status":"","ping_status":"","sticky":false,"template":"","format":"standard","meta":{"footnotes":"","_share_on_mastodon":"0"},"categories":[12],"tags":[20,21,3512,5133,6525,24,25,15,22,23,13,30,28,29,14,16,314,26,27,42,43,44,45],"class_list":["post-341915","post","type-post","status-publish","format-standard","has-post-thumbnail","category-verden","tag-breaking-news","tag-breakingnews","tag-dodsstraff","tag-drapet-pa-charlie-kirk","tag-erika-kirk","tag-featured-news","tag-featurednews","tag-headlines","tag-latest-news","tag-latestnews","tag-news","tag-no","tag-norge","tag-norway","tag-nyheter","tag-overskrifter","tag-skyting","tag-top-stories","tag-topstories","tag-verden","tag-world","tag-world-news","tag-worldnews"],"share_on_mastodon":{"url":"https:\/\/pubeurope.com\/@no\/117203381190728735","error":""},"_links":{"self":[{"href":"https:\/\/www.europesays.com\/no\/wp-json\/wp\/v2\/posts\/341915","targetHints":{"allow":["GET"]}}],"collection":[{"href":"https:\/\/www.europesays.com\/no\/wp-json\/wp\/v2\/posts"}],"about":[{"href":"https:\/\/www.europesays.com\/no\/wp-json\/wp\/v2\/types\/post"}],"author":[{"embeddable":true,"href":"https:\/\/www.europesays.com\/no\/wp-json\/wp\/v2\/users\/2"}],"replies":[{"embeddable":true,"href":"https:\/\/www.europesays.com\/no\/wp-json\/wp\/v2\/comments?post=341915"}],"version-history":[{"count":0,"href":"https:\/\/www.europesays.com\/no\/wp-json\/wp\/v2\/posts\/341915\/revisions"}],"wp:featuredmedia":[{"embeddable":true,"href":"https:\/\/www.europesays.com\/no\/wp-json\/wp\/v2\/media\/341916"}],"wp:attachment":[{"href":"https:\/\/www.europesays.com\/no\/wp-json\/wp\/v2\/media?parent=341915"}],"wp:term":[{"taxonomy":"category","embeddable":true,"href":"https:\/\/www.europesays.com\/no\/wp-json\/wp\/v2\/categories?post=341915"},{"taxonomy":"post_tag","embeddable":true,"href":"https:\/\/www.europesays.com\/no\/wp-json\/wp\/v2\/tags?post=341915"}],"curies":[{"name":"wp","href":"https:\/\/api.w.org\/{rel}","templated":true}]}}