{"id":341933,"date":"2026-09-02T20:50:16","date_gmt":"2026-09-02T20:50:16","guid":{"rendered":"https:\/\/www.europesays.com\/no\/341933\/"},"modified":"2026-09-02T20:50:16","modified_gmt":"2026-09-02T20:50:16","slug":"dolly-partons-niese-avslorer-hvorfor-kreftdiagnosen-ble-holdt-hemmelig","status":"publish","type":"post","link":"https:\/\/www.europesays.com\/no\/341933\/","title":{"rendered":"Dolly Partons niese avsl\u00f8rer hvorfor kreftdiagnosen ble holdt hemmelig"},"content":{"rendered":"\n<p class=\"_lead_145nj_2 _lead_6fko5_53 layout-component text-serif-m layout-normal text-serif-l layout-component layout-wide layout-padded _wide_17hqh_1 layout-padded\">\u2013 Hun ville aldri bekymre noen, sier Jada Star om countrylegenden.<\/p>\n<p><img alt=\"STJERNE: Dolly Parton d\u00f8de forrige uke av kreft. Foto: Wade Payne \/ AP \/ NTB\" class=\"_image_jw3bv_65 layout-component layout-wide\" data-fullscreen- data-track-element-type=\"Article image fullscreen\" data-track-name=\"ImageFullscreen\" fetchpriority=\"high\" decoding=\"sync\" loading=\"eager\" height=\"4000\" itemprop=\"image\"  src=\"https:\/\/www.europesays.com\/no\/wp-content\/uploads\/2026\/09\/fcb1b2ea-1ea4-31dd-9fe3-9584df6a3e4c.jpeg\"  style=\"object-position:45.225% 46.4875%\" width=\"6000\"\/>STJERNE: Dolly Parton d\u00f8de forrige uke av kreft. Foto: Wade Payne \/ AP \/ NTB<\/p>\n<ul aria-hidden=\"true\" class=\"_images_ntbth_112\">\n<li><a class=\"_link_ntbth_117\" href=\"https:\/\/www.vg.no\/forfatter\/ida-brun\" style=\"z-index:1\" title=\"Ida Brun\" rel=\"nofollow noopener\" target=\"_blank\"><img alt=\"Bilde av Ida Brun\" class=\"_image_ntbth_93\" fetchpriority=\"low\" loading=\"lazy\" decoding=\"async\" itemprop=\"image\"  src=\"https:\/\/www.europesays.com\/no\/wp-content\/uploads\/2026\/09\/1788382214_479_78bc21fe-8bc7-43e9-80ad-fe809ccc8aac.jpeg\"  width=\"480\"\/><\/a><\/li>\n<\/ul>\n<p> Oppdatert onsdag 2. september kl. 22:08    <\/p>\n<ul class=\"_list_145nj_3 _list_64s2r_85 _unordered_145nj_106 text-sans-m\">\n<li class=\"_item_145nj_30\">Countrylegenden Dolly Parton d\u00f8de 25. august, 80 \u00e5r gammel.<\/li>\n<li class=\"_item_145nj_30\">Niesen Jada Star sier Dolly \u00f8nsket \u00e5 holde sykdommen skjult for ikke \u00e5 bekymre noen.<\/li>\n<li class=\"_item_145nj_30\">Star beskriver tapet som overveldende, men verdsetter kj\u00e6rligheten familien har mottatt.<\/li>\n<li class=\"_item_145nj_30\">Dolly Parton ble begravet i en privat seremoni i Nashville.<\/li>\n<\/ul>\n<p>Vis mer <\/p>\n<p class=\"_paragraph_145nj_4 _paragraph_6fko5_10 layout-component text-serif-m layout-normal text-serif-m layout-padded\"><a href=\"https:\/\/www.vg.no\/tag\/dolly-parton?utm_source=vg-article&amp;utm_medium=auto-tagger&amp;utm_campaign=9pnpGq\" class=\"_link_145nj_39\" rel=\"nofollow noopener\" target=\"_blank\">Dolly Parton<\/a> <a href=\"https:\/\/www.vg.no\/rampelys\/i\/6q82vO\/dolly-parton-80-er-doed\" data-track-element-type=\"Link\" data-track-id=\"link:6q82vO\" class=\"_link_145nj_39\" rel=\"nofollow noopener\" target=\"_blank\">d\u00f8de forrige tirsdag<\/a>, 25. august, 80 \u00e5r gammel. If\u00f8lge talspersonen hennes d\u00f8de hun etter kort tids sykdom som f\u00f8lge av en uspesifisert kreftform.<\/p>\n<p class=\"_paragraph_145nj_4 _paragraph_6fko5_10 layout-component text-serif-m layout-normal text-serif-m layout-padded\">N\u00e5 forteller niesen og sangerinnen Jada Star at det var countrystjernens eget \u00f8nske \u00e5 holde sykdommen skjult for offentligheten, <a href=\"https:\/\/www.billboard.com\/music\/country\/dolly-parton-niece-star-why-kept-cancer-diagnosis-secret-1236331361\/\" class=\"_link_145nj_39\" rel=\"nofollow noopener\" target=\"_blank\">skriver Billboard<\/a>.<\/p>\n<p><img alt=\"Jada Star forteller at Parton aldri ville bekymre noen.  Foto: Seth Herald \/ Reuters \/ NTB\" class=\"_image_jw3bv_65 layout-component layout-normal\" data-fullscreen- data-track-element-type=\"Article image fullscreen\" data-track-name=\"ImageFullscreen\" decoding=\"async\" loading=\"lazy\" height=\"3667\" itemprop=\"image\"  src=\"https:\/\/www.europesays.com\/no\/wp-content\/uploads\/2026\/09\/9f238da4-39a2-3149-b57a-494616af8885.jpeg\"  style=\"object-position:48.90909090909091% 58.0038178347423%\" width=\"5500\"\/>Jada Star forteller at Parton aldri ville bekymre noen.  Foto: Seth Herald \/ Reuters \/ NTB<\/p>\n<p class=\"_paragraph_145nj_4 _paragraph_6fko5_10 layout-component text-serif-m layout-normal text-serif-m layout-padded\">\u2013 Vi holdt alt det der veldig privat. Hun ville aldri bekymre noen. S\u00e5 jeg tror det bare var et sjokk tirsdag, sier Star til <a href=\"https:\/\/www.youtube.com\/watch?v=Qf8BNxBB3JI\" class=\"_link_145nj_39\" rel=\"nofollow noopener\" target=\"_blank\">Extra<\/a>.<\/p>\n<p class=\"_paragraph_145nj_4 _paragraph_6fko5_10 layout-component text-serif-m layout-normal text-serif-m layout-padded\">Parton hadde v\u00e6rt lite synlig i offentligheten det siste \u00e5ret p\u00e5 grunn av uspesifiserte helseproblemer. Hun ble nylig innlagt ved Vanderbilt-Ingram Cancer Center i Nashville.<\/p>\n<p class=\"_paragraph_145nj_4 _paragraph_6fko5_10 layout-component text-serif-m layout-normal text-serif-m layout-padded\">Niesen, som er datter av Dollys yngre s\u00f8ster Freida, beskriver tapet som overveldende.<\/p>\n<p class=\"_paragraph_145nj_4 _paragraph_6fko5_10 layout-component text-serif-m layout-normal text-serif-m layout-padded\">\u2013 Det har v\u00e6rt virkelig vanskelig. Og veldig surrealistisk. Jeg tror vi alle deler den f\u00f8lelsen, sier den 47 \u00e5r gamle sangerinnen.<\/p>\n<p><img alt=\"Star er selv artist, og hedret tanten denne helgen.  Foto: Seth Herald \/ Reuters \/ NTB\" class=\"_image_jw3bv_65 layout-component layout-normal\" data-fullscreen- data-track-element-type=\"Article image fullscreen\" data-track-name=\"ImageFullscreen\" decoding=\"async\" loading=\"lazy\" height=\"3000\" itemprop=\"image\"  src=\"https:\/\/www.europesays.com\/no\/wp-content\/uploads\/2026\/09\/409ef9ed-78d1-3a15-86b8-9a03d16ab5b1.jpeg\"  style=\"object-position:50.617283950617285% 63.03333333333333%\" width=\"2025\"\/>Star er selv artist, og hedret tanten denne helgen.  Foto: Seth Herald \/ Reuters \/ NTB<\/p>\n<p class=\"_paragraph_145nj_4 _paragraph_6fko5_10 layout-component text-serif-m layout-normal text-serif-m layout-padded\">Samtidig sier hun at all kj\u00e6rligheten fra hele verden har hjulpet familien gjennom sorgen. L\u00f8rdag opptr\u00e5dte Jada Star p\u00e5 en hyllest til tanten p\u00e5 Grand Ole Opry, hvor hun fremf\u00f8rte Partons l\u00e5t \u00abThe Orchard\u00bb.<\/p>\n<p class=\"_paragraph_145nj_4 _paragraph_6fko5_10 layout-component text-serif-m layout-normal text-serif-m layout-padded\">Dolly Parton ble begravet i en <a href=\"https:\/\/www.vg.no\/rampelys\/i\/zOQa44\/dolly-parton-bisettes-med-bare-familien-til-stede\" data-track-element-type=\"Link\" data-track-id=\"link:zOQa44\" class=\"_link_145nj_39\" rel=\"nofollow noopener\" target=\"_blank\">privat familieseremoni i Nashville<\/a> fredag 28. august.<\/p>\n<p class=\"_paragraph_145nj_4 _paragraph_6fko5_10 layout-component text-serif-m layout-normal text-serif-m layout-padded\">P\u00e5 sp\u00f8rsm\u00e5l om hva hun ville sagt til tanten hvis hun fikk \u00e9n siste sjanse, svarer Jada Star:<\/p>\n<p class=\"_paragraph_145nj_4 _paragraph_6fko5_10 layout-component text-serif-m layout-normal text-serif-m layout-padded\">\u2013 Jeg tror jeg bare ville sagt: \u00abTusen takk. Og jeg elsker deg s\u00e5 mye, og jeg h\u00e5per du har det bra.\u00bb<\/p>\n<p class=\"_paragraph_145nj_4 _paragraph_6fko5_10 layout-component text-serif-m layout-normal text-serif-m layout-padded\">Det var nev\u00f8en Brian Seaver som delte d\u00f8dsbudskapet: <\/p>\n","protected":false},"excerpt":{"rendered":"\u2013 Hun ville aldri bekymre noen, sier Jada Star om countrylegenden. STJERNE: Dolly Parton d\u00f8de forrige uke av&hellip;\n","protected":false},"author":2,"featured_media":341934,"comment_status":"","ping_status":"","sticky":false,"template":"","format":"standard","meta":{"footnotes":"","_share_on_mastodon":"0"},"categories":[58],"tags":[7421,71,30,28,29,72,46],"class_list":["post-341933","post","type-post","status-publish","format-standard","has-post-thumbnail","category-underholdning","tag-dolly-parton","tag-entertainment","tag-no","tag-norge","tag-norway","tag-underholdning","tag-vgai"],"share_on_mastodon":{"url":"https:\/\/pubeurope.com\/@no\/117203424760497585","error":""},"_links":{"self":[{"href":"https:\/\/www.europesays.com\/no\/wp-json\/wp\/v2\/posts\/341933","targetHints":{"allow":["GET"]}}],"collection":[{"href":"https:\/\/www.europesays.com\/no\/wp-json\/wp\/v2\/posts"}],"about":[{"href":"https:\/\/www.europesays.com\/no\/wp-json\/wp\/v2\/types\/post"}],"author":[{"embeddable":true,"href":"https:\/\/www.europesays.com\/no\/wp-json\/wp\/v2\/users\/2"}],"replies":[{"embeddable":true,"href":"https:\/\/www.europesays.com\/no\/wp-json\/wp\/v2\/comments?post=341933"}],"version-history":[{"count":0,"href":"https:\/\/www.europesays.com\/no\/wp-json\/wp\/v2\/posts\/341933\/revisions"}],"wp:featuredmedia":[{"embeddable":true,"href":"https:\/\/www.europesays.com\/no\/wp-json\/wp\/v2\/media\/341934"}],"wp:attachment":[{"href":"https:\/\/www.europesays.com\/no\/wp-json\/wp\/v2\/media?parent=341933"}],"wp:term":[{"taxonomy":"category","embeddable":true,"href":"https:\/\/www.europesays.com\/no\/wp-json\/wp\/v2\/categories?post=341933"},{"taxonomy":"post_tag","embeddable":true,"href":"https:\/\/www.europesays.com\/no\/wp-json\/wp\/v2\/tags?post=341933"}],"curies":[{"name":"wp","href":"https:\/\/api.w.org\/{rel}","templated":true}]}}