{"id":341939,"date":"2026-09-02T20:54:15","date_gmt":"2026-09-02T20:54:15","guid":{"rendered":"https:\/\/www.europesays.com\/no\/341939\/"},"modified":"2026-09-02T20:54:15","modified_gmt":"2026-09-02T20:54:15","slug":"strom-midt-norge-vannmagasinene-tappes-videre","status":"publish","type":"post","link":"https:\/\/www.europesays.com\/no\/341939\/","title":{"rendered":"Str\u00f8m, Midt-Norge | Vannmagasinene tappes videre"},"content":{"rendered":"\n<p><a href=\"https:\/\/www.nettavisen.no\/\" rel=\"Follow nofollow noopener\" target=\"_blank\">(Nettavisen)<\/a>: Som kjent er det veldig lite vann i norske kraftmagasiner i \u00e5r. Sammen med krise i Midt\u00f8sten og skyh\u00f8ye gasspriser, har det sendt str\u00f8mprisene kraftig opp.<\/p>\n<p>Situasjonen er s\u00e5 spent at NVE i forrige uke bestemte seg for \u00e5 bryte inn i kraftmarkedet.<\/p>\n<p><b>Les ogs\u00e5: <\/b><\/p>\n<p>N\u00e5 m\u00e5 kraftprodusentene gi detaljert informasjon om hvordan de bruker vannmagasinene, og hva slags prognoser de faktisk sitter p\u00e5. I f\u00f8rste omgang gjelder det Midt-Norge, fordi NVE er bekymret for at landsdelen ikke vil kunne klare \u00e5 importere nok str\u00f8m i vinter.<\/p>\n<p>De varslet samtidig at andre landsdeler kan f\u00e5 det samme.<\/p>\n<p>   <img decoding=\"async\" width=\"877\" height=\"596\" fetchpriority=\"low\"  loading=\"lazy\"  src=\"https:\/\/www.europesays.com\/no\/wp-content\/uploads\/2026\/09\/1788382454_920_nve-35-sor.jpg\" alt=\"\" class=\"brick-c-cFOWSL\" style=\"--brick-image-ratio: 877 \/ 596;\"\/><\/p>\n<p>  Fortsetter \u00e5 tappe magasinene<\/p>\n<p>Nye tall fra NVE viser at magasinene fortsettes \u00e5 tappes, f\u00e5 uker f\u00f8r de normalt n\u00e5r sitt toppunkt f\u00f8r tappesesongen starter.<\/p>\n<p>Fra Midt-Norge og s\u00f8rover ble vannkraftmagasinene tappet med 0,4 TWh, og ligger med det rundt 2 TWh under det laveste som er registrert.<\/p>\n<p>S\u00e6rlig er situasjonen spesiell lengst s\u00f8r i landet, i prisomr\u00e5det NO2.<\/p>\n<p>   <img decoding=\"async\" width=\"870\" height=\"515\" fetchpriority=\"low\"  loading=\"lazy\"  src=\"https:\/\/www.europesays.com\/no\/wp-content\/uploads\/2026\/09\/1788382455_403_nve-35-no2.jpg\" alt=\"\" class=\"brick-c-cFOWSL\" style=\"--brick-image-ratio: 870 \/ 515;\"\/><\/p>\n<p>Dette er omr\u00e5det med st\u00f8rst magasinkapasitet og som huser alle de undersj\u00f8iske utenlandskablene: Det er n\u00e5 10 prosent mindre vann p\u00e5 lager, enn i krise\u00e5ret 2022, som var tidligere bunnrekord.<\/p>\n<p>Bakgrunnstallene viser at det kom marginalt mer nedb\u00f8r enn normalen i forrige uke, men tilsiget i magasinene var likevel lavt. Det er heller ikke ventet \u00e5 bli mye bedre neste uke.<\/p>\n<p>Bekymret for gassprisene<\/p>\n<p>I NVEs ukesrapport p\u00e5pekes det at gassprisene har \u00f8kt, og at den er p\u00e5 sitt h\u00f8yeste siden januar 2023.<\/p>\n<p>\u2013 Hvordan dette vil p\u00e5virke kraftprisene i Europa og Norge vil kunne variere mye fra uke til uke. Blant annet vil effekten avhenge av hvor ofte fossil kraftproduksjon er den prissettende teknologien, skriver NVE.<\/p>\n<p>Denne uken har gassprisen passert 70 euro per MWh (TTF), og var tirsdag en liten periode over 75 euro.<\/p>\n<p>Litt avhengig av virkningsgraden i gasskraftverk, samt kvoteprisen p\u00e5 CO2-utslipp, betyr det at gasskraftprodusentene er avhengig av en str\u00f8mpris p\u00e5 n\u00e6rmere 2 kroner per kWh (ink mva) bare for \u00e5 g\u00e5 i null.<\/p>\n<p>Dette ser vi ogs\u00e5 p\u00e5 tyske str\u00f8mpriser, som n\u00e5 regelmessig passerer et slikt prisniv\u00e5.<\/p>\n","protected":false},"excerpt":{"rendered":"(Nettavisen): Som kjent er det veldig lite vann i norske kraftmagasiner i \u00e5r. Sammen med krise i Midt\u00f8sten&hellip;\n","protected":false},"author":2,"featured_media":341940,"comment_status":"","ping_status":"","sticky":false,"template":"","format":"standard","meta":{"footnotes":"","_share_on_mastodon":"0"},"categories":[10],"tags":[36,20,21,24,25,15,22,23,1647,13,30,28,29,954,14,16,1510,243,26,27],"class_list":["post-341939","post","type-post","status-publish","format-standard","has-post-thumbnail","category-norge","tag-art","tag-breaking-news","tag-breakingnews","tag-featured-news","tag-featurednews","tag-headlines","tag-latest-news","tag-latestnews","tag-midt-norge","tag-news","tag-no","tag-norge","tag-norway","tag-nve","tag-nyheter","tag-overskrifter","tag-story","tag-strom","tag-top-stories","tag-topstories"],"share_on_mastodon":{"url":"https:\/\/pubeurope.com\/@no\/117203440437679526","error":""},"_links":{"self":[{"href":"https:\/\/www.europesays.com\/no\/wp-json\/wp\/v2\/posts\/341939","targetHints":{"allow":["GET"]}}],"collection":[{"href":"https:\/\/www.europesays.com\/no\/wp-json\/wp\/v2\/posts"}],"about":[{"href":"https:\/\/www.europesays.com\/no\/wp-json\/wp\/v2\/types\/post"}],"author":[{"embeddable":true,"href":"https:\/\/www.europesays.com\/no\/wp-json\/wp\/v2\/users\/2"}],"replies":[{"embeddable":true,"href":"https:\/\/www.europesays.com\/no\/wp-json\/wp\/v2\/comments?post=341939"}],"version-history":[{"count":0,"href":"https:\/\/www.europesays.com\/no\/wp-json\/wp\/v2\/posts\/341939\/revisions"}],"wp:featuredmedia":[{"embeddable":true,"href":"https:\/\/www.europesays.com\/no\/wp-json\/wp\/v2\/media\/341940"}],"wp:attachment":[{"href":"https:\/\/www.europesays.com\/no\/wp-json\/wp\/v2\/media?parent=341939"}],"wp:term":[{"taxonomy":"category","embeddable":true,"href":"https:\/\/www.europesays.com\/no\/wp-json\/wp\/v2\/categories?post=341939"},{"taxonomy":"post_tag","embeddable":true,"href":"https:\/\/www.europesays.com\/no\/wp-json\/wp\/v2\/tags?post=341939"}],"curies":[{"name":"wp","href":"https:\/\/api.w.org\/{rel}","templated":true}]}}