{"id":341979,"date":"2026-09-02T21:34:23","date_gmt":"2026-09-02T21:34:23","guid":{"rendered":"https:\/\/www.europesays.com\/no\/341979\/"},"modified":"2026-09-02T21:34:23","modified_gmt":"2026-09-02T21:34:23","slug":"porsgrunn-trafikk-to-biler-i-smell-skaper-store-trafikkproblemer","status":"publish","type":"post","link":"https:\/\/www.europesays.com\/no\/341979\/","title":{"rendered":"Porsgrunn, Trafikk | To biler i smell: Skaper store trafikkproblemer"},"content":{"rendered":"\n<p><b>Siste: <\/b>Veien er \u00e5pen for normal ferdsel. Begge kj\u00f8ret\u00f8yene ble berget av bilberger. En mann i 20-\u00e5rene anmeldes, og har f\u00e5tt sitt f\u00f8rerkort beslaglagt.<\/p>\n<p>N\u00f8detatene har rykket ut etter melding om en trafikkulykke i krysset mellom Her\u00f8yavegen (Rv36) og Breviksvegen (Fv354).<\/p>\n<p>Totalt to personer og to personbiler er involvert i hendelsen. Det er forel\u00f8pig ikke meldt om skadeomfang p\u00e5 de involverte, men ulykken skaper k\u00f8 og forsinkelser p\u00e5 stedet.\u00a0<\/p>\n<p>\u2013 N\u00f8detatene har ankommet stedet. Det drives manuell dirigering. Begge parter har smerter i overkroppen. Ingen av dem er alvorlig skadet, melder operasjonsleder Vegar Dale M\u00f8ane.<\/p>\n<p>\u00c5rsaken til ulykken er brudd p\u00e5 vikeplikten. Begge de involverte er betegnet som lettere skadet, og kj\u00f8res legevakt.<\/p>\n","protected":false},"excerpt":{"rendered":"Siste: Veien er \u00e5pen for normal ferdsel. Begge kj\u00f8ret\u00f8yene ble berget av bilberger. En mann i 20-\u00e5rene anmeldes,&hellip;\n","protected":false},"author":2,"featured_media":341980,"comment_status":"","ping_status":"","sticky":false,"template":"","format":"standard","meta":{"footnotes":"","_share_on_mastodon":"0"},"categories":[10],"tags":[36,20,21,24,25,15,22,23,13,30,28,29,14,16,1370,1510,26,27,224,666],"class_list":["post-341979","post","type-post","status-publish","format-standard","has-post-thumbnail","category-norge","tag-art","tag-breaking-news","tag-breakingnews","tag-featured-news","tag-featurednews","tag-headlines","tag-latest-news","tag-latestnews","tag-news","tag-no","tag-norge","tag-norway","tag-nyheter","tag-overskrifter","tag-porsgrunn","tag-story","tag-top-stories","tag-topstories","tag-trafikk","tag-trafikkulykke"],"share_on_mastodon":{"url":"https:\/\/pubeurope.com\/@no\/117203597063098916","error":""},"_links":{"self":[{"href":"https:\/\/www.europesays.com\/no\/wp-json\/wp\/v2\/posts\/341979","targetHints":{"allow":["GET"]}}],"collection":[{"href":"https:\/\/www.europesays.com\/no\/wp-json\/wp\/v2\/posts"}],"about":[{"href":"https:\/\/www.europesays.com\/no\/wp-json\/wp\/v2\/types\/post"}],"author":[{"embeddable":true,"href":"https:\/\/www.europesays.com\/no\/wp-json\/wp\/v2\/users\/2"}],"replies":[{"embeddable":true,"href":"https:\/\/www.europesays.com\/no\/wp-json\/wp\/v2\/comments?post=341979"}],"version-history":[{"count":0,"href":"https:\/\/www.europesays.com\/no\/wp-json\/wp\/v2\/posts\/341979\/revisions"}],"wp:featuredmedia":[{"embeddable":true,"href":"https:\/\/www.europesays.com\/no\/wp-json\/wp\/v2\/media\/341980"}],"wp:attachment":[{"href":"https:\/\/www.europesays.com\/no\/wp-json\/wp\/v2\/media?parent=341979"}],"wp:term":[{"taxonomy":"category","embeddable":true,"href":"https:\/\/www.europesays.com\/no\/wp-json\/wp\/v2\/categories?post=341979"},{"taxonomy":"post_tag","embeddable":true,"href":"https:\/\/www.europesays.com\/no\/wp-json\/wp\/v2\/tags?post=341979"}],"curies":[{"name":"wp","href":"https:\/\/api.w.org\/{rel}","templated":true}]}}