{"id":342039,"date":"2026-09-02T22:25:43","date_gmt":"2026-09-02T22:25:43","guid":{"rendered":"https:\/\/www.europesays.com\/no\/342039\/"},"modified":"2026-09-02T22:25:43","modified_gmt":"2026-09-02T22:25:43","slug":"kommentar-her-er-det-fortsatt-mange-sporsmal-adressa-no","status":"publish","type":"post","link":"https:\/\/www.europesays.com\/no\/342039\/","title":{"rendered":"KOMMENTAR: Her er det fortsatt mange sp\u00f8rsm\u00e5l &#8211; adressa.no"},"content":{"rendered":"<ol>\n<li><a href=\"https:\/\/news.google.com\/rss\/articles\/CBMigAFBVV95cUxNM0dtMnNRclQzcjRMQ3RaSE1uRy1JaVUxX1poMklMMWFZVXFsS0w0OEd2SUh4V3RvckM3RnNUalVmdy1jTVhxQ0xEaFJnamtSalFfZkRMXzE2WDc3amVhQWhLcXRNODVzQ1BocXNRek1kZjA4eGw4VzJjejhDQTY5Yw?oc=5\" target=\"_blank\" rel=\"nofollow noopener\">KOMMENTAR: Her er det fortsatt mange sp\u00f8rsm\u00e5l<\/a>&nbsp;&nbsp;adressa.no<\/li>\n<li><a href=\"https:\/\/news.google.com\/rss\/articles\/CBMirwFBVV95cUxOdGZUOWdfQ3lnRUhyWmZ6TEZ0TkNOR0kyTktiWXVHZ1dfMFpHX3VUdUFhWXNvek9YekEtRWNqMGtHeW1LMWtXLU1RbUZoRE1VbXJUM2lWdXBrTnQxR20xSjBvcnpzV091b1hnUzEySDJCS25mZmVKeWhyRVZsYUxkX2N1b0NkRUVEaXhET3o4V29UTzhnZVNzT2swa3lhY093Y2EwVTZMTzZrZGc5TGVV?oc=5\" target=\"_blank\" rel=\"nofollow noopener\">Trump om prins Harry og Meghan: &#8211; Glad de har forlatt<\/a>&nbsp;&nbsp;Dagbladet<\/li>\n<li><a href=\"https:\/\/news.google.com\/rss\/articles\/CBMiwgFBVV95cUxQYjQ4SUxvUm4za3VRVEhPTjFYZUxLZ2llTVN0WElHM0NZdGZCVTdmTVlHc3Y4eGhwaXVCMDFrVnFENXBzQUkzdldnRmtCQUQ1QmlPQ1VjRmdpM1RRa1JHTmdRcjJzQ215MjlFei1RRkxOLVBIOVFsendGZlpReXR6eEFuRGhMdXpmbjFwVDVNNjBpOTdhYm5MTE9YVWQwODFPVjdRZGhjQ0ZYVVNTM0NkZThORDQxWDhZWWNXY3VZTjdQUQ?oc=5\" target=\"_blank\" rel=\"nofollow noopener\">P\u00e5greip drapstiltalte J\u00f8rn Andersen: \u2013 Da sa han noko s\u00e5nt som at \u00abeg erkjenner alt\u00bb<\/a>&nbsp;&nbsp;NRK<\/li>\n<li><a href=\"https:\/\/news.google.com\/rss\/articles\/CBMimgFBVV95cUxQNk1GYThiQUNPTDRMLWJOeVlqb3R6MEswdmdySFduWWZMRTNYSGN4dVZEWUstdVVBMWZGU3NDRVBRNnFtaVBmcGFXdDN2SVZWMnJFT2Z2alFWZDlWdnJrdkxOdkVVUzRGV0ZmMFdQTE9ONm5DYnhuRl9KME5yZWxTc3EwQVg2cS1ZN0NTRTd5Uk44NnNUU3dZaEF3?oc=5\" target=\"_blank\" rel=\"nofollow noopener\">Drapet p\u00e5 Marita L\u00f8fshus Haugen: Ledet politiet til J\u00f8rn Andersen: \u2013 Jeg hadde ingen mistanke<\/a>&nbsp;&nbsp;TV 2<\/li>\n<li><a href=\"https:\/\/news.google.com\/rss\/articles\/CBMic0FVX3lxTE1aVEZXYm9YelRIODh1VWlSV0xOLWM2Z1hSZDdiSjdTSld2SmJYU0liU3hkanVINGFZYjdCdC1vRmRLWWx6Zm1adTlQMjZXNFdzbHJvQndOeTA0YzU0eWVid2R3bnV5cXJmcTlBZ0I3VjZ4bGM?oc=5\" target=\"_blank\" rel=\"nofollow noopener\">Familien krever 3,5 millioner &#8211; Andersen har sagt ja til \u00e5 betale<\/a>&nbsp;&nbsp;avisa-st.no<\/li>\n<\/ol>\n","protected":false},"excerpt":{"rendered":"KOMMENTAR: Her er det fortsatt mange sp\u00f8rsm\u00e5l&nbsp;&nbsp;adressa.no Trump om prins Harry og Meghan: &#8211; Glad de har forlatt&nbsp;&nbsp;Dagbladet&hellip;\n","protected":false},"author":2,"featured_media":342040,"comment_status":"","ping_status":"","sticky":false,"template":"","format":"standard","meta":{"footnotes":"","_share_on_mastodon":"0"},"categories":[5],"tags":[20,21,26268,377,24,25,15,19,760,148,22,23,13831,14180,17,18,13,30,28,29,14,16,26,27],"class_list":["post-342039","post","type-post","status-publish","format-standard","has-post-thumbnail","category-overskrifter","tag-breaking-news","tag-breakingnews","tag-club-4","tag-drap","tag-featured-news","tag-featurednews","tag-headlines","tag-hovedoppslag","tag-kommentarer","tag-kriminalitet","tag-latest-news","tag-latestnews","tag-lokken-verk","tag-lokken-drapet","tag-main-news","tag-mainnews","tag-news","tag-no","tag-norge","tag-norway","tag-nyheter","tag-overskrifter","tag-top-stories","tag-topstories"],"share_on_mastodon":{"url":"https:\/\/pubeurope.com\/@no\/117203797519266353","error":""},"_links":{"self":[{"href":"https:\/\/www.europesays.com\/no\/wp-json\/wp\/v2\/posts\/342039","targetHints":{"allow":["GET"]}}],"collection":[{"href":"https:\/\/www.europesays.com\/no\/wp-json\/wp\/v2\/posts"}],"about":[{"href":"https:\/\/www.europesays.com\/no\/wp-json\/wp\/v2\/types\/post"}],"author":[{"embeddable":true,"href":"https:\/\/www.europesays.com\/no\/wp-json\/wp\/v2\/users\/2"}],"replies":[{"embeddable":true,"href":"https:\/\/www.europesays.com\/no\/wp-json\/wp\/v2\/comments?post=342039"}],"version-history":[{"count":0,"href":"https:\/\/www.europesays.com\/no\/wp-json\/wp\/v2\/posts\/342039\/revisions"}],"wp:featuredmedia":[{"embeddable":true,"href":"https:\/\/www.europesays.com\/no\/wp-json\/wp\/v2\/media\/342040"}],"wp:attachment":[{"href":"https:\/\/www.europesays.com\/no\/wp-json\/wp\/v2\/media?parent=342039"}],"wp:term":[{"taxonomy":"category","embeddable":true,"href":"https:\/\/www.europesays.com\/no\/wp-json\/wp\/v2\/categories?post=342039"},{"taxonomy":"post_tag","embeddable":true,"href":"https:\/\/www.europesays.com\/no\/wp-json\/wp\/v2\/tags?post=342039"}],"curies":[{"name":"wp","href":"https:\/\/api.w.org\/{rel}","templated":true}]}}