{"id":342067,"date":"2026-09-02T22:53:16","date_gmt":"2026-09-02T22:53:16","guid":{"rendered":"https:\/\/www.europesays.com\/no\/342067\/"},"modified":"2026-09-02T22:53:16","modified_gmt":"2026-09-02T22:53:16","slug":"iphone-18-pro-kan-komme-ut-av-solvfargen-nye-farger-er-klare-til-a-overraske-deg","status":"publish","type":"post","link":"https:\/\/www.europesays.com\/no\/342067\/","title":{"rendered":"iPhone 18 Pro kan komme ut av s\u00f8lvfargen; nye farger er klare til \u00e5 overraske deg."},"content":{"rendered":"<p class=\"PlaygroundEditorTheme__paragraph\" dir=\"ltr\">Om litt over en uke vil <a class=\"data-link\" data-org-href=\"https:\/\/www.vietnam.vn\/no\/tag\/apple\" href=\"https:\/\/www.vietnam.vn\/no\/tag\/apple\" title=\"Eple\" target=\"_blank\" rel=\"nofollow noopener\">Apple<\/a> offisielt avduke sine nyeste produkter p\u00e5 et spesielt arrangement som finner sted tidlig om morgenen 10. september i Cupertino, California (USA). Blant de nye produktene vil selskapet, i tillegg til den f\u00f8rste sammenleggbare iPhonen, ogs\u00e5 introdusere iPhone 18 Pro og 18 Pro Max. <\/p>\n<p class=\"PlaygroundEditorTheme__paragraph\" dir=\"ltr\"><img loading=\"lazy\" decoding=\"async\" style=\"cursor:pointer\" src=\"https:\/\/www.europesays.com\/no\/wp-content\/uploads\/2026\/09\/1788342903379_1-17883375141231226355287.jpeg\" alt=\"iPhone 18 Pro kan komme ut av s\u00f8lvfargen, med nye farger som er klare til \u00e5 overraske deg \u2013 Bilde 1.\" width=\"1200\" height=\"800\"\/><\/p>\n<p class=\"PlaygroundEditorTheme__paragraph\" dir=\"ltr\"> Vil ikke alle tre fargealternativene p\u00e5 iPhone 17 Pro v\u00e6re tilgjengelige p\u00e5 etterf\u00f8lgeren?<\/p>\n<p class=\"PlaygroundEditorTheme__paragraph\" dir=\"ltr\"> FOTO: REUTERS<\/p>\n<p class=\"PlaygroundEditorTheme__paragraph\" dir=\"ltr\"> If\u00f8lge en rapport fra Forbes vil fargevalgene til iPhone 18 Pro avvike fra tidligere lekket informasjon. Lekkasjeekspert Fixed Focus Digital uttalte p\u00e5 Weibo at dyp kirseb\u00e6rr\u00f8d (ogs\u00e5 kjent som vinr\u00f8d) fortsatt er et popul\u00e6rt fargevalg. S\u00f8lvalternativet er imidlertid kanskje ikke lenger tilgjengelig i denne nye versjonen.<\/p>\n<p class=\"PlaygroundEditorTheme__paragraph\" dir=\"ltr\"> Dette er en overraskende detalj, ettersom mange tidligere sp\u00e5dommer antydet at s\u00f8lv ville v\u00e6re den eneste fargen som ble beholdt fra iPhone 17 Pro-serien, men muligens en annen variant. Omvendt vil de svarte eller stellargr\u00e5 fargene, som har forsvunnet fra nyere Pro-modeller, sannsynligvis bli brakt tilbake i iPhone 18 Pro-serien.<\/p>\n<p> Apples invitasjon hinter til en ny farge for iPhone 18 Pro?<\/p>\n<p class=\"PlaygroundEditorTheme__paragraph\" dir=\"ltr\"> I tillegg er det sp\u00e5dd at en ny farge vil dukke opp, lysebl\u00e5, som samsvarer med den dominerende fargen i Apples arrangementsinvitasjon. If\u00f8lge Bloomberg-ekspert Mark Gurman hinter den lysebl\u00e5 fargen i arrangementsinvitasjonen til den kommende iPhonen.<\/p>\n<p class=\"PlaygroundEditorTheme__paragraph\" dir=\"ltr\"> Det er imidlertid fortsatt usikkert hvorvidt den endelige fargepaletten skal bestemmes. Siden Apple sjelden bruker en dominerende farge to ganger p\u00e5 rad, vil den popul\u00e6re Space Orange-fargen til iPhone 17 Pro sannsynligvis ikke bli beholdt i den nye iPhone Pro-serien.<\/p>\n<p class=\"PlaygroundEditorTheme__paragraph\" dir=\"ltr\"> Selv om fargene p\u00e5 den f\u00f8rste sammenleggbare iPhonen forventes \u00e5 v\u00e6re dempede og tradisjonelle, som s\u00f8lv, svart eller m\u00f8rkebl\u00e5, kan debatten rundt Pro-versjonens farge skape en stor overraskelse n\u00e5r Apple offisielt annonserer den neste uke. iPhone 18 Pro lover \u00e5 \u00e5pne en imponerende ny retning for Apples <a class=\"data-link\" data-org-href=\"https:\/\/www.vietnam.vn\/no\/tag\/smartphone\" href=\"https:\/\/www.vietnam.vn\/no\/tag\/smartphone\" title=\"smarttelefon\" target=\"_blank\" rel=\"nofollow noopener\">smarttelefonlinje<\/a> , s\u00e5 mange vil bli overrasket om selskapet ikke tilbyr svart eller m\u00f8rkegr\u00e5 for andre \u00e5r p\u00e5 rad.<\/p>\n<p class=\"PlaygroundEditorTheme__paragraph\" dir=\"ltr\"> Kilde: https:\/\/thanhnien.vn\/iphone-18-pro-co-the-bo-mau-bac-mau-sac-moi-san-sang-tao-bat-ngo-185260902153011197.htm<\/p>\n","protected":false},"excerpt":{"rendered":"Om litt over en uke vil Apple offisielt avduke sine nyeste produkter p\u00e5 et spesielt arrangement som finner&hellip;\n","protected":false},"author":2,"featured_media":342068,"comment_status":"","ping_status":"","sticky":false,"template":"","format":"standard","meta":{"footnotes":"","_share_on_mastodon":"0"},"categories":[57],"tags":[2852,7055,26270,25359,30,28,29,65,63,64,66,70,26271,69,67,68],"class_list":["post-342067","post","type-post","status-publish","format-standard","has-post-thumbnail","category-vitenskap-og-teknologi","tag-eple","tag-farge","tag-iphone-17-pro","tag-iphone-18-pro","tag-no","tag-norge","tag-norway","tag-science","tag-science-and-technology","tag-scienceandtechnology","tag-technology","tag-teknologi","tag-teknologiarrangement","tag-vitenskap","tag-vitenskap-og-teknologi","tag-vitenskapteknologi"],"share_on_mastodon":{"url":"https:\/\/pubeurope.com\/@no\/117203907925266395","error":""},"_links":{"self":[{"href":"https:\/\/www.europesays.com\/no\/wp-json\/wp\/v2\/posts\/342067","targetHints":{"allow":["GET"]}}],"collection":[{"href":"https:\/\/www.europesays.com\/no\/wp-json\/wp\/v2\/posts"}],"about":[{"href":"https:\/\/www.europesays.com\/no\/wp-json\/wp\/v2\/types\/post"}],"author":[{"embeddable":true,"href":"https:\/\/www.europesays.com\/no\/wp-json\/wp\/v2\/users\/2"}],"replies":[{"embeddable":true,"href":"https:\/\/www.europesays.com\/no\/wp-json\/wp\/v2\/comments?post=342067"}],"version-history":[{"count":0,"href":"https:\/\/www.europesays.com\/no\/wp-json\/wp\/v2\/posts\/342067\/revisions"}],"wp:featuredmedia":[{"embeddable":true,"href":"https:\/\/www.europesays.com\/no\/wp-json\/wp\/v2\/media\/342068"}],"wp:attachment":[{"href":"https:\/\/www.europesays.com\/no\/wp-json\/wp\/v2\/media?parent=342067"}],"wp:term":[{"taxonomy":"category","embeddable":true,"href":"https:\/\/www.europesays.com\/no\/wp-json\/wp\/v2\/categories?post=342067"},{"taxonomy":"post_tag","embeddable":true,"href":"https:\/\/www.europesays.com\/no\/wp-json\/wp\/v2\/tags?post=342067"}],"curies":[{"name":"wp","href":"https:\/\/api.w.org\/{rel}","templated":true}]}}