{"id":342123,"date":"2026-09-03T00:01:24","date_gmt":"2026-09-03T00:01:24","guid":{"rendered":"https:\/\/www.europesays.com\/no\/342123\/"},"modified":"2026-09-03T00:01:24","modified_gmt":"2026-09-03T00:01:24","slug":"dronning-mette-marit-kong-haakon-politiet-refset-pressen-se-og-hor-forsvarer-mette-marit-bilde-2","status":"publish","type":"post","link":"https:\/\/www.europesays.com\/no\/342123\/","title":{"rendered":"Dronning Mette-Marit, Kong Haakon | Politiet refset pressen: Se og H\u00f8r forsvarer Mette-Marit-bilde"},"content":{"rendered":"<p> (<a href=\"https:\/\/www.nettavisen.no\" rel=\"nofollow noopener\" target=\"_blank\">Nettavisen<\/a>) <\/p>\n<p>Tirsdag opplyste Slottet at <a href=\"https:\/\/www.nettavisen.no\/kjendis\/dronning-mette-marit-uteblir-fra-edsavleggelsen\/s\/80-95-45536\" rel=\"Follow nofollow noopener\" target=\"_blank\">dronning Mette-Marit (53) har hatt komplikasjoner etter lungetransplantasjonen<\/a>, og at hun m\u00e5tte bli observert gjennom dagen. Hun var derfor ikke til stede da kong Haakon (53) avla ed for Stortinget.<\/p>\n<p>Kong Haakon ankom Rikshospitalet like etter klokken 17. Kort tid senere ble ogs\u00e5 prinsesse M\u00e4rtha Louise (54) observert p\u00e5 Rikshospitalet.<\/p>\n<p><b>Les ogs\u00e5: <\/b><a href=\"https:\/\/www.nettavisen.no\/nyheter\/jens-stoltenberg-hyller-kong-haakon-kong-harald-og-dronning-sonja\/s\/80-95-46457\" rel=\"Follow nofollow noopener\" target=\"_blank\"><b>Deler personlige historier om kongehuset<\/b><\/a><\/p>\n<p>Like etter kongens ankomst publiserte Se og H\u00f8r bilder av dronning Mette-Marit, som kom ut av baksetet i bilen ved inngangen til Rikshospitalet. Kort tid senere var ikke lenger bildet \u00e5 se p\u00e5 forsiden til Se og H\u00f8r.<\/p>\n<p>Det er derimot fortsatt \u00e5 finne i br\u00f8dteksten i en av sakene bak betalingsmur hos Se og H\u00f8r.<\/p>\n<p>   <img decoding=\"async\" width=\"7008\" height=\"4672\" fetchpriority=\"low\"  loading=\"lazy\"  src=\"https:\/\/www.europesays.com\/no\/wp-content\/uploads\/2026\/09\/1788393681_983_kongefamilien ankommer slottsplassen (3).JPG\" alt=\"\" class=\"brick-c-cFOWSL\" style=\"--brick-image-ratio: 7008 \/ 4672;\"\/><\/p>\n<p>      OPP OG NED: Mandag kveld var Mette-Marit i form til \u00e5 legge ned blomster utenfor Slottet.<br \/>\n      Foto: Jesper Horsinek (Nettavisen)\n    <\/p>\n<p>  Politiet kritiserte pressen<\/p>\n<p>Tirsdag kveld <a href=\"https:\/\/www.nettavisen.no\/nyheter\/politiet-kritiserer-oslo-pressens-framferd-ved-rikshospitalet\/s\/80-95-47339\" rel=\"Follow nofollow noopener\" target=\"_blank\">sendte politiet ut en anmodning til pressen<\/a>, etter at Rikshospitalet gjentatte ganger de siste dagene m\u00e5tte be politiet om bistand for \u00e5 h\u00e5ndtere pressen p\u00e5 stedet.<\/p>\n<p>\u2013 Det anmodes om at pressen ogs\u00e5 klarer \u00e5 oppf\u00f8re seg med verdighet og har respekt for p\u00e5r\u00f8rende som er p\u00e5 bes\u00f8k til syke familiemedlemmer. Oslo politidistrikt har mer enn nok \u00e5 gj\u00f8re uten at vi m\u00e5 v\u00e6re barnevakt for journalister som ikke klarer \u00e5 rette seg etter anmodning fra vektere p\u00e5 Rikshospitalet, skrev operasjonsleder Per-Ivar Iversen i politiloggen.<\/p>\n<p><b>Les ogs\u00e5: <\/b><a href=\"https:\/\/www.nettavisen.no\/kjendis\/derfor-er-ikke-marius-til-stede-i-stortinget\/s\/5-95-3214985\" rel=\"Follow nofollow noopener\" target=\"_blank\"><b>Derfor var ikke Marius til stede<\/b><\/a><\/p>\n<p>Pressen har f\u00e5tt tildelt en anvist plass utenfor sykehuset, men flere medlemmer av pressen har trosset anvisningen og plassert seg p\u00e5 andre steder.<\/p>\n<p>Det nevnte bildet av dronning Mette-Marit ble tatt fra en annen plassering enn den presseanviste sonen.<\/p>\n<p>   <img decoding=\"async\" width=\"4244\" height=\"2829\" fetchpriority=\"low\"  loading=\"lazy\"  src=\"https:\/\/www.europesays.com\/no\/wp-content\/uploads\/2026\/09\/1788393683_614_e1Owzni2bBQ.jpg\" alt=\"\" class=\"brick-c-cFOWSL\" style=\"--brick-image-ratio: 4244 \/ 2829;\"\/><\/p>\n<p>      ANVIST PLASS: Pressen har f\u00e5tt anmodning om \u00e5 holde seg p\u00e5 dette omr\u00e5det ved innkj\u00f8ringen til Rikshospitalet.<br \/>\n      Foto: Lise \u00c5serud (NTB)\n    <\/p>\n<p>  Se og H\u00f8r: \u2013 Stor dokumentasjonsverdi<\/p>\n<p>Overfor Nettavisen forklarer Se og H\u00f8rs sjefredakt\u00f8r, Niklas Kokkinn-Thoresen, hvorfor de fjernet bildet av dronningen fra forsiden tirsdag kveld.<\/p>\n<p>\u2013 Vi skiftet fortl\u00f8pende ut reportasjebildene til denne saken, ettersom nyhetsbildet p\u00e5 Rikshospitalet var under l\u00f8pende utvikling utover kvelden i g\u00e5r, sier Kokkinn-Thoresen til Nettavisen.<\/p>\n<p>   <img decoding=\"async\" width=\"1200\" height=\"889\" fetchpriority=\"low\"  loading=\"lazy\"  src=\"https:\/\/www.europesays.com\/no\/wp-content\/uploads\/2026\/09\/1788393684_11_SE OG H\u00d8R NIKLAS.jpg\" alt=\"\" class=\"brick-c-cFOWSL\" style=\"--brick-image-ratio: 1200 \/ 889;\"\/><\/p>\n<p>      SJEFREDAKT\u00d8R: Niklas Kokkinn-Thoresen.<br \/>\n      Foto: Knut-Erik Lahn (Nettavisen)\n    <\/p>\n<p>Videre presiserer han at bildet ikke er blitt avpublisert, og at det fortsatt er i bruk i en av ukebladets plussede saker.<\/p>\n<p>\u2013 Reportasjebildet er fortsatt \u00e5 finne i en av v\u00e5re pluss-saker. Bildet har stor dokumentasjonsverdi, sier Kokkinn-Thoresen.<\/p>\n<p>Nettavisen har stilt sp\u00f8rsm\u00e5l ved hvilke redaksjonelle vurderinger som ble gjort rundt publiseringen av bildet, og om bildet ble fjernet fra fronten fordi det sal brukes i den trykkede utgaven av Se og H\u00f8r, uten \u00e5 f\u00e5 svar.<\/p>\n","protected":false},"excerpt":{"rendered":"(Nettavisen) Tirsdag opplyste Slottet at dronning Mette-Marit (53) har hatt komplikasjoner etter lungetransplantasjonen, og at hun m\u00e5tte bli&hellip;\n","protected":false},"author":2,"featured_media":342124,"comment_status":"","ping_status":"","sticky":false,"template":"","format":"standard","meta":{"footnotes":"","_share_on_mastodon":"0"},"categories":[5],"tags":[36,20,21,26098,24,25,15,19,479,1153,26072,2590,22,23,6257,17,18,13,30,28,29,14,16,2805,401,1510,26,27],"class_list":["post-342123","post","type-post","status-publish","format-standard","has-post-thumbnail","category-overskrifter","tag-art","tag-breaking-news","tag-breakingnews","tag-dronning-mette-marit","tag-featured-news","tag-featurednews","tag-headlines","tag-hovedoppslag","tag-kjendis","tag-kjendisvarsel","tag-kong-haakon","tag-kong-harald","tag-latest-news","tag-latestnews","tag-lungefibrose","tag-main-news","tag-mainnews","tag-news","tag-no","tag-norge","tag-norway","tag-nyheter","tag-overskrifter","tag-rikshospitalet","tag-se-og-hor","tag-story","tag-top-stories","tag-topstories"],"share_on_mastodon":{"url":"https:\/\/pubeurope.com\/@no\/117204175713315075","error":""},"_links":{"self":[{"href":"https:\/\/www.europesays.com\/no\/wp-json\/wp\/v2\/posts\/342123","targetHints":{"allow":["GET"]}}],"collection":[{"href":"https:\/\/www.europesays.com\/no\/wp-json\/wp\/v2\/posts"}],"about":[{"href":"https:\/\/www.europesays.com\/no\/wp-json\/wp\/v2\/types\/post"}],"author":[{"embeddable":true,"href":"https:\/\/www.europesays.com\/no\/wp-json\/wp\/v2\/users\/2"}],"replies":[{"embeddable":true,"href":"https:\/\/www.europesays.com\/no\/wp-json\/wp\/v2\/comments?post=342123"}],"version-history":[{"count":0,"href":"https:\/\/www.europesays.com\/no\/wp-json\/wp\/v2\/posts\/342123\/revisions"}],"wp:featuredmedia":[{"embeddable":true,"href":"https:\/\/www.europesays.com\/no\/wp-json\/wp\/v2\/media\/342124"}],"wp:attachment":[{"href":"https:\/\/www.europesays.com\/no\/wp-json\/wp\/v2\/media?parent=342123"}],"wp:term":[{"taxonomy":"category","embeddable":true,"href":"https:\/\/www.europesays.com\/no\/wp-json\/wp\/v2\/categories?post=342123"},{"taxonomy":"post_tag","embeddable":true,"href":"https:\/\/www.europesays.com\/no\/wp-json\/wp\/v2\/tags?post=342123"}],"curies":[{"name":"wp","href":"https:\/\/api.w.org\/{rel}","templated":true}]}}