{"id":342139,"date":"2026-09-03T00:21:14","date_gmt":"2026-09-03T00:21:14","guid":{"rendered":"https:\/\/www.europesays.com\/no\/342139\/"},"modified":"2026-09-03T00:21:14","modified_gmt":"2026-09-03T00:21:14","slug":"tim-currys-dodsarsak-er-offentliggjort-stjerne-fra-alene-hjemme","status":"publish","type":"post","link":"https:\/\/www.europesays.com\/no\/342139\/","title":{"rendered":"Tim Currys d\u00f8ds\u00e5rsak er offentliggjort, Stjerne fra Alene hjemme"},"content":{"rendered":"<p class=\"kicker \" style=\"\">Tim Curry:\u00a0<\/p>\n<p class=\"subtitle \" style=\"\">Skuespilleren gikk bort for en uke siden, 80 \u00e5r gammel. N\u00e5 er d\u00f8ds\u00e5rsaken offentliggjort.<\/p>\n<p>\n    FILMIKON: Tim Curry ble verdensber\u00f8mt som Dr. Frank-N-Furter i filmen \u00abThe Rocky Horror Picture Show\u00bb. Foto: NTB\n  <\/p>\n<p>Den folkekj\u00e6re britiske skuespilleren Tim Curry gikk bort 25. august i hjemmet sitt i Los Angeles. Han ble 80 \u00e5r gammel.\u00a0<\/p>\n<p>N\u00e5 melder <a href=\"https:\/\/people.com\/tim-curry-cause-of-death-revealed-12068616\" rel=\"nofollow noopener\" target=\"_blank\">People<\/a> at skuespilleren d\u00f8de av koronarsykdom, som er\u00a0en fellesbetegnelse p\u00e5 lidelser som skyldes innsnevringer eller blokkeringer i hjertets krans\u00e5rer, if\u00f8lge <a href=\"https:\/\/nhi.no\/sykdommer\/hjertekar\/koronarsykdom\/hjertesykdom-forebygg-komplikasjoner\" rel=\"nofollow noopener\" target=\"_blank\">NHI<\/a>.\u00a0<\/p>\n<p>    <a itemprop=\"url\" href=\"https:\/\/www.seher.no\/kjendis\/tim-curry-er-dod\/85065918\" rel=\"nofollow noopener\" target=\"_blank\"><\/p>\n<p>        <img loading=\"lazy\" decoding=\"async\" src=\"https:\/\/www.europesays.com\/no\/wp-content\/uploads\/2026\/09\/85065987.webp\" width=\"147\" height=\"98\" alt=\"\" class=\"lazyload\" style=\"--aspect-ratio-image: 1.50; \"\/><\/p>\n<p>        Tim Curry er d\u00f8d<\/p>\n<p>    <\/a><\/p>\n<p>If\u00f8lge dokumenter fra helsemyndighetene i Los Angeles hadde Curry ogs\u00e5 hatt hjerneslag og nyrekreft. Dette ble oppf\u00f8rt som andre sykdommer som hadde betydning for d\u00f8dsfallet, men det var koronarsykdommen som ble registrert som den direkte d\u00f8ds\u00e5rsaken.<\/p>\n<p>        S\u00f8nnen (3) d\u00f8de: Nye svar etter tragedien \/\/ Foto:  Privat, Instagram \/\/ Stemme: AI \/\/ Klipp: Nico Aagaard<\/p>\n<p>Det ble ikke utf\u00f8rt operasjoner i forbindelse med noen av disse sykdommene, if\u00f8lge People.\u00a0<\/p>\n<p>Curry hadde en lang karriere som skuespiller, b\u00e5de p\u00e5 teater, film og TV.<\/p>\n<p>Han startet karrieren p\u00e5 teaterscenen i London. I 1968 var han med i den f\u00f8rste London-oppsetningen av musikalen\u00a0\u00abHair\u00bb.<\/p>\n<p>    <a itemprop=\"url\" href=\"https:\/\/www.seher.no\/kjendis\/funnet-av-venn\/85025988\" rel=\"nofollow noopener\" target=\"_blank\"><\/p>\n<p>        <img loading=\"lazy\" decoding=\"async\" src=\"https:\/\/www.europesays.com\/no\/wp-content\/uploads\/2026\/09\/85026334.webp\" width=\"147\" height=\"98\" alt=\"\" class=\"lazyload\" style=\"--aspect-ratio-image: 1.50; \"\/><\/p>\n<p>        &#8211; Funnet av venn<\/p>\n<p>    <\/a><\/p>\n<p>Det store gjennombruddet kom noen \u00e5r senere. Curry er best kjent som Dr. Frank-N-Furter i \u00abThe Rocky Horror Picture Show\u00bb og klovnen Pennywise i skrekkfilmen \u00abIt\u00bb. <\/p>\n<p>        <img loading=\"lazy\" decoding=\"async\" src=\"https:\/\/www.europesays.com\/no\/wp-content\/uploads\/2026\/09\/1788394873_93_85103231.webp\" width=\"686\" height=\"913\" alt=\"\" class=\"\" style=\"--aspect-ratio-image: 0.75; \"\/><\/p>\n<p>\n        GJENNOMBRUDD: Tim Curry som Frank-N-Furter i \u00abThe Rocky Horror Picture Show\u00bb. Foto: Shutterstock \/ NTB\n    <\/p>\n<p> Han spilte ogs\u00e5 rollen som Mr. Hector i \u00abHome Alone 2: Lost in New York\u00bb, og dukket opp i filmer som \u00abAnnie\u00bb, \u00abThe Hunt for Red October\u00bb, \u00abMuppet Treasure Island\u00bb og \u00abScary Movie 2\u00bb. <\/p>\n<p>        <img loading=\"lazy\" decoding=\"async\" src=\"https:\/\/www.europesays.com\/no\/wp-content\/uploads\/2026\/09\/85103292.webp\" width=\"667\" height=\"634\" alt=\"\" class=\"\" style=\"--aspect-ratio-image: 1.05; \"\/><\/p>\n<p>\n        \u00abALENE HJEMME\u00bb: Tim Curry i \u00abAlene hjemme 2 &#8211; Forlatt i New York\u00bb fra 1992, regissert av Chris Columbus. Foto: NTB\n    <\/p>\n<p>I 2012 fikk Curry et alvorlig hjerneslag. Etter dette ble det vanskeligere for ham \u00e5 g\u00e5, og han trakk seg gradvis tilbake fra offentligheten.<\/p>\n<p>Han fortsatte likevel \u00e5 jobbe, blant annet med stemmeskuespill.<\/p>\n<p>    <a itemprop=\"url\" href=\"https:\/\/www.seher.no\/kjendis\/familien-opplyser-her-er-hun-gravlagt\/85086650\" rel=\"nofollow noopener\" target=\"_blank\"><\/p>\n<p>        <img loading=\"lazy\" decoding=\"async\" src=\"https:\/\/www.europesays.com\/no\/wp-content\/uploads\/2026\/09\/1788394874_345_85086659.webp\" width=\"147\" height=\"98\" alt=\"\" class=\"lazyload\" style=\"--aspect-ratio-image: 1.50; \"\/><\/p>\n<p>        Familien opplyser: Her er hun gravlagt<\/p>\n<p>    <\/a><\/p>\n<p>I 2025 fortalte Curry \u00e5pent om hvordan livet hadde blitt etter hjerneslaget. Det skjedde under en markering av 50-\u00e5rsjubileet til\u00a0The Rocky Horror Picture Show\u00a0i Los Angeles.<\/p>\n<p>        Hyller kronprinsessens valg \/\/ Foto: NTB \/\/ Stemme: AI \/\/ Klipp: Nico Aagaard<\/p>\n<p>&#8211; Jeg kan fortsatt ikke g\u00e5, og derfor sitter jeg i denne stolen. Det begrenser meg veldig, fortalte han.<\/p>\n","protected":false},"excerpt":{"rendered":"Tim Curry:\u00a0 Skuespilleren gikk bort for en uke siden, 80 \u00e5r gammel. N\u00e5 er d\u00f8ds\u00e5rsaken offentliggjort. FILMIKON: Tim&hellip;\n","protected":false},"author":2,"featured_media":342140,"comment_status":"","ping_status":"","sticky":false,"template":"","format":"standard","meta":{"footnotes":"","_share_on_mastodon":"0"},"categories":[58],"tags":[10108,576,71,479,2543,30,28,29,26025,72],"class_list":["post-342139","post","type-post","status-publish","format-standard","has-post-thumbnail","category-underholdning","tag-dodsarsak","tag-dodsfall","tag-entertainment","tag-kjendis","tag-kjendisdesken","tag-no","tag-norge","tag-norway","tag-tim-curry","tag-underholdning"],"share_on_mastodon":{"url":"https:\/\/pubeurope.com\/@no\/117204254483286819","error":""},"_links":{"self":[{"href":"https:\/\/www.europesays.com\/no\/wp-json\/wp\/v2\/posts\/342139","targetHints":{"allow":["GET"]}}],"collection":[{"href":"https:\/\/www.europesays.com\/no\/wp-json\/wp\/v2\/posts"}],"about":[{"href":"https:\/\/www.europesays.com\/no\/wp-json\/wp\/v2\/types\/post"}],"author":[{"embeddable":true,"href":"https:\/\/www.europesays.com\/no\/wp-json\/wp\/v2\/users\/2"}],"replies":[{"embeddable":true,"href":"https:\/\/www.europesays.com\/no\/wp-json\/wp\/v2\/comments?post=342139"}],"version-history":[{"count":0,"href":"https:\/\/www.europesays.com\/no\/wp-json\/wp\/v2\/posts\/342139\/revisions"}],"wp:featuredmedia":[{"embeddable":true,"href":"https:\/\/www.europesays.com\/no\/wp-json\/wp\/v2\/media\/342140"}],"wp:attachment":[{"href":"https:\/\/www.europesays.com\/no\/wp-json\/wp\/v2\/media?parent=342139"}],"wp:term":[{"taxonomy":"category","embeddable":true,"href":"https:\/\/www.europesays.com\/no\/wp-json\/wp\/v2\/categories?post=342139"},{"taxonomy":"post_tag","embeddable":true,"href":"https:\/\/www.europesays.com\/no\/wp-json\/wp\/v2\/tags?post=342139"}],"curies":[{"name":"wp","href":"https:\/\/api.w.org\/{rel}","templated":true}]}}