{"id":342165,"date":"2026-09-03T01:02:11","date_gmt":"2026-09-03T01:02:11","guid":{"rendered":"https:\/\/www.europesays.com\/no\/342165\/"},"modified":"2026-09-03T01:02:11","modified_gmt":"2026-09-03T01:02:11","slug":"en-av-fem-barn-utsatt-for-seksuell-utnyttelse-pa-nett","status":"publish","type":"post","link":"https:\/\/www.europesays.com\/no\/342165\/","title":{"rendered":"\u00c9n av fem barn utsatt for seksuell utnyttelse p\u00e5 nett"},"content":{"rendered":"\n<p class=\"_lead_145nj_2 _lead_6fko5_53 layout-component text-serif-m layout-normal text-serif-l layout-component layout-wide layout-padded _wide_17hqh_1 layout-padded\">Rundt 20 millioner barn i 21 land ble utsatt i l\u00f8pet av bare ett \u00e5r, viser en rapport fra UNICEF.<\/p>\n<p><img alt=\" Foto: MARTIN LELIEVRE \/ AFP \/ NTB\" class=\"_image_jw3bv_65 layout-component layout-wide\" data-fullscreen- data-track-element-type=\"Article image fullscreen\" data-track-name=\"ImageFullscreen\" fetchpriority=\"high\" decoding=\"sync\" loading=\"eager\" height=\"4363\" itemprop=\"image\"  src=\"https:\/\/www.europesays.com\/no\/wp-content\/uploads\/2026\/09\/92c4dcd7-03e5-3908-a268-07f81496adaf.jpeg\"  style=\"object-position:0% 0%\" width=\"6545\"\/> Foto: MARTIN LELIEVRE \/ AFP \/ NTB<\/p>\n<ul aria-hidden=\"true\" class=\"_images_ntbth_112\">\n<li><a class=\"_link_ntbth_117\" href=\"https:\/\/www.vg.no\/forfatter\/kristina-kinne\" style=\"z-index:2\" title=\"Kristina Kinne\" rel=\"nofollow noopener\" target=\"_blank\"><img alt=\"Bilde av Kristina Kinne\" class=\"_image_ntbth_93\" fetchpriority=\"low\" loading=\"lazy\" decoding=\"async\" itemprop=\"image\"  src=\"https:\/\/www.europesays.com\/no\/wp-content\/uploads\/2026\/09\/1788397330_832_0d72fa05-a426-45fc-b338-22db82e0e5cb.jpeg\"  width=\"480\"\/><\/a><\/li>\n<li><a class=\"_link_ntbth_117\" href=\"https:\/\/www.vg.no\/forfatter\/ntb\" style=\"z-index:1\" title=\"NTB\" rel=\"nofollow noopener\" target=\"_blank\"><img alt=\"Bilde av NTB\" class=\"_image_ntbth_93\" fetchpriority=\"low\" loading=\"lazy\" decoding=\"async\" itemprop=\"image\"  src=\"https:\/\/www.europesays.com\/no\/wp-content\/uploads\/2026\/09\/1788397330_938_c33980b0-5d07-4027-84a1-813f90a7c8d6.jpeg\"  width=\"480\"\/><\/a><\/li>\n<\/ul>\n<p> Oppdatert torsdag 3. september kl. 01:52    <\/p>\n<ul class=\"_list_145nj_3 _list_64s2r_85 _unordered_145nj_106 text-sans-m\">\n<li class=\"_item_145nj_30\">En ny rapport fra UNICEF viser at 1 av 5 barn mellom 12 og 17 \u00e5r har opplevd seksuell utnyttelse p\u00e5 nett.<\/li>\n<li class=\"_item_145nj_30\">Kripos-tall tyder p\u00e5 at norske barn ogs\u00e5 er utsatt og at overgrepene blir mer voldelige.<\/li>\n<\/ul>\n<p>Vis mer <\/p>\n<p class=\"_paragraph_145nj_4 _paragraph_6fko5_10 layout-component text-serif-m layout-normal text-serif-m layout-padded\">Det viser en fersk <a href=\"https:\/\/kommunikasjon.ntb.no\/pressemelding\/19048863\/1-av-5-barn-har-blitt-seksuelt-utnyttet-digitalt-pa-ett-ar?publisherId=17846799&amp;lang=no\" class=\"_link_145nj_39\" rel=\"nofollow noopener\" target=\"_blank\">rapport fra Unicef.<\/a><\/p>\n<p class=\"_paragraph_145nj_4 _paragraph_6fko5_10 layout-component text-serif-m layout-normal text-serif-m layout-padded\">Unders\u00f8kelsen tar for seg rundt 21.000 barn mellom 12 og 17 \u00e5r som bruker internett. <\/p>\n<p class=\"_paragraph_145nj_4 _paragraph_6fko5_10 layout-component text-serif-m layout-normal text-serif-m layout-padded\"><strong class=\"_strong_145nj_25\">Ett av fem svarte at de hadde opplevd minst \u00e9n form for seksuell utnyttelse eller overgrep p\u00e5 nett.<\/strong><\/p>\n<ul class=\"_list_145nj_3 _list_6fko5_9 _unordered_145nj_106 layout-component text-serif-m layout-normal text-serif-m layout-padded\">\n<li class=\"_item_145nj_30\">Over 15 millioner har blitt eksponert for u\u00f8nsket seksuelt innhold. <\/li>\n<li class=\"_item_145nj_30\">Rundt 9 millioner har blitt presset til \u00e5 delta i seksuelle samtaler eller dele bilder mot sin vilje. <\/li>\n<li class=\"_item_145nj_30\">I tillegg ble seksuelle bilder av omtrent 4 millioner barn delt uten at de hadde samtykket.<\/li>\n<\/ul>\n<p>De fleste kjenner overgriperen<\/p>\n<p class=\"_paragraph_145nj_4 _paragraph_6fko5_10 layout-component text-serif-m layout-normal text-serif-m layout-padded\">Nesten 60 prosent av tilfellene skjedde p\u00e5 sosiale medier som Facebook, Instagram, Snapchat, Tiktok og Whatsapp. Ytterligere 14 prosent fant sted i nettspill.<\/p>\n<p><img alt=\"TikTok er blant appene som nevnes i rapporten.  Foto: ANTONIN UTZ \/ AFP \/ NTB\" class=\"_image_jw3bv_65 layout-component layout-normal\" data-fullscreen- data-track-element-type=\"Article image fullscreen\" data-track-name=\"ImageFullscreen\" decoding=\"async\" loading=\"lazy\" height=\"3758\" itemprop=\"image\"  src=\"https:\/\/www.europesays.com\/no\/wp-content\/uploads\/2026\/09\/2eb9e91e-cbf5-3b1d-b9b5-5bb39cefe0eb.jpeg\"  style=\"object-position:0% 0%\" width=\"5637\"\/>TikTok er blant appene som nevnes i rapporten.  Foto: ANTONIN UTZ \/ AFP \/ NTB<\/p>\n<p class=\"_paragraph_145nj_4 _paragraph_6fko5_10 layout-component text-serif-m layout-normal text-serif-m layout-padded\"><strong class=\"_strong_145nj_25\">I 57 prosent av tilfellene kjente barnet overgriperen fra f\u00f8r, mens 38 prosent hadde f\u00f8rst f\u00e5tt kontakt med vedkommende p\u00e5 nettet. <\/strong><\/p>\n<p class=\"_paragraph_145nj_4 _paragraph_6fko5_10 layout-component text-serif-m layout-normal text-serif-m layout-padded\">Over 40 prosent fortalte det aldri til noen, og under 1 prosent av sakene ble meldt til politi, sosialtjenester eller hjelpelinjer.<\/p>\n<p>Risiko ogs\u00e5 i Norge<\/p>\n<p class=\"_paragraph_145nj_4 _paragraph_6fko5_10 layout-component text-serif-m layout-normal text-serif-m layout-padded\">Norge er ikke med i unders\u00f8kelsen, men <a href=\"https:\/\/www.vg.no\/tag\/unicef-norge?utm_source=vg-article&amp;utm_medium=auto-tagger&amp;utm_campaign=Ex5x6A\" class=\"_link_145nj_39\" rel=\"nofollow noopener\" target=\"_blank\">Unicef Norge<\/a> peker p\u00e5 at Kripos-tall tyder p\u00e5 tilsvarende risiko for norske barn.<\/p>\n<p><img decoding=\"async\" alt=\"Bilde av Maria Greenberg Bergheim\" class=\"_image_148z4_25\" height=\"22\" itemprop=\"image\" loading=\"lazy\"  src=\"https:\/\/www.europesays.com\/no\/wp-content\/uploads\/2026\/09\/7ede6b72-ffd4-3773-bdd7-642f761fbc7d.jpeg\"  width=\"40\"\/><strong class=\"_name_148z4_34 title-serif-xs\">Maria Greenberg Bergheim<\/strong><\/p>\n<p class=\"_paragraph_145nj_4 text-sans-m _description_148z4_39\">Generalsekret\u00e6r i UNICEF Norge.<\/p>\n<p class=\"_paragraph_145nj_4 _paragraph_6fko5_10 layout-component text-serif-m layout-normal text-serif-m layout-padded\">\u2013 If\u00f8lge Kripos blir de digitale overgrepene stadig mer voldelige og brukt som \u00f8konomisk pressmiddel, sier generalsekret\u00e6r Maria Greenberg Bergheim i Unicef Norge.<\/p>\n<p class=\"_paragraph_145nj_4 _paragraph_6fko5_10 layout-component text-serif-m layout-normal text-serif-m layout-padded\">\u2013 Og stadig flere yngre blir rammet, sier hun.<\/p>\n","protected":false},"excerpt":{"rendered":"Rundt 20 millioner barn i 21 land ble utsatt i l\u00f8pet av bare ett \u00e5r, viser en rapport&hellip;\n","protected":false},"author":2,"featured_media":342166,"comment_status":"","ping_status":"","sticky":false,"template":"","format":"standard","meta":{"footnotes":"","_share_on_mastodon":"0"},"categories":[5],"tags":[20,21,1832,24,25,15,19,22,23,17,18,13,30,28,29,14,1622,16,832,2046,26,27,26273,18855,4898],"class_list":["post-342165","post","type-post","status-publish","format-standard","has-post-thumbnail","category-overskrifter","tag-breaking-news","tag-breakingnews","tag-facebook","tag-featured-news","tag-featurednews","tag-headlines","tag-hovedoppslag","tag-latest-news","tag-latestnews","tag-main-news","tag-mainnews","tag-news","tag-no","tag-norge","tag-norway","tag-nyheter","tag-overgrep","tag-overskrifter","tag-snapchat","tag-tiktok","tag-top-stories","tag-topstories","tag-unicef","tag-unicef-norge","tag-whatsapp"],"share_on_mastodon":{"url":"https:\/\/pubeurope.com\/@no\/117204415518390384","error":""},"_links":{"self":[{"href":"https:\/\/www.europesays.com\/no\/wp-json\/wp\/v2\/posts\/342165","targetHints":{"allow":["GET"]}}],"collection":[{"href":"https:\/\/www.europesays.com\/no\/wp-json\/wp\/v2\/posts"}],"about":[{"href":"https:\/\/www.europesays.com\/no\/wp-json\/wp\/v2\/types\/post"}],"author":[{"embeddable":true,"href":"https:\/\/www.europesays.com\/no\/wp-json\/wp\/v2\/users\/2"}],"replies":[{"embeddable":true,"href":"https:\/\/www.europesays.com\/no\/wp-json\/wp\/v2\/comments?post=342165"}],"version-history":[{"count":0,"href":"https:\/\/www.europesays.com\/no\/wp-json\/wp\/v2\/posts\/342165\/revisions"}],"wp:featuredmedia":[{"embeddable":true,"href":"https:\/\/www.europesays.com\/no\/wp-json\/wp\/v2\/media\/342166"}],"wp:attachment":[{"href":"https:\/\/www.europesays.com\/no\/wp-json\/wp\/v2\/media?parent=342165"}],"wp:term":[{"taxonomy":"category","embeddable":true,"href":"https:\/\/www.europesays.com\/no\/wp-json\/wp\/v2\/categories?post=342165"},{"taxonomy":"post_tag","embeddable":true,"href":"https:\/\/www.europesays.com\/no\/wp-json\/wp\/v2\/tags?post=342165"}],"curies":[{"name":"wp","href":"https:\/\/api.w.org\/{rel}","templated":true}]}}